{"id":19506,"date":"2018-12-12T10:40:44","date_gmt":"2018-12-12T08:40:44","guid":{"rendered":"https:\/\/www.grupnexus.com\/?p=19506\/"},"modified":"2018-12-12T10:40:44","modified_gmt":"2018-12-12T08:40:44","slug":"tendencias-del-futuro-en-medicina-estetica-segun-skymedic","status":"publish","type":"post","link":"https:\/\/grupnexus.com\/es\/tendencias-del-futuro-en-medicina-estetica-segun-skymedic\/","title":{"rendered":"Tendencias del futuro en medicina est\u00e9tica seg\u00fan Skymedic"},"content":{"rendered":"<p>Eric Casas, director internacional de Skymedic, empresa l\u00edder en el sector de la medicina est\u00e9tica, dermatolog\u00eda y ginecoest\u00e9tica de \u00e1mbito internacional, nos anticipa futuras tendencias en c\u00f3mo abordar el paciente de manera integral.<\/p>\n<p>Con las mejores cl\u00ednicas, profesionales y clusters de todos los continentes, como clientes o partners, Skymedic ofrece una visi\u00f3n avanzada y puntera.<\/p>\n<p>Cl\u00ednica Nexus, seg\u00fan Eric Casas, es considerada como una de las cl\u00ednicas m\u00e1s grandes y mejor equipadas del pa\u00eds. Este posicionamiento responde a la apuesta, desde el primer d\u00eda, para invertir en la \u00faltima tecnolog\u00eda. En esta l\u00ednea, podemos avanzar, que <strong>disponemos en primicia de la nueva Carboxiterapia, Carbtek Advanced de Skymedic, equipo de microinyecci\u00f3n de CO2 calefactado por v\u00eda subcut\u00e1nea: un planchado para la celulitis.<\/strong><\/p>\n<p>Otro de los rasgos diferenciales por los que nos caracterizamos, es el abordaje de cada proceso basado en protocolos m\u00e9dicos definidos previamente, y pudi\u00e9ndolos personalizar en cada caso.<\/p>\n<p>Durante la formaci\u00f3n con Skymedic, se establecieron nuevos enfoques en algunos de nuestros protocolos, como por ejemplo los peelings personalizados con fototerapia led.<\/p>\n<p><strong>Nuestros protocolos pasan de ser 7D a 8D:<\/strong><\/p>\n<p><strong>\u00abDiagn\u00f3stico minucioso con tecnolog\u00eda puntera + Preparaci\u00f3n de la piel o la zona a tratar + Peelings + Cosm\u00e9tica y\/o nutricosm\u00e9tica + Tecnolog\u00eda puntera + Inyectables + Cosm\u00e9tica m\u00e9dica de alta calidad en cabina o consulta + Terapia fotobiodin\u00e1mica o leds\u00bb.<\/strong><\/p>\n<p>&nbsp;<\/p>\n<p>Siguiendo las 5P de la Medicina del Futuro, hacemos que el paciente participe de su propio resultado, as\u00ed pues, con la cosm\u00e9tica y nutricosm\u00e9tica a domicilio conseguimos prolongar en el tiempo la duraci\u00f3n del tratamiento.<\/p>\n","protected":false},"excerpt":{"rendered":"<p>Eric Casas, director internacional de Skymedic, empresa l\u00edder en el sector de la medicina est\u00e9tica, dermatolog\u00eda y ginecoest\u00e9tica de \u00e1mbito internacional, nos anticipa futuras tendencias en c\u00f3mo abordar el paciente de manera integral. Con las mejores cl\u00ednicas, profesionales y clusters de todos los continentes, como clientes o partners, Skymedic ofrece una visi\u00f3n avanzada y puntera&#8230;.<\/p>\n","protected":false},"author":6,"featured_media":19505,"comment_status":"closed","ping_status":"closed","sticky":false,"template":"","format":"standard","meta":[],"categories":[2,330,526],"tags":[536],"yoast_head":"<!-- This site is optimized with the Yoast SEO plugin v18.6 - https:\/\/yoast.com\/wordpress\/plugins\/seo\/ -->\n<title>Tendencias del futuro en medicina est\u00e9tica seg\u00fan Skymedic<\/title>\n<meta name=\"robots\" content=\"index, follow, max-snippet:-1, max-image-preview:large, max-video-preview:-1\" \/>\n<link rel=\"canonical\" href=\"https:\/\/grupnexus.com\/es\/tendencias-del-futuro-en-medicina-estetica-segun-skymedic\/\" \/>\n<meta property=\"og:locale\" content=\"es_ES\" \/>\n<meta property=\"og:type\" content=\"article\" \/>\n<meta property=\"og:title\" content=\"Tendencias del futuro en medicina est\u00e9tica seg\u00fan Skymedic\" \/>\n<meta property=\"og:description\" content=\"Eric Casas, director internacional de Skymedic, empresa l\u00edder en el sector de la medicina est\u00e9tica, dermatolog\u00eda y ginecoest\u00e9tica de \u00e1mbito internacional, nos anticipa futuras tendencias en c\u00f3mo abordar el paciente de manera integral. Con las mejores cl\u00ednicas, profesionales y clusters de todos los continentes, como clientes o partners, Skymedic ofrece una visi\u00f3n avanzada y puntera....\" \/>\n<meta property=\"og:url\" content=\"https:\/\/grupnexus.com\/es\/tendencias-del-futuro-en-medicina-estetica-segun-skymedic\/\" \/>\n<meta property=\"og:site_name\" content=\"Cl\u00ednica Nexus\" \/>\n<meta property=\"article:published_time\" content=\"2018-12-12T08:40:44+00:00\" \/>\n<meta property=\"og:image\" content=\"https:\/\/i0.wp.com\/grupnexus.com\/wp-content\/uploads\/2018\/12\/M\u00e9s-apaisada.jpg?fit=793%2C590&#038;ssl=1\" \/>\n\t<meta property=\"og:image:width\" content=\"793\" \/>\n\t<meta property=\"og:image:height\" content=\"590\" \/>\n\t<meta property=\"og:image:type\" content=\"image\/jpeg\" \/>\n<meta name=\"twitter:card\" content=\"summary\" \/>\n<meta name=\"twitter:label1\" content=\"Escrito por\" \/>\n\t<meta name=\"twitter:data1\" content=\"Cl\u00ednica Nexus\" \/>\n\t<meta name=\"twitter:label2\" content=\"Tiempo de lectura\" \/>\n\t<meta name=\"twitter:data2\" content=\"1 minuto\" \/>\n<script type=\"application\/ld+json\" class=\"yoast-schema-graph\">{\"@context\":\"https:\/\/schema.org\",\"@graph\":[{\"@type\":\"WebSite\",\"@id\":\"https:\/\/grupnexus.com\/es\/#website\",\"url\":\"https:\/\/grupnexus.com\/es\/\",\"name\":\"Cl\u00ednica Nexus\",\"description\":\"L\u00edders en Medicina Est\u00e8tica Avan\u00e7ada\",\"potentialAction\":[{\"@type\":\"SearchAction\",\"target\":{\"@type\":\"EntryPoint\",\"urlTemplate\":\"https:\/\/grupnexus.com\/es\/?s={search_term_string}\"},\"query-input\":\"required name=search_term_string\"}],\"inLanguage\":\"es\"},{\"@type\":\"ImageObject\",\"@id\":\"https:\/\/grupnexus.com\/es\/tendencias-del-futuro-en-medicina-estetica-segun-skymedic\/#primaryimage\",\"inLanguage\":\"es\",\"url\":\"https:\/\/grupnexus.com\/wp-content\/uploads\/2018\/12\/M\u00e9s-apaisada.jpg\",\"contentUrl\":\"https:\/\/grupnexus.com\/wp-content\/uploads\/2018\/12\/M\u00e9s-apaisada.jpg\",\"width\":793,\"height\":590},{\"@type\":\"WebPage\",\"@id\":\"https:\/\/grupnexus.com\/es\/tendencias-del-futuro-en-medicina-estetica-segun-skymedic\/#webpage\",\"url\":\"https:\/\/grupnexus.com\/es\/tendencias-del-futuro-en-medicina-estetica-segun-skymedic\/\",\"name\":\"Tendencias del futuro en medicina est\u00e9tica seg\u00fan Skymedic\",\"isPartOf\":{\"@id\":\"https:\/\/grupnexus.com\/es\/#website\"},\"primaryImageOfPage\":{\"@id\":\"https:\/\/grupnexus.com\/es\/tendencias-del-futuro-en-medicina-estetica-segun-skymedic\/#primaryimage\"},\"datePublished\":\"2018-12-12T08:40:44+00:00\",\"dateModified\":\"2018-12-12T08:40:44+00:00\",\"author\":{\"@id\":\"https:\/\/grupnexus.com\/es\/#\/schema\/person\/7d42f30e6bd203d23a2c1613b51145c3\"},\"breadcrumb\":{\"@id\":\"https:\/\/grupnexus.com\/es\/tendencias-del-futuro-en-medicina-estetica-segun-skymedic\/#breadcrumb\"},\"inLanguage\":\"es\",\"potentialAction\":[{\"@type\":\"ReadAction\",\"target\":[\"https:\/\/grupnexus.com\/es\/tendencias-del-futuro-en-medicina-estetica-segun-skymedic\/\"]}]},{\"@type\":\"BreadcrumbList\",\"@id\":\"https:\/\/grupnexus.com\/es\/tendencias-del-futuro-en-medicina-estetica-segun-skymedic\/#breadcrumb\",\"itemListElement\":[{\"@type\":\"ListItem\",\"position\":1,\"name\":\"Portada\",\"item\":\"https:\/\/grupnexus.com\/es\/\"},{\"@type\":\"ListItem\",\"position\":2,\"name\":\"Tendencias del futuro en medicina est\u00e9tica seg\u00fan Skymedic\"}]},{\"@type\":\"Person\",\"@id\":\"https:\/\/grupnexus.com\/es\/#\/schema\/person\/7d42f30e6bd203d23a2c1613b51145c3\",\"name\":\"Cl\u00ednica Nexus\",\"image\":{\"@type\":\"ImageObject\",\"@id\":\"https:\/\/grupnexus.com\/es\/#personlogo\",\"inLanguage\":\"es\",\"url\":\"https:\/\/secure.gravatar.com\/avatar\/f1f98ef0d641a3a6af0accea5a5971ef?s=96&d=mm&r=g\",\"contentUrl\":\"https:\/\/secure.gravatar.com\/avatar\/f1f98ef0d641a3a6af0accea5a5971ef?s=96&d=mm&r=g\",\"caption\":\"Cl\u00ednica Nexus\"}}]}<\/script>\n<!-- \/ Yoast SEO plugin. -->","yoast_head_json":{"title":"Tendencias del futuro en medicina est\u00e9tica seg\u00fan Skymedic","robots":{"index":"index","follow":"follow","max-snippet":"max-snippet:-1","max-image-preview":"max-image-preview:large","max-video-preview":"max-video-preview:-1"},"canonical":"https:\/\/grupnexus.com\/es\/tendencias-del-futuro-en-medicina-estetica-segun-skymedic\/","og_locale":"es_ES","og_type":"article","og_title":"Tendencias del futuro en medicina est\u00e9tica seg\u00fan Skymedic","og_description":"Eric Casas, director internacional de Skymedic, empresa l\u00edder en el sector de la medicina est\u00e9tica, dermatolog\u00eda y ginecoest\u00e9tica de \u00e1mbito internacional, nos anticipa futuras tendencias en c\u00f3mo abordar el paciente de manera integral. Con las mejores cl\u00ednicas, profesionales y clusters de todos los continentes, como clientes o partners, Skymedic ofrece una visi\u00f3n avanzada y puntera....","og_url":"https:\/\/grupnexus.com\/es\/tendencias-del-futuro-en-medicina-estetica-segun-skymedic\/","og_site_name":"Cl\u00ednica Nexus","article_published_time":"2018-12-12T08:40:44+00:00","og_image":[{"width":793,"height":590,"url":"https:\/\/i0.wp.com\/grupnexus.com\/wp-content\/uploads\/2018\/12\/M\u00e9s-apaisada.jpg?fit=793%2C590&ssl=1","type":"image\/jpeg"}],"twitter_card":"summary","twitter_misc":{"Escrito por":"Cl\u00ednica Nexus","Tiempo de lectura":"1 minuto"},"schema":{"@context":"https:\/\/schema.org","@graph":[{"@type":"WebSite","@id":"https:\/\/grupnexus.com\/es\/#website","url":"https:\/\/grupnexus.com\/es\/","name":"Cl\u00ednica Nexus","description":"L\u00edders en Medicina Est\u00e8tica Avan\u00e7ada","potentialAction":[{"@type":"SearchAction","target":{"@type":"EntryPoint","urlTemplate":"https:\/\/grupnexus.com\/es\/?s={search_term_string}"},"query-input":"required name=search_term_string"}],"inLanguage":"es"},{"@type":"ImageObject","@id":"https:\/\/grupnexus.com\/es\/tendencias-del-futuro-en-medicina-estetica-segun-skymedic\/#primaryimage","inLanguage":"es","url":"https:\/\/grupnexus.com\/wp-content\/uploads\/2018\/12\/M\u00e9s-apaisada.jpg","contentUrl":"https:\/\/grupnexus.com\/wp-content\/uploads\/2018\/12\/M\u00e9s-apaisada.jpg","width":793,"height":590},{"@type":"WebPage","@id":"https:\/\/grupnexus.com\/es\/tendencias-del-futuro-en-medicina-estetica-segun-skymedic\/#webpage","url":"https:\/\/grupnexus.com\/es\/tendencias-del-futuro-en-medicina-estetica-segun-skymedic\/","name":"Tendencias del futuro en medicina est\u00e9tica seg\u00fan Skymedic","isPartOf":{"@id":"https:\/\/grupnexus.com\/es\/#website"},"primaryImageOfPage":{"@id":"https:\/\/grupnexus.com\/es\/tendencias-del-futuro-en-medicina-estetica-segun-skymedic\/#primaryimage"},"datePublished":"2018-12-12T08:40:44+00:00","dateModified":"2018-12-12T08:40:44+00:00","author":{"@id":"https:\/\/grupnexus.com\/es\/#\/schema\/person\/7d42f30e6bd203d23a2c1613b51145c3"},"breadcrumb":{"@id":"https:\/\/grupnexus.com\/es\/tendencias-del-futuro-en-medicina-estetica-segun-skymedic\/#breadcrumb"},"inLanguage":"es","potentialAction":[{"@type":"ReadAction","target":["https:\/\/grupnexus.com\/es\/tendencias-del-futuro-en-medicina-estetica-segun-skymedic\/"]}]},{"@type":"BreadcrumbList","@id":"https:\/\/grupnexus.com\/es\/tendencias-del-futuro-en-medicina-estetica-segun-skymedic\/#breadcrumb","itemListElement":[{"@type":"ListItem","position":1,"name":"Portada","item":"https:\/\/grupnexus.com\/es\/"},{"@type":"ListItem","position":2,"name":"Tendencias del futuro en medicina est\u00e9tica seg\u00fan Skymedic"}]},{"@type":"Person","@id":"https:\/\/grupnexus.com\/es\/#\/schema\/person\/7d42f30e6bd203d23a2c1613b51145c3","name":"Cl\u00ednica Nexus","image":{"@type":"ImageObject","@id":"https:\/\/grupnexus.com\/es\/#personlogo","inLanguage":"es","url":"https:\/\/secure.gravatar.com\/avatar\/f1f98ef0d641a3a6af0accea5a5971ef?s=96&d=mm&r=g","contentUrl":"https:\/\/secure.gravatar.com\/avatar\/f1f98ef0d641a3a6af0accea5a5971ef?s=96&d=mm&r=g","caption":"Cl\u00ednica Nexus"}}]}},"_links":{"self":[{"href":"https:\/\/grupnexus.com\/es\/wp-json\/wp\/v2\/posts\/19506"}],"collection":[{"href":"https:\/\/grupnexus.com\/es\/wp-json\/wp\/v2\/posts"}],"about":[{"href":"https:\/\/grupnexus.com\/es\/wp-json\/wp\/v2\/types\/post"}],"author":[{"embeddable":true,"href":"https:\/\/grupnexus.com\/es\/wp-json\/wp\/v2\/users\/6"}],"replies":[{"embeddable":true,"href":"https:\/\/grupnexus.com\/es\/wp-json\/wp\/v2\/comments?post=19506"}],"version-history":[{"count":2,"href":"https:\/\/grupnexus.com\/es\/wp-json\/wp\/v2\/posts\/19506\/revisions"}],"predecessor-version":[{"id":19509,"href":"https:\/\/grupnexus.com\/es\/wp-json\/wp\/v2\/posts\/19506\/revisions\/19509"}],"wp:featuredmedia":[{"embeddable":true,"href":"https:\/\/grupnexus.com\/es\/wp-json\/wp\/v2\/media\/19505"}],"wp:attachment":[{"href":"https:\/\/grupnexus.com\/es\/wp-json\/wp\/v2\/media?parent=19506"}],"wp:term":[{"taxonomy":"category","embeddable":true,"href":"https:\/\/grupnexus.com\/es\/wp-json\/wp\/v2\/categories?post=19506"},{"taxonomy":"post_tag","embeddable":true,"href":"https:\/\/grupnexus.com\/es\/wp-json\/wp\/v2\/tags?post=19506"}],"curies":[{"name":"wp","href":"https:\/\/api.w.org\/{rel}","templated":true}]}}