{"id":19685,"date":"2018-12-17T14:39:49","date_gmt":"2018-12-17T12:39:49","guid":{"rendered":"https:\/\/www.grupnexus.com\/?p=19685\/"},"modified":"2018-12-17T14:44:12","modified_gmt":"2018-12-17T12:44:12","slug":"nexus-solidario-patrocina-la-38a-pujada-a-la-seu-vella","status":"publish","type":"post","link":"https:\/\/grupnexus.com\/es\/nexus-solidario-patrocina-la-38a-pujada-a-la-seu-vella\/","title":{"rendered":"Nexus Solidario patrocina la 38\u00aa Pujada a la Seu Vella"},"content":{"rendered":"<p><strong>Lleida, 16 de diciembre de 2018.-<\/strong> Cl\u00ednica Nexus, se mantiene fiel un a\u00f1o m\u00e1s como patrocinador, en la 38\u00aa Pujada a la Seu Vella y 3\u00aa Caminata organizada por el Club Esportiu Seu Vella.<\/p>\n<p>M\u00e1s de 750 participantes, en las diferentes modalidades: carrera, caminata y carreras escolares.<\/p>\n<p>Dos objetivos acogen la Pujada a la Seu Vella: reivindicar el conjunto del Tur\u00f3 como Patrimonio Mundial de la Unesco; y recaudar dinero para la Marat\u00f3n de TV3 para la lucha contra el c\u00e1ncer.<\/p>\n<p><img loading=\"lazy\" class=\"aligncenter wp-image-19680 size-full\" src=\"https:\/\/grupnexus.com\/wp-content\/uploads\/2018\/12\/Sortida.jpg\" alt=\"cursa solidaria\" width=\"990\" height=\"660\" srcset=\"https:\/\/grupnexus.com\/wp-content\/uploads\/2018\/12\/Sortida.jpg 990w, https:\/\/grupnexus.com\/wp-content\/uploads\/2018\/12\/Sortida-510x340.jpg 510w, https:\/\/grupnexus.com\/wp-content\/uploads\/2018\/12\/Sortida-300x200.jpg 300w, https:\/\/grupnexus.com\/wp-content\/uploads\/2018\/12\/Sortida-768x512.jpg 768w, https:\/\/grupnexus.com\/wp-content\/uploads\/2018\/12\/Sortida-555x370.jpg 555w, https:\/\/grupnexus.com\/wp-content\/uploads\/2018\/12\/Sortida-360x240.jpg 360w, https:\/\/grupnexus.com\/wp-content\/uploads\/2018\/12\/Sortida-262x175.jpg 262w\" sizes=\"(max-width: 990px) 100vw, 990px\" \/><\/p>\n<p>Esta \u00faltima es una de <strong>las causas por la que m\u00e1s luchamos en Cl\u00ednica Nexus<\/strong>, apoyando\u00a0 diferentes acciones que se encaminan a lograr una mayor investigaci\u00f3n biom\u00e9dica, as\u00ed como tambi\u00e9n a aquellas que brindan un acompa\u00f1amiento a pacientes y familiares que la padecen.<\/p>\n<p>Recordemos que la Marat\u00f3 de TV3 ha recaudado este a\u00f1o 10.715.430 de euros, la cifra m\u00e1s alta hasta el momento, y a\u00fan puede aumentar en los pr\u00f3ximos meses.<\/p>\n<p>En Catalunya, cada a\u00f1o se detectan 36.000 casos de c\u00e1ncer. Con un elevado n\u00famero de supervivencia gracias a la detecci\u00f3n precoz.<\/p>\n<p>Seg\u00fan informan distintos medios, el 30% de la investigaci\u00f3n biom\u00e9dica, dirigida al diagn\u00f3stico, el tratamiento y la prevenci\u00f3n de enfermedades, se centra en el c\u00e1ncer, seg\u00fan un estudio de la patronal de empresas biotecnol\u00f3gicas. Una de las terapias m\u00e1s revolucionarias son las inmunol\u00f3gicas, que intensifican la capacidad del sistema inmunol\u00f3gico para combatir el c\u00e1ncer, con lo que el tratamiento se centra en cada persona.<\/p>\n<p><img loading=\"lazy\" class=\"aligncenter size-large wp-image-19681\" src=\"https:\/\/grupnexus.com\/wp-content\/uploads\/2018\/12\/Sol-Fondevila-Nexus-Pujada-Seu-Vella-1024x578.jpg\" alt=\"sol fondevila cursa solidaria\" width=\"1024\" height=\"578\" srcset=\"https:\/\/grupnexus.com\/wp-content\/uploads\/2018\/12\/Sol-Fondevila-Nexus-Pujada-Seu-Vella-1024x578.jpg 1024w, https:\/\/grupnexus.com\/wp-content\/uploads\/2018\/12\/Sol-Fondevila-Nexus-Pujada-Seu-Vella-510x288.jpg 510w, https:\/\/grupnexus.com\/wp-content\/uploads\/2018\/12\/Sol-Fondevila-Nexus-Pujada-Seu-Vella-300x169.jpg 300w, https:\/\/grupnexus.com\/wp-content\/uploads\/2018\/12\/Sol-Fondevila-Nexus-Pujada-Seu-Vella-768x433.jpg 768w, https:\/\/grupnexus.com\/wp-content\/uploads\/2018\/12\/Sol-Fondevila-Nexus-Pujada-Seu-Vella-1140x643.jpg 1140w, https:\/\/grupnexus.com\/wp-content\/uploads\/2018\/12\/Sol-Fondevila-Nexus-Pujada-Seu-Vella-555x313.jpg 555w, https:\/\/grupnexus.com\/wp-content\/uploads\/2018\/12\/Sol-Fondevila-Nexus-Pujada-Seu-Vella-360x203.jpg 360w, https:\/\/grupnexus.com\/wp-content\/uploads\/2018\/12\/Sol-Fondevila-Nexus-Pujada-Seu-Vella-262x148.jpg 262w, https:\/\/grupnexus.com\/wp-content\/uploads\/2018\/12\/Sol-Fondevila-Nexus-Pujada-Seu-Vella.jpg 1600w\" sizes=\"(max-width: 1024px) 100vw, 1024px\" \/><\/p>\n<p>&nbsp;<\/p>\n<blockquote><p><a href=\"https:\/\/grupnexus.com\/es\/nexus-solidario\/\">Nexus Solidario<\/a> es el coraz\u00f3n de la Cl\u00ednica que, tiene por objetivo luchar por erradicar enfermedades, desigualdades e iniquidades. En este caso, patrocinando la 38\u00aa Pujada a la Seu Vella, hemos colaborado en la recaudaci\u00f3n de fondos para la Marat\u00f3n de TV3 destinado al c\u00e1ncer.<\/p><\/blockquote>\n<p><img loading=\"lazy\" class=\"aligncenter size-full wp-image-19682\" src=\"https:\/\/grupnexus.com\/wp-content\/uploads\/2018\/12\/Cursa.jpg\" alt=\"cursa solidaria seu vella\" width=\"990\" height=\"1485\" srcset=\"https:\/\/grupnexus.com\/wp-content\/uploads\/2018\/12\/Cursa.jpg 990w, https:\/\/grupnexus.com\/wp-content\/uploads\/2018\/12\/Cursa-510x765.jpg 510w, https:\/\/grupnexus.com\/wp-content\/uploads\/2018\/12\/Cursa-200x300.jpg 200w, https:\/\/grupnexus.com\/wp-content\/uploads\/2018\/12\/Cursa-768x1152.jpg 768w, https:\/\/grupnexus.com\/wp-content\/uploads\/2018\/12\/Cursa-683x1024.jpg 683w, https:\/\/grupnexus.com\/wp-content\/uploads\/2018\/12\/Cursa-512x768.jpg 512w, https:\/\/grupnexus.com\/wp-content\/uploads\/2018\/12\/Cursa-555x833.jpg 555w, https:\/\/grupnexus.com\/wp-content\/uploads\/2018\/12\/Cursa-360x540.jpg 360w, https:\/\/grupnexus.com\/wp-content\/uploads\/2018\/12\/Cursa-262x393.jpg 262w\" sizes=\"(max-width: 990px) 100vw, 990px\" \/><\/p>\n<p>&nbsp;<\/p>\n<p>*Fotos\u00a0<a href=\"http:\/\/segre.com\/\" target=\"_blank\" rel=\"noopener\" data-saferedirecturl=\"https:\/\/www.google.com\/url?q=http:\/\/Segre.com&amp;source=gmail&amp;ust=1545132329054000&amp;usg=AFQjCNEJrokeb2oKNDKKNnormYJHjhvOvg\">Segre.com<\/a><\/p>\n","protected":false},"excerpt":{"rendered":"<p>Lleida, 16 de diciembre de 2018.- Cl\u00ednica Nexus, se mantiene fiel un a\u00f1o m\u00e1s como patrocinador, en la 38\u00aa Pujada a la Seu Vella y 3\u00aa Caminata organizada por el Club Esportiu Seu Vella. M\u00e1s de 750 participantes, en las diferentes modalidades: carrera, caminata y carreras escolares. Dos objetivos acogen la Pujada a la Seu&#8230;<\/p>\n","protected":false},"author":6,"featured_media":19679,"comment_status":"closed","ping_status":"closed","sticky":false,"template":"","format":"standard","meta":[],"categories":[2,330,358],"tags":[532,537],"yoast_head":"<!-- This site is optimized with the Yoast SEO plugin v18.6 - https:\/\/yoast.com\/wordpress\/plugins\/seo\/ -->\n<title>Nexus Solidario patrocina la 38\u00aa Pujada a la Seu Vella<\/title>\n<meta name=\"robots\" content=\"index, follow, max-snippet:-1, max-image-preview:large, max-video-preview:-1\" \/>\n<link rel=\"canonical\" href=\"https:\/\/grupnexus.com\/es\/nexus-solidario-patrocina-la-38a-pujada-a-la-seu-vella\/\" \/>\n<meta property=\"og:locale\" content=\"es_ES\" \/>\n<meta property=\"og:type\" content=\"article\" \/>\n<meta property=\"og:title\" content=\"Nexus Solidario patrocina la 38\u00aa Pujada a la Seu Vella\" \/>\n<meta property=\"og:description\" content=\"Lleida, 16 de diciembre de 2018.- Cl\u00ednica Nexus, se mantiene fiel un a\u00f1o m\u00e1s como patrocinador, en la 38\u00aa Pujada a la Seu Vella y 3\u00aa Caminata organizada por el Club Esportiu Seu Vella. M\u00e1s de 750 participantes, en las diferentes modalidades: carrera, caminata y carreras escolares. Dos objetivos acogen la Pujada a la Seu...\" \/>\n<meta property=\"og:url\" content=\"https:\/\/grupnexus.com\/es\/nexus-solidario-patrocina-la-38a-pujada-a-la-seu-vella\/\" \/>\n<meta property=\"og:site_name\" content=\"Cl\u00ednica Nexus\" \/>\n<meta property=\"article:published_time\" content=\"2018-12-17T12:39:49+00:00\" \/>\n<meta property=\"article:modified_time\" content=\"2018-12-17T12:44:12+00:00\" \/>\n<meta property=\"og:image\" content=\"https:\/\/i0.wp.com\/grupnexus.com\/wp-content\/uploads\/2018\/12\/Baixada.jpg?fit=990%2C377&#038;ssl=1\" \/>\n\t<meta property=\"og:image:width\" content=\"990\" \/>\n\t<meta property=\"og:image:height\" content=\"377\" \/>\n\t<meta property=\"og:image:type\" content=\"image\/jpeg\" \/>\n<meta name=\"twitter:card\" content=\"summary\" \/>\n<meta name=\"twitter:label1\" content=\"Escrito por\" \/>\n\t<meta name=\"twitter:data1\" content=\"Cl\u00ednica Nexus\" \/>\n\t<meta name=\"twitter:label2\" content=\"Tiempo de lectura\" \/>\n\t<meta name=\"twitter:data2\" content=\"2 minutos\" \/>\n<script type=\"application\/ld+json\" class=\"yoast-schema-graph\">{\"@context\":\"https:\/\/schema.org\",\"@graph\":[{\"@type\":\"WebSite\",\"@id\":\"https:\/\/grupnexus.com\/es\/#website\",\"url\":\"https:\/\/grupnexus.com\/es\/\",\"name\":\"Cl\u00ednica Nexus\",\"description\":\"L\u00edders en Medicina Est\u00e8tica Avan\u00e7ada\",\"potentialAction\":[{\"@type\":\"SearchAction\",\"target\":{\"@type\":\"EntryPoint\",\"urlTemplate\":\"https:\/\/grupnexus.com\/es\/?s={search_term_string}\"},\"query-input\":\"required name=search_term_string\"}],\"inLanguage\":\"es\"},{\"@type\":\"ImageObject\",\"@id\":\"https:\/\/grupnexus.com\/es\/nexus-solidario-patrocina-la-38a-pujada-a-la-seu-vella\/#primaryimage\",\"inLanguage\":\"es\",\"url\":\"https:\/\/grupnexus.com\/wp-content\/uploads\/2018\/12\/Baixada.jpg\",\"contentUrl\":\"https:\/\/grupnexus.com\/wp-content\/uploads\/2018\/12\/Baixada.jpg\",\"width\":990,\"height\":377,\"caption\":\"pujada seu vella\"},{\"@type\":\"WebPage\",\"@id\":\"https:\/\/grupnexus.com\/es\/nexus-solidario-patrocina-la-38a-pujada-a-la-seu-vella\/#webpage\",\"url\":\"https:\/\/grupnexus.com\/es\/nexus-solidario-patrocina-la-38a-pujada-a-la-seu-vella\/\",\"name\":\"Nexus Solidario patrocina la 38\u00aa Pujada a la Seu Vella\",\"isPartOf\":{\"@id\":\"https:\/\/grupnexus.com\/es\/#website\"},\"primaryImageOfPage\":{\"@id\":\"https:\/\/grupnexus.com\/es\/nexus-solidario-patrocina-la-38a-pujada-a-la-seu-vella\/#primaryimage\"},\"datePublished\":\"2018-12-17T12:39:49+00:00\",\"dateModified\":\"2018-12-17T12:44:12+00:00\",\"author\":{\"@id\":\"https:\/\/grupnexus.com\/es\/#\/schema\/person\/7d42f30e6bd203d23a2c1613b51145c3\"},\"breadcrumb\":{\"@id\":\"https:\/\/grupnexus.com\/es\/nexus-solidario-patrocina-la-38a-pujada-a-la-seu-vella\/#breadcrumb\"},\"inLanguage\":\"es\",\"potentialAction\":[{\"@type\":\"ReadAction\",\"target\":[\"https:\/\/grupnexus.com\/es\/nexus-solidario-patrocina-la-38a-pujada-a-la-seu-vella\/\"]}]},{\"@type\":\"BreadcrumbList\",\"@id\":\"https:\/\/grupnexus.com\/es\/nexus-solidario-patrocina-la-38a-pujada-a-la-seu-vella\/#breadcrumb\",\"itemListElement\":[{\"@type\":\"ListItem\",\"position\":1,\"name\":\"Portada\",\"item\":\"https:\/\/grupnexus.com\/es\/\"},{\"@type\":\"ListItem\",\"position\":2,\"name\":\"Nexus Solidario patrocina la 38\u00aa Pujada a la Seu Vella\"}]},{\"@type\":\"Person\",\"@id\":\"https:\/\/grupnexus.com\/es\/#\/schema\/person\/7d42f30e6bd203d23a2c1613b51145c3\",\"name\":\"Cl\u00ednica Nexus\",\"image\":{\"@type\":\"ImageObject\",\"@id\":\"https:\/\/grupnexus.com\/es\/#personlogo\",\"inLanguage\":\"es\",\"url\":\"https:\/\/secure.gravatar.com\/avatar\/f1f98ef0d641a3a6af0accea5a5971ef?s=96&d=mm&r=g\",\"contentUrl\":\"https:\/\/secure.gravatar.com\/avatar\/f1f98ef0d641a3a6af0accea5a5971ef?s=96&d=mm&r=g\",\"caption\":\"Cl\u00ednica Nexus\"}}]}<\/script>\n<!-- \/ Yoast SEO plugin. -->","yoast_head_json":{"title":"Nexus Solidario patrocina la 38\u00aa Pujada a la Seu Vella","robots":{"index":"index","follow":"follow","max-snippet":"max-snippet:-1","max-image-preview":"max-image-preview:large","max-video-preview":"max-video-preview:-1"},"canonical":"https:\/\/grupnexus.com\/es\/nexus-solidario-patrocina-la-38a-pujada-a-la-seu-vella\/","og_locale":"es_ES","og_type":"article","og_title":"Nexus Solidario patrocina la 38\u00aa Pujada a la Seu Vella","og_description":"Lleida, 16 de diciembre de 2018.- Cl\u00ednica Nexus, se mantiene fiel un a\u00f1o m\u00e1s como patrocinador, en la 38\u00aa Pujada a la Seu Vella y 3\u00aa Caminata organizada por el Club Esportiu Seu Vella. M\u00e1s de 750 participantes, en las diferentes modalidades: carrera, caminata y carreras escolares. Dos objetivos acogen la Pujada a la Seu...","og_url":"https:\/\/grupnexus.com\/es\/nexus-solidario-patrocina-la-38a-pujada-a-la-seu-vella\/","og_site_name":"Cl\u00ednica Nexus","article_published_time":"2018-12-17T12:39:49+00:00","article_modified_time":"2018-12-17T12:44:12+00:00","og_image":[{"width":990,"height":377,"url":"https:\/\/i0.wp.com\/grupnexus.com\/wp-content\/uploads\/2018\/12\/Baixada.jpg?fit=990%2C377&ssl=1","type":"image\/jpeg"}],"twitter_card":"summary","twitter_misc":{"Escrito por":"Cl\u00ednica Nexus","Tiempo de lectura":"2 minutos"},"schema":{"@context":"https:\/\/schema.org","@graph":[{"@type":"WebSite","@id":"https:\/\/grupnexus.com\/es\/#website","url":"https:\/\/grupnexus.com\/es\/","name":"Cl\u00ednica Nexus","description":"L\u00edders en Medicina Est\u00e8tica Avan\u00e7ada","potentialAction":[{"@type":"SearchAction","target":{"@type":"EntryPoint","urlTemplate":"https:\/\/grupnexus.com\/es\/?s={search_term_string}"},"query-input":"required name=search_term_string"}],"inLanguage":"es"},{"@type":"ImageObject","@id":"https:\/\/grupnexus.com\/es\/nexus-solidario-patrocina-la-38a-pujada-a-la-seu-vella\/#primaryimage","inLanguage":"es","url":"https:\/\/grupnexus.com\/wp-content\/uploads\/2018\/12\/Baixada.jpg","contentUrl":"https:\/\/grupnexus.com\/wp-content\/uploads\/2018\/12\/Baixada.jpg","width":990,"height":377,"caption":"pujada seu vella"},{"@type":"WebPage","@id":"https:\/\/grupnexus.com\/es\/nexus-solidario-patrocina-la-38a-pujada-a-la-seu-vella\/#webpage","url":"https:\/\/grupnexus.com\/es\/nexus-solidario-patrocina-la-38a-pujada-a-la-seu-vella\/","name":"Nexus Solidario patrocina la 38\u00aa Pujada a la Seu Vella","isPartOf":{"@id":"https:\/\/grupnexus.com\/es\/#website"},"primaryImageOfPage":{"@id":"https:\/\/grupnexus.com\/es\/nexus-solidario-patrocina-la-38a-pujada-a-la-seu-vella\/#primaryimage"},"datePublished":"2018-12-17T12:39:49+00:00","dateModified":"2018-12-17T12:44:12+00:00","author":{"@id":"https:\/\/grupnexus.com\/es\/#\/schema\/person\/7d42f30e6bd203d23a2c1613b51145c3"},"breadcrumb":{"@id":"https:\/\/grupnexus.com\/es\/nexus-solidario-patrocina-la-38a-pujada-a-la-seu-vella\/#breadcrumb"},"inLanguage":"es","potentialAction":[{"@type":"ReadAction","target":["https:\/\/grupnexus.com\/es\/nexus-solidario-patrocina-la-38a-pujada-a-la-seu-vella\/"]}]},{"@type":"BreadcrumbList","@id":"https:\/\/grupnexus.com\/es\/nexus-solidario-patrocina-la-38a-pujada-a-la-seu-vella\/#breadcrumb","itemListElement":[{"@type":"ListItem","position":1,"name":"Portada","item":"https:\/\/grupnexus.com\/es\/"},{"@type":"ListItem","position":2,"name":"Nexus Solidario patrocina la 38\u00aa Pujada a la Seu Vella"}]},{"@type":"Person","@id":"https:\/\/grupnexus.com\/es\/#\/schema\/person\/7d42f30e6bd203d23a2c1613b51145c3","name":"Cl\u00ednica Nexus","image":{"@type":"ImageObject","@id":"https:\/\/grupnexus.com\/es\/#personlogo","inLanguage":"es","url":"https:\/\/secure.gravatar.com\/avatar\/f1f98ef0d641a3a6af0accea5a5971ef?s=96&d=mm&r=g","contentUrl":"https:\/\/secure.gravatar.com\/avatar\/f1f98ef0d641a3a6af0accea5a5971ef?s=96&d=mm&r=g","caption":"Cl\u00ednica Nexus"}}]}},"_links":{"self":[{"href":"https:\/\/grupnexus.com\/es\/wp-json\/wp\/v2\/posts\/19685"}],"collection":[{"href":"https:\/\/grupnexus.com\/es\/wp-json\/wp\/v2\/posts"}],"about":[{"href":"https:\/\/grupnexus.com\/es\/wp-json\/wp\/v2\/types\/post"}],"author":[{"embeddable":true,"href":"https:\/\/grupnexus.com\/es\/wp-json\/wp\/v2\/users\/6"}],"replies":[{"embeddable":true,"href":"https:\/\/grupnexus.com\/es\/wp-json\/wp\/v2\/comments?post=19685"}],"version-history":[{"count":2,"href":"https:\/\/grupnexus.com\/es\/wp-json\/wp\/v2\/posts\/19685\/revisions"}],"predecessor-version":[{"id":19689,"href":"https:\/\/grupnexus.com\/es\/wp-json\/wp\/v2\/posts\/19685\/revisions\/19689"}],"wp:featuredmedia":[{"embeddable":true,"href":"https:\/\/grupnexus.com\/es\/wp-json\/wp\/v2\/media\/19679"}],"wp:attachment":[{"href":"https:\/\/grupnexus.com\/es\/wp-json\/wp\/v2\/media?parent=19685"}],"wp:term":[{"taxonomy":"category","embeddable":true,"href":"https:\/\/grupnexus.com\/es\/wp-json\/wp\/v2\/categories?post=19685"},{"taxonomy":"post_tag","embeddable":true,"href":"https:\/\/grupnexus.com\/es\/wp-json\/wp\/v2\/tags?post=19685"}],"curies":[{"name":"wp","href":"https:\/\/api.w.org\/{rel}","templated":true}]}}