{"id":20982,"date":"2019-02-06T12:56:26","date_gmt":"2019-02-06T10:56:26","guid":{"rendered":"https:\/\/www.grupnexus.com\/?p=20982\/"},"modified":"2019-02-07T17:16:42","modified_gmt":"2019-02-07T15:16:42","slug":"clinica-nexus-invitada-especial-a-imca-2019-en-paris","status":"publish","type":"post","link":"https:\/\/grupnexus.com\/es\/clinica-nexus-invitada-especial-a-imca-2019-en-paris\/","title":{"rendered":"Cl\u00ednica Nexus invitada especial a IMCA 2019 en Par\u00eds"},"content":{"rendered":"<p><strong>Lleida, 4 de febrero de 2019.- <\/strong>IMCA-Annual World Congress, uno de los congresos m\u00e1s importantes, a escala internacional, sobre dermatolog\u00eda, cirug\u00eda pl\u00e1stica y ciencia est\u00e9tica, se ha celebrado este fin de semana en Par\u00eds.<\/p>\n<p>El doctor Samuel Pin\u00f3s, director m\u00e9dico de Cl\u00ednica Nexus, y Montse Monjo, directora gerente, han sido invitados a asistir como una de las <strong>cl\u00ednicas de referencia<\/strong> en nuestro estado.<\/p>\n<p>El programa previsto ha girado en torno a los avances e innovaciones en el campo de los inyectables, l\u00e1seres, hilos, cirug\u00eda de mamas y corporal, liporellenos, tratamientos ginecoest\u00e9ticos, restauraci\u00f3n capilar y tratamientos est\u00e9ticos.<\/p>\n<p>Han sido tres d\u00edas intensos, donde participantes de todo el mundo se han reunido en un mismo espacio para poner en com\u00fan sus mejores pr\u00e1cticas.<\/p>\n<p>Cl\u00ednica Nexus ha podido confirmar que son pioneros en la implementaci\u00f3n de tratamientos innovadores, y que cuenta con la mejor y \u00faltima tecnolog\u00eda del sector en la actualidad, ya sea en <a href=\"\/es\/tratamientos\/plataforma-laser\/\" target=\"_blank\" rel=\"noopener\">depilaci\u00f3n l\u00e1ser,<\/a> <a href=\"\/es\/tratamientos\/packs\/tratamientos-remodelantes\" target=\"_blank\" rel=\"noopener\">tratamientos reafirmantes<\/a>, aparatolog\u00eda que\u00a0<a href=\"\/es\/grupo-nexus\/aparatologia\/cooltech-criolipolisi-medica-8oc\/\" target=\"_blank\" rel=\"noopener\">combate la grasa y la celulitis<\/a>, o trata el <a href=\"\/es\/threeforme\/\">rejuvenecimiento<\/a>.<\/p>\n<p>Han cobrado gran protagonismo, los procedimientos m\u00e9dico-est\u00e9ticos en<a href=\"\/es\/tratamientos\/unidad-capilar\/\" target=\"_blank\" rel=\"noopener\"> tratamientos capilares<\/a>. Y destacar tambi\u00e9n, la importancia hoy en d\u00eda de los tratamientos de <a href=\"\/es\/edge-one-ginecologia\/\" target=\"_blank\" rel=\"noopener\">rejuvenecimiento vaginal<\/a>, sea para tratar dolencias o la est\u00e9tica.<\/p>\n<p>Respecto a los protocolos m\u00e9dicos llevados a cabo en el gran abanico de tratamientos que ofrece Cl\u00ednica Nexus, es de las primeras en poner en marcha <a href=\"\/es\/tendencias-del-futuro-en-medicina-estetica-segun-skymedic\/\" target=\"_blank\" rel=\"noopener\">protocolos 8D<\/a>. Estos incluyen entre otros, <a href=\"\/es\/grupo-nexus\/aparatologia\/fototerapia-led-omnilux\/\" target=\"_blank\" rel=\"noopener\">la terapia fotobiodin\u00e0mica<\/a>, que se ha comprobado que refuerza el resultado y lo mantiene durante m\u00e1s tiempo.<\/p>\n<p>As\u00ed pues, ha corroborado que cuenta con la \u00faltima tecnolog\u00eda, tratamientos, protocolos, preparaci\u00f3n cient\u00edfica, Know How o saber hacer y, el mejor equipo de profesionales con los que puede contar para mantenerse al frente en <a href=\"\/es\/tratamientos\/estetica-avanzada\/\" target=\"_blank\" rel=\"noopener\">est\u00e9tica avanzada<\/a>, <a href=\"\/es\/tratamientos\/medicina-estetica-facial\/\">medicina est\u00e9tica facial<\/a> y <a href=\"\/es\/tratamientos\/medicina-estetica-corporal\/\">corporal<\/a>\u00a0 y <a href=\"\/es\/tratamientos\/cirugia-estetica\/\" target=\"_blank\" rel=\"noopener\">cirug\u00eda est\u00e9tica<\/a>.<\/p>\n<p><img loading=\"lazy\" class=\"aligncenter wp-image-20977 size-full\" src=\"https:\/\/grupnexus.com\/wp-content\/uploads\/2019\/02\/IMG-0690.jpg\" alt=\"Dr. Pin\u00f3s\" width=\"670\" height=\"931\" srcset=\"https:\/\/grupnexus.com\/wp-content\/uploads\/2019\/02\/IMG-0690.jpg 670w, https:\/\/grupnexus.com\/wp-content\/uploads\/2019\/02\/IMG-0690-510x709.jpg 510w, https:\/\/grupnexus.com\/wp-content\/uploads\/2019\/02\/IMG-0690-216x300.jpg 216w, https:\/\/grupnexus.com\/wp-content\/uploads\/2019\/02\/IMG-0690-553x768.jpg 553w, https:\/\/grupnexus.com\/wp-content\/uploads\/2019\/02\/IMG-0690-555x771.jpg 555w, https:\/\/grupnexus.com\/wp-content\/uploads\/2019\/02\/IMG-0690-360x500.jpg 360w, https:\/\/grupnexus.com\/wp-content\/uploads\/2019\/02\/IMG-0690-262x364.jpg 262w\" sizes=\"(max-width: 670px) 100vw, 670px\" \/><\/p>\n<p><img loading=\"lazy\" class=\"aligncenter wp-image-20978\" src=\"https:\/\/grupnexus.com\/wp-content\/uploads\/2019\/02\/IMG-0616.jpg\" alt=\"Montse Monjo\" width=\"670\" height=\"788\" srcset=\"https:\/\/grupnexus.com\/wp-content\/uploads\/2019\/02\/IMG-0616.jpg 757w, https:\/\/grupnexus.com\/wp-content\/uploads\/2019\/02\/IMG-0616-510x600.jpg 510w, https:\/\/grupnexus.com\/wp-content\/uploads\/2019\/02\/IMG-0616-255x300.jpg 255w, https:\/\/grupnexus.com\/wp-content\/uploads\/2019\/02\/IMG-0616-653x768.jpg 653w, https:\/\/grupnexus.com\/wp-content\/uploads\/2019\/02\/IMG-0616-555x653.jpg 555w, https:\/\/grupnexus.com\/wp-content\/uploads\/2019\/02\/IMG-0616-360x423.jpg 360w, https:\/\/grupnexus.com\/wp-content\/uploads\/2019\/02\/IMG-0616-262x308.jpg 262w\" sizes=\"(max-width: 670px) 100vw, 670px\" \/><\/p>\n<p><img loading=\"lazy\" class=\"aligncenter wp-image-20979\" src=\"https:\/\/grupnexus.com\/wp-content\/uploads\/2019\/02\/IMG-0697-1024x1024.jpg\" alt=\"Congres IMCAS Paris\" width=\"670\" height=\"670\" srcset=\"https:\/\/grupnexus.com\/wp-content\/uploads\/2019\/02\/IMG-0697-1024x1024.jpg 1024w, https:\/\/grupnexus.com\/wp-content\/uploads\/2019\/02\/IMG-0697-400x400.jpg 400w, https:\/\/grupnexus.com\/wp-content\/uploads\/2019\/02\/IMG-0697-100x100.jpg 100w, https:\/\/grupnexus.com\/wp-content\/uploads\/2019\/02\/IMG-0697-510x510.jpg 510w, https:\/\/grupnexus.com\/wp-content\/uploads\/2019\/02\/IMG-0697-150x150.jpg 150w, https:\/\/grupnexus.com\/wp-content\/uploads\/2019\/02\/IMG-0697-300x300.jpg 300w, https:\/\/grupnexus.com\/wp-content\/uploads\/2019\/02\/IMG-0697-768x768.jpg 768w, https:\/\/grupnexus.com\/wp-content\/uploads\/2019\/02\/IMG-0697-60x60.jpg 60w, https:\/\/grupnexus.com\/wp-content\/uploads\/2019\/02\/IMG-0697-43x43.jpg 43w, https:\/\/grupnexus.com\/wp-content\/uploads\/2019\/02\/IMG-0697-555x555.jpg 555w, https:\/\/grupnexus.com\/wp-content\/uploads\/2019\/02\/IMG-0697-360x360.jpg 360w, https:\/\/grupnexus.com\/wp-content\/uploads\/2019\/02\/IMG-0697-262x262.jpg 262w, https:\/\/grupnexus.com\/wp-content\/uploads\/2019\/02\/IMG-0697.jpg 1080w\" sizes=\"(max-width: 670px) 100vw, 670px\" \/><\/p>\n","protected":false},"excerpt":{"rendered":"<p>Lleida, 4 de febrero de 2019.- IMCA-Annual World Congress, uno de los congresos m\u00e1s importantes, a escala internacional, sobre dermatolog\u00eda, cirug\u00eda pl\u00e1stica y ciencia est\u00e9tica, se ha celebrado este fin de semana en Par\u00eds. El doctor Samuel Pin\u00f3s, director m\u00e9dico de Cl\u00ednica Nexus, y Montse Monjo, directora gerente, han sido invitados a asistir como una&#8230;<\/p>\n","protected":false},"author":6,"featured_media":20976,"comment_status":"closed","ping_status":"closed","sticky":false,"template":"","format":"standard","meta":[],"categories":[2,330,526],"tags":[],"yoast_head":"<!-- This site is optimized with the Yoast SEO plugin v18.6 - https:\/\/yoast.com\/wordpress\/plugins\/seo\/ -->\n<title>Cl\u00ednica Nexus invitada especial a IMCA 2019 en Par\u00eds<\/title>\n<meta name=\"robots\" content=\"index, follow, max-snippet:-1, max-image-preview:large, max-video-preview:-1\" \/>\n<link rel=\"canonical\" href=\"https:\/\/grupnexus.com\/es\/clinica-nexus-invitada-especial-a-imca-2019-en-paris\/\" \/>\n<meta property=\"og:locale\" content=\"es_ES\" \/>\n<meta property=\"og:type\" content=\"article\" \/>\n<meta property=\"og:title\" content=\"Cl\u00ednica Nexus invitada especial a IMCA 2019 en Par\u00eds\" \/>\n<meta property=\"og:description\" content=\"Lleida, 4 de febrero de 2019.- IMCA-Annual World Congress, uno de los congresos m\u00e1s importantes, a escala internacional, sobre dermatolog\u00eda, cirug\u00eda pl\u00e1stica y ciencia est\u00e9tica, se ha celebrado este fin de semana en Par\u00eds. El doctor Samuel Pin\u00f3s, director m\u00e9dico de Cl\u00ednica Nexus, y Montse Monjo, directora gerente, han sido invitados a asistir como una...\" \/>\n<meta property=\"og:url\" content=\"https:\/\/grupnexus.com\/es\/clinica-nexus-invitada-especial-a-imca-2019-en-paris\/\" \/>\n<meta property=\"og:site_name\" content=\"Cl\u00ednica Nexus\" \/>\n<meta property=\"article:published_time\" content=\"2019-02-06T10:56:26+00:00\" \/>\n<meta property=\"article:modified_time\" content=\"2019-02-07T15:16:42+00:00\" \/>\n<meta property=\"og:image\" content=\"https:\/\/i0.wp.com\/grupnexus.com\/wp-content\/uploads\/2019\/02\/IMG-0696.jpg?fit=1080%2C1080&#038;ssl=1\" \/>\n\t<meta property=\"og:image:width\" content=\"1080\" \/>\n\t<meta property=\"og:image:height\" content=\"1080\" \/>\n\t<meta property=\"og:image:type\" content=\"image\/jpeg\" \/>\n<meta name=\"twitter:card\" content=\"summary\" \/>\n<meta name=\"twitter:label1\" content=\"Escrito por\" \/>\n\t<meta name=\"twitter:data1\" content=\"Cl\u00ednica Nexus\" \/>\n\t<meta name=\"twitter:label2\" content=\"Tiempo de lectura\" \/>\n\t<meta name=\"twitter:data2\" content=\"2 minutos\" \/>\n<script type=\"application\/ld+json\" class=\"yoast-schema-graph\">{\"@context\":\"https:\/\/schema.org\",\"@graph\":[{\"@type\":\"WebSite\",\"@id\":\"https:\/\/grupnexus.com\/es\/#website\",\"url\":\"https:\/\/grupnexus.com\/es\/\",\"name\":\"Cl\u00ednica Nexus\",\"description\":\"L\u00edders en Medicina Est\u00e8tica Avan\u00e7ada\",\"potentialAction\":[{\"@type\":\"SearchAction\",\"target\":{\"@type\":\"EntryPoint\",\"urlTemplate\":\"https:\/\/grupnexus.com\/es\/?s={search_term_string}\"},\"query-input\":\"required name=search_term_string\"}],\"inLanguage\":\"es\"},{\"@type\":\"ImageObject\",\"@id\":\"https:\/\/grupnexus.com\/es\/clinica-nexus-invitada-especial-a-imca-2019-en-paris\/#primaryimage\",\"inLanguage\":\"es\",\"url\":\"https:\/\/grupnexus.com\/wp-content\/uploads\/2019\/02\/IMG-0696.jpg\",\"contentUrl\":\"https:\/\/grupnexus.com\/wp-content\/uploads\/2019\/02\/IMG-0696.jpg\",\"width\":1080,\"height\":1080,\"caption\":\"Congres IMCAS\"},{\"@type\":\"WebPage\",\"@id\":\"https:\/\/grupnexus.com\/es\/clinica-nexus-invitada-especial-a-imca-2019-en-paris\/#webpage\",\"url\":\"https:\/\/grupnexus.com\/es\/clinica-nexus-invitada-especial-a-imca-2019-en-paris\/\",\"name\":\"Cl\u00ednica Nexus invitada especial a IMCA 2019 en Par\u00eds\",\"isPartOf\":{\"@id\":\"https:\/\/grupnexus.com\/es\/#website\"},\"primaryImageOfPage\":{\"@id\":\"https:\/\/grupnexus.com\/es\/clinica-nexus-invitada-especial-a-imca-2019-en-paris\/#primaryimage\"},\"datePublished\":\"2019-02-06T10:56:26+00:00\",\"dateModified\":\"2019-02-07T15:16:42+00:00\",\"author\":{\"@id\":\"https:\/\/grupnexus.com\/es\/#\/schema\/person\/7d42f30e6bd203d23a2c1613b51145c3\"},\"breadcrumb\":{\"@id\":\"https:\/\/grupnexus.com\/es\/clinica-nexus-invitada-especial-a-imca-2019-en-paris\/#breadcrumb\"},\"inLanguage\":\"es\",\"potentialAction\":[{\"@type\":\"ReadAction\",\"target\":[\"https:\/\/grupnexus.com\/es\/clinica-nexus-invitada-especial-a-imca-2019-en-paris\/\"]}]},{\"@type\":\"BreadcrumbList\",\"@id\":\"https:\/\/grupnexus.com\/es\/clinica-nexus-invitada-especial-a-imca-2019-en-paris\/#breadcrumb\",\"itemListElement\":[{\"@type\":\"ListItem\",\"position\":1,\"name\":\"Portada\",\"item\":\"https:\/\/grupnexus.com\/es\/\"},{\"@type\":\"ListItem\",\"position\":2,\"name\":\"Cl\u00ednica Nexus invitada especial a IMCA 2019 en Par\u00eds\"}]},{\"@type\":\"Person\",\"@id\":\"https:\/\/grupnexus.com\/es\/#\/schema\/person\/7d42f30e6bd203d23a2c1613b51145c3\",\"name\":\"Cl\u00ednica Nexus\",\"image\":{\"@type\":\"ImageObject\",\"@id\":\"https:\/\/grupnexus.com\/es\/#personlogo\",\"inLanguage\":\"es\",\"url\":\"https:\/\/secure.gravatar.com\/avatar\/f1f98ef0d641a3a6af0accea5a5971ef?s=96&d=mm&r=g\",\"contentUrl\":\"https:\/\/secure.gravatar.com\/avatar\/f1f98ef0d641a3a6af0accea5a5971ef?s=96&d=mm&r=g\",\"caption\":\"Cl\u00ednica Nexus\"}}]}<\/script>\n<!-- \/ Yoast SEO plugin. -->","yoast_head_json":{"title":"Cl\u00ednica Nexus invitada especial a IMCA 2019 en Par\u00eds","robots":{"index":"index","follow":"follow","max-snippet":"max-snippet:-1","max-image-preview":"max-image-preview:large","max-video-preview":"max-video-preview:-1"},"canonical":"https:\/\/grupnexus.com\/es\/clinica-nexus-invitada-especial-a-imca-2019-en-paris\/","og_locale":"es_ES","og_type":"article","og_title":"Cl\u00ednica Nexus invitada especial a IMCA 2019 en Par\u00eds","og_description":"Lleida, 4 de febrero de 2019.- IMCA-Annual World Congress, uno de los congresos m\u00e1s importantes, a escala internacional, sobre dermatolog\u00eda, cirug\u00eda pl\u00e1stica y ciencia est\u00e9tica, se ha celebrado este fin de semana en Par\u00eds. El doctor Samuel Pin\u00f3s, director m\u00e9dico de Cl\u00ednica Nexus, y Montse Monjo, directora gerente, han sido invitados a asistir como una...","og_url":"https:\/\/grupnexus.com\/es\/clinica-nexus-invitada-especial-a-imca-2019-en-paris\/","og_site_name":"Cl\u00ednica Nexus","article_published_time":"2019-02-06T10:56:26+00:00","article_modified_time":"2019-02-07T15:16:42+00:00","og_image":[{"width":1080,"height":1080,"url":"https:\/\/i0.wp.com\/grupnexus.com\/wp-content\/uploads\/2019\/02\/IMG-0696.jpg?fit=1080%2C1080&ssl=1","type":"image\/jpeg"}],"twitter_card":"summary","twitter_misc":{"Escrito por":"Cl\u00ednica Nexus","Tiempo de lectura":"2 minutos"},"schema":{"@context":"https:\/\/schema.org","@graph":[{"@type":"WebSite","@id":"https:\/\/grupnexus.com\/es\/#website","url":"https:\/\/grupnexus.com\/es\/","name":"Cl\u00ednica Nexus","description":"L\u00edders en Medicina Est\u00e8tica Avan\u00e7ada","potentialAction":[{"@type":"SearchAction","target":{"@type":"EntryPoint","urlTemplate":"https:\/\/grupnexus.com\/es\/?s={search_term_string}"},"query-input":"required name=search_term_string"}],"inLanguage":"es"},{"@type":"ImageObject","@id":"https:\/\/grupnexus.com\/es\/clinica-nexus-invitada-especial-a-imca-2019-en-paris\/#primaryimage","inLanguage":"es","url":"https:\/\/grupnexus.com\/wp-content\/uploads\/2019\/02\/IMG-0696.jpg","contentUrl":"https:\/\/grupnexus.com\/wp-content\/uploads\/2019\/02\/IMG-0696.jpg","width":1080,"height":1080,"caption":"Congres IMCAS"},{"@type":"WebPage","@id":"https:\/\/grupnexus.com\/es\/clinica-nexus-invitada-especial-a-imca-2019-en-paris\/#webpage","url":"https:\/\/grupnexus.com\/es\/clinica-nexus-invitada-especial-a-imca-2019-en-paris\/","name":"Cl\u00ednica Nexus invitada especial a IMCA 2019 en Par\u00eds","isPartOf":{"@id":"https:\/\/grupnexus.com\/es\/#website"},"primaryImageOfPage":{"@id":"https:\/\/grupnexus.com\/es\/clinica-nexus-invitada-especial-a-imca-2019-en-paris\/#primaryimage"},"datePublished":"2019-02-06T10:56:26+00:00","dateModified":"2019-02-07T15:16:42+00:00","author":{"@id":"https:\/\/grupnexus.com\/es\/#\/schema\/person\/7d42f30e6bd203d23a2c1613b51145c3"},"breadcrumb":{"@id":"https:\/\/grupnexus.com\/es\/clinica-nexus-invitada-especial-a-imca-2019-en-paris\/#breadcrumb"},"inLanguage":"es","potentialAction":[{"@type":"ReadAction","target":["https:\/\/grupnexus.com\/es\/clinica-nexus-invitada-especial-a-imca-2019-en-paris\/"]}]},{"@type":"BreadcrumbList","@id":"https:\/\/grupnexus.com\/es\/clinica-nexus-invitada-especial-a-imca-2019-en-paris\/#breadcrumb","itemListElement":[{"@type":"ListItem","position":1,"name":"Portada","item":"https:\/\/grupnexus.com\/es\/"},{"@type":"ListItem","position":2,"name":"Cl\u00ednica Nexus invitada especial a IMCA 2019 en Par\u00eds"}]},{"@type":"Person","@id":"https:\/\/grupnexus.com\/es\/#\/schema\/person\/7d42f30e6bd203d23a2c1613b51145c3","name":"Cl\u00ednica Nexus","image":{"@type":"ImageObject","@id":"https:\/\/grupnexus.com\/es\/#personlogo","inLanguage":"es","url":"https:\/\/secure.gravatar.com\/avatar\/f1f98ef0d641a3a6af0accea5a5971ef?s=96&d=mm&r=g","contentUrl":"https:\/\/secure.gravatar.com\/avatar\/f1f98ef0d641a3a6af0accea5a5971ef?s=96&d=mm&r=g","caption":"Cl\u00ednica Nexus"}}]}},"_links":{"self":[{"href":"https:\/\/grupnexus.com\/es\/wp-json\/wp\/v2\/posts\/20982"}],"collection":[{"href":"https:\/\/grupnexus.com\/es\/wp-json\/wp\/v2\/posts"}],"about":[{"href":"https:\/\/grupnexus.com\/es\/wp-json\/wp\/v2\/types\/post"}],"author":[{"embeddable":true,"href":"https:\/\/grupnexus.com\/es\/wp-json\/wp\/v2\/users\/6"}],"replies":[{"embeddable":true,"href":"https:\/\/grupnexus.com\/es\/wp-json\/wp\/v2\/comments?post=20982"}],"version-history":[{"count":7,"href":"https:\/\/grupnexus.com\/es\/wp-json\/wp\/v2\/posts\/20982\/revisions"}],"predecessor-version":[{"id":21023,"href":"https:\/\/grupnexus.com\/es\/wp-json\/wp\/v2\/posts\/20982\/revisions\/21023"}],"wp:featuredmedia":[{"embeddable":true,"href":"https:\/\/grupnexus.com\/es\/wp-json\/wp\/v2\/media\/20976"}],"wp:attachment":[{"href":"https:\/\/grupnexus.com\/es\/wp-json\/wp\/v2\/media?parent=20982"}],"wp:term":[{"taxonomy":"category","embeddable":true,"href":"https:\/\/grupnexus.com\/es\/wp-json\/wp\/v2\/categories?post=20982"},{"taxonomy":"post_tag","embeddable":true,"href":"https:\/\/grupnexus.com\/es\/wp-json\/wp\/v2\/tags?post=20982"}],"curies":[{"name":"wp","href":"https:\/\/api.w.org\/{rel}","templated":true}]}}