{"id":21151,"date":"2019-02-12T12:40:32","date_gmt":"2019-02-12T10:40:32","guid":{"rendered":"https:\/\/www.grupnexus.com\/ozonoterapia-congres-internacional\/"},"modified":"2019-02-12T12:45:55","modified_gmt":"2019-02-12T10:45:55","slug":"ozonoterapia-congreso-internacional","status":"publish","type":"post","link":"https:\/\/grupnexus.com\/es\/ozonoterapia-congreso-internacional\/","title":{"rendered":"Cl\u00ednica Nexus asiste al I Congreso Internacional de Ozonoterapia Integrada"},"content":{"rendered":"<p>Los d\u00edas 8 y 9 de febrero, se ha celebrado en Torremolinos (M\u00e1laga) el <strong>I Congreso Internacional de Ozonoterapia Integrada<\/strong> coordinado por la Asociaci\u00f3n Espa\u00f1ola de Profesionales en Ozonoterapia (Aeprom) junto con GMB Ozone.<\/p>\n<p><strong>La ozonoterapia est\u00e1 a la orden del d\u00eda<\/strong> y las cifras evidencian su creciente importancia. Se practica cada vez m\u00e1s en diferentes partes del mundo. La existencia de m\u00e1s de 47 asociaciones nacionales e internacionales de ozonoterapia y de m\u00e1s de 26.000 ozonoterapeutas as\u00ed lo avala.<\/p>\n<p>M\u00e1s de 500 asistentes han participado en el programa previsto, durante estos d\u00edas, de <strong>conferencias y talleres donde expertos en el \u00e1mbito de la medicina y la dermocosm\u00e9tica terap\u00e9utica<\/strong>, entre otros, han abordado la aplicaci\u00f3n del ozono en los siguientes casos:<\/p>\n<ul>\n<li><strong>Dolor cr\u00f3nico en enfermedades reumatol\u00f3gicas o traumatol\u00f3gicas<\/strong><\/li>\n<li><strong>La ozonoterapia en ginecolog\u00eda y pediatr\u00eda<\/strong><\/li>\n<li><strong>El papel del ozono en el c\u00e1ncer y los radicales libres<\/strong><\/li>\n<li><strong>La ozonoterapia en tratamientos m\u00e9dico-est\u00e9ticos como la celulitis o el estr\u00e9s oxidativo<\/strong><\/li>\n<li><strong>En dermocosm\u00e9tica, y en la calidad asistencial en la psoriasis con ozonoterapia<\/strong><\/li>\n<\/ul>\n<p>&nbsp;<\/p>\n<p><strong>Cl\u00ednica Nexus<\/strong>, en su objetivo fundacional de <strong>unir la medicina est\u00e9tica con la salud<\/strong>, es <strong>precursora en Lleida en la implementaci\u00f3n de tratamientos de ozono<\/strong> en las \u00e1reas como la <strong>dermocosm\u00e9tica, antienvejecimiento, medicina preventiva, tratamiento del dolor y tratamiento de patolog\u00edas m\u00e9dicas<\/strong>. Adem\u00e1s, en todos sus espacios el aire se ozoniza para mantener unas <strong>instalaciones saludables y libres de microorganismos pat\u00f3genos<\/strong>.<\/p>\n<p><img loading=\"lazy\" class=\"aligncenter size-large wp-image-21147\" src=\"https:\/\/grupnexus.com\/wp-content\/uploads\/2019\/02\/checkin-1024x684.jpg\" alt=\"congres ozonoterapia Torremolinos\" width=\"1024\" height=\"684\" srcset=\"https:\/\/grupnexus.com\/wp-content\/uploads\/2019\/02\/checkin.jpg 1024w, https:\/\/grupnexus.com\/wp-content\/uploads\/2019\/02\/checkin-510x341.jpg 510w, https:\/\/grupnexus.com\/wp-content\/uploads\/2019\/02\/checkin-300x200.jpg 300w, https:\/\/grupnexus.com\/wp-content\/uploads\/2019\/02\/checkin-768x513.jpg 768w, https:\/\/grupnexus.com\/wp-content\/uploads\/2019\/02\/checkin-555x370.jpg 555w, https:\/\/grupnexus.com\/wp-content\/uploads\/2019\/02\/checkin-360x240.jpg 360w, https:\/\/grupnexus.com\/wp-content\/uploads\/2019\/02\/checkin-262x175.jpg 262w\" sizes=\"(max-width: 1024px) 100vw, 1024px\" \/><\/p>\n<p><img loading=\"lazy\" class=\"aligncenter size-large wp-image-21148\" src=\"https:\/\/grupnexus.com\/wp-content\/uploads\/2019\/02\/sala-1024x614.jpg\" alt=\"congres ozonoterapia\" width=\"1024\" height=\"614\" srcset=\"https:\/\/grupnexus.com\/wp-content\/uploads\/2019\/02\/sala.jpg 1024w, https:\/\/grupnexus.com\/wp-content\/uploads\/2019\/02\/sala-510x306.jpg 510w, https:\/\/grupnexus.com\/wp-content\/uploads\/2019\/02\/sala-300x180.jpg 300w, https:\/\/grupnexus.com\/wp-content\/uploads\/2019\/02\/sala-768x461.jpg 768w, https:\/\/grupnexus.com\/wp-content\/uploads\/2019\/02\/sala-555x333.jpg 555w, https:\/\/grupnexus.com\/wp-content\/uploads\/2019\/02\/sala-360x216.jpg 360w, https:\/\/grupnexus.com\/wp-content\/uploads\/2019\/02\/sala-262x157.jpg 262w\" sizes=\"(max-width: 1024px) 100vw, 1024px\" \/><\/p>\n<p><img loading=\"lazy\" class=\"aligncenter size-large wp-image-21149\" src=\"https:\/\/grupnexus.com\/wp-content\/uploads\/2019\/02\/taula-internac-1024x768.jpg\" alt=\"1r congres internacional ozonoterapia\" width=\"1024\" height=\"768\" srcset=\"https:\/\/grupnexus.com\/wp-content\/uploads\/2019\/02\/taula-internac.jpg 1024w, https:\/\/grupnexus.com\/wp-content\/uploads\/2019\/02\/taula-internac-510x383.jpg 510w, https:\/\/grupnexus.com\/wp-content\/uploads\/2019\/02\/taula-internac-300x225.jpg 300w, https:\/\/grupnexus.com\/wp-content\/uploads\/2019\/02\/taula-internac-768x576.jpg 768w, https:\/\/grupnexus.com\/wp-content\/uploads\/2019\/02\/taula-internac-555x416.jpg 555w, https:\/\/grupnexus.com\/wp-content\/uploads\/2019\/02\/taula-internac-360x270.jpg 360w, https:\/\/grupnexus.com\/wp-content\/uploads\/2019\/02\/taula-internac-262x197.jpg 262w\" sizes=\"(max-width: 1024px) 100vw, 1024px\" \/><\/p>\n","protected":false},"excerpt":{"rendered":"<p>Los d\u00edas 8 y 9 de febrero, se ha celebrado en Torremolinos (M\u00e1laga) el I Congreso Internacional de Ozonoterapia Integrada coordinado por la Asociaci\u00f3n Espa\u00f1ola de Profesionales en Ozonoterapia (Aeprom) junto con GMB Ozone. La ozonoterapia est\u00e1 a la orden del d\u00eda y las cifras evidencian su creciente importancia. Se practica cada vez m\u00e1s en&#8230;<\/p>\n","protected":false},"author":6,"featured_media":21146,"comment_status":"closed","ping_status":"closed","sticky":false,"template":"","format":"standard","meta":[],"categories":[2,330,526,7],"tags":[544],"yoast_head":"<!-- This site is optimized with the Yoast SEO plugin v18.6 - https:\/\/yoast.com\/wordpress\/plugins\/seo\/ -->\n<title>Ozonoterapia Lleida, Congreso Internacional d&#039;Ozonoterapia<\/title>\n<meta name=\"robots\" content=\"index, follow, max-snippet:-1, max-image-preview:large, max-video-preview:-1\" \/>\n<link rel=\"canonical\" href=\"https:\/\/grupnexus.com\/es\/ozonoterapia-congreso-internacional\/\" \/>\n<meta property=\"og:locale\" content=\"es_ES\" \/>\n<meta property=\"og:type\" content=\"article\" \/>\n<meta property=\"og:title\" content=\"Ozonoterapia Lleida, Congreso Internacional d&#039;Ozonoterapia\" \/>\n<meta property=\"og:description\" content=\"Los d\u00edas 8 y 9 de febrero, se ha celebrado en Torremolinos (M\u00e1laga) el I Congreso Internacional de Ozonoterapia Integrada coordinado por la Asociaci\u00f3n Espa\u00f1ola de Profesionales en Ozonoterapia (Aeprom) junto con GMB Ozone. La ozonoterapia est\u00e1 a la orden del d\u00eda y las cifras evidencian su creciente importancia. Se practica cada vez m\u00e1s en...\" \/>\n<meta property=\"og:url\" content=\"https:\/\/grupnexus.com\/es\/ozonoterapia-congreso-internacional\/\" \/>\n<meta property=\"og:site_name\" content=\"Cl\u00ednica Nexus\" \/>\n<meta property=\"article:published_time\" content=\"2019-02-12T10:40:32+00:00\" \/>\n<meta property=\"article:modified_time\" content=\"2019-02-12T10:45:55+00:00\" \/>\n<meta property=\"og:image\" content=\"https:\/\/i0.wp.com\/grupnexus.com\/wp-content\/uploads\/2019\/02\/photocall.jpg?fit=1024%2C791&#038;ssl=1\" \/>\n\t<meta property=\"og:image:width\" content=\"1024\" \/>\n\t<meta property=\"og:image:height\" content=\"791\" \/>\n\t<meta property=\"og:image:type\" content=\"image\/jpeg\" \/>\n<meta name=\"twitter:card\" content=\"summary\" \/>\n<meta name=\"twitter:label1\" content=\"Escrito por\" \/>\n\t<meta name=\"twitter:data1\" content=\"Cl\u00ednica Nexus\" \/>\n\t<meta name=\"twitter:label2\" content=\"Tiempo de lectura\" \/>\n\t<meta name=\"twitter:data2\" content=\"1 minuto\" \/>\n<script type=\"application\/ld+json\" class=\"yoast-schema-graph\">{\"@context\":\"https:\/\/schema.org\",\"@graph\":[{\"@type\":\"WebSite\",\"@id\":\"https:\/\/grupnexus.com\/es\/#website\",\"url\":\"https:\/\/grupnexus.com\/es\/\",\"name\":\"Cl\u00ednica Nexus\",\"description\":\"L\u00edders en Medicina Est\u00e8tica Avan\u00e7ada\",\"potentialAction\":[{\"@type\":\"SearchAction\",\"target\":{\"@type\":\"EntryPoint\",\"urlTemplate\":\"https:\/\/grupnexus.com\/es\/?s={search_term_string}\"},\"query-input\":\"required name=search_term_string\"}],\"inLanguage\":\"es\"},{\"@type\":\"ImageObject\",\"@id\":\"https:\/\/grupnexus.com\/es\/ozonoterapia-congreso-internacional\/#primaryimage\",\"inLanguage\":\"es\",\"url\":\"https:\/\/grupnexus.com\/wp-content\/uploads\/2019\/02\/photocall.jpg\",\"contentUrl\":\"https:\/\/grupnexus.com\/wp-content\/uploads\/2019\/02\/photocall.jpg\",\"width\":1024,\"height\":791,\"caption\":\"congres ozonoterapia\"},{\"@type\":\"WebPage\",\"@id\":\"https:\/\/grupnexus.com\/es\/ozonoterapia-congreso-internacional\/#webpage\",\"url\":\"https:\/\/grupnexus.com\/es\/ozonoterapia-congreso-internacional\/\",\"name\":\"Ozonoterapia Lleida, Congreso Internacional d'Ozonoterapia\",\"isPartOf\":{\"@id\":\"https:\/\/grupnexus.com\/es\/#website\"},\"primaryImageOfPage\":{\"@id\":\"https:\/\/grupnexus.com\/es\/ozonoterapia-congreso-internacional\/#primaryimage\"},\"datePublished\":\"2019-02-12T10:40:32+00:00\",\"dateModified\":\"2019-02-12T10:45:55+00:00\",\"author\":{\"@id\":\"https:\/\/grupnexus.com\/es\/#\/schema\/person\/7d42f30e6bd203d23a2c1613b51145c3\"},\"breadcrumb\":{\"@id\":\"https:\/\/grupnexus.com\/es\/ozonoterapia-congreso-internacional\/#breadcrumb\"},\"inLanguage\":\"es\",\"potentialAction\":[{\"@type\":\"ReadAction\",\"target\":[\"https:\/\/grupnexus.com\/es\/ozonoterapia-congreso-internacional\/\"]}]},{\"@type\":\"BreadcrumbList\",\"@id\":\"https:\/\/grupnexus.com\/es\/ozonoterapia-congreso-internacional\/#breadcrumb\",\"itemListElement\":[{\"@type\":\"ListItem\",\"position\":1,\"name\":\"Portada\",\"item\":\"https:\/\/grupnexus.com\/es\/\"},{\"@type\":\"ListItem\",\"position\":2,\"name\":\"Cl\u00ednica Nexus asiste al I Congreso Internacional de Ozonoterapia Integrada\"}]},{\"@type\":\"Person\",\"@id\":\"https:\/\/grupnexus.com\/es\/#\/schema\/person\/7d42f30e6bd203d23a2c1613b51145c3\",\"name\":\"Cl\u00ednica Nexus\",\"image\":{\"@type\":\"ImageObject\",\"@id\":\"https:\/\/grupnexus.com\/es\/#personlogo\",\"inLanguage\":\"es\",\"url\":\"https:\/\/secure.gravatar.com\/avatar\/f1f98ef0d641a3a6af0accea5a5971ef?s=96&d=mm&r=g\",\"contentUrl\":\"https:\/\/secure.gravatar.com\/avatar\/f1f98ef0d641a3a6af0accea5a5971ef?s=96&d=mm&r=g\",\"caption\":\"Cl\u00ednica Nexus\"}}]}<\/script>\n<!-- \/ Yoast SEO plugin. -->","yoast_head_json":{"title":"Ozonoterapia Lleida, Congreso Internacional d'Ozonoterapia","robots":{"index":"index","follow":"follow","max-snippet":"max-snippet:-1","max-image-preview":"max-image-preview:large","max-video-preview":"max-video-preview:-1"},"canonical":"https:\/\/grupnexus.com\/es\/ozonoterapia-congreso-internacional\/","og_locale":"es_ES","og_type":"article","og_title":"Ozonoterapia Lleida, Congreso Internacional d'Ozonoterapia","og_description":"Los d\u00edas 8 y 9 de febrero, se ha celebrado en Torremolinos (M\u00e1laga) el I Congreso Internacional de Ozonoterapia Integrada coordinado por la Asociaci\u00f3n Espa\u00f1ola de Profesionales en Ozonoterapia (Aeprom) junto con GMB Ozone. La ozonoterapia est\u00e1 a la orden del d\u00eda y las cifras evidencian su creciente importancia. Se practica cada vez m\u00e1s en...","og_url":"https:\/\/grupnexus.com\/es\/ozonoterapia-congreso-internacional\/","og_site_name":"Cl\u00ednica Nexus","article_published_time":"2019-02-12T10:40:32+00:00","article_modified_time":"2019-02-12T10:45:55+00:00","og_image":[{"width":1024,"height":791,"url":"https:\/\/i0.wp.com\/grupnexus.com\/wp-content\/uploads\/2019\/02\/photocall.jpg?fit=1024%2C791&ssl=1","type":"image\/jpeg"}],"twitter_card":"summary","twitter_misc":{"Escrito por":"Cl\u00ednica Nexus","Tiempo de lectura":"1 minuto"},"schema":{"@context":"https:\/\/schema.org","@graph":[{"@type":"WebSite","@id":"https:\/\/grupnexus.com\/es\/#website","url":"https:\/\/grupnexus.com\/es\/","name":"Cl\u00ednica Nexus","description":"L\u00edders en Medicina Est\u00e8tica Avan\u00e7ada","potentialAction":[{"@type":"SearchAction","target":{"@type":"EntryPoint","urlTemplate":"https:\/\/grupnexus.com\/es\/?s={search_term_string}"},"query-input":"required name=search_term_string"}],"inLanguage":"es"},{"@type":"ImageObject","@id":"https:\/\/grupnexus.com\/es\/ozonoterapia-congreso-internacional\/#primaryimage","inLanguage":"es","url":"https:\/\/grupnexus.com\/wp-content\/uploads\/2019\/02\/photocall.jpg","contentUrl":"https:\/\/grupnexus.com\/wp-content\/uploads\/2019\/02\/photocall.jpg","width":1024,"height":791,"caption":"congres ozonoterapia"},{"@type":"WebPage","@id":"https:\/\/grupnexus.com\/es\/ozonoterapia-congreso-internacional\/#webpage","url":"https:\/\/grupnexus.com\/es\/ozonoterapia-congreso-internacional\/","name":"Ozonoterapia Lleida, Congreso Internacional d'Ozonoterapia","isPartOf":{"@id":"https:\/\/grupnexus.com\/es\/#website"},"primaryImageOfPage":{"@id":"https:\/\/grupnexus.com\/es\/ozonoterapia-congreso-internacional\/#primaryimage"},"datePublished":"2019-02-12T10:40:32+00:00","dateModified":"2019-02-12T10:45:55+00:00","author":{"@id":"https:\/\/grupnexus.com\/es\/#\/schema\/person\/7d42f30e6bd203d23a2c1613b51145c3"},"breadcrumb":{"@id":"https:\/\/grupnexus.com\/es\/ozonoterapia-congreso-internacional\/#breadcrumb"},"inLanguage":"es","potentialAction":[{"@type":"ReadAction","target":["https:\/\/grupnexus.com\/es\/ozonoterapia-congreso-internacional\/"]}]},{"@type":"BreadcrumbList","@id":"https:\/\/grupnexus.com\/es\/ozonoterapia-congreso-internacional\/#breadcrumb","itemListElement":[{"@type":"ListItem","position":1,"name":"Portada","item":"https:\/\/grupnexus.com\/es\/"},{"@type":"ListItem","position":2,"name":"Cl\u00ednica Nexus asiste al I Congreso Internacional de Ozonoterapia Integrada"}]},{"@type":"Person","@id":"https:\/\/grupnexus.com\/es\/#\/schema\/person\/7d42f30e6bd203d23a2c1613b51145c3","name":"Cl\u00ednica Nexus","image":{"@type":"ImageObject","@id":"https:\/\/grupnexus.com\/es\/#personlogo","inLanguage":"es","url":"https:\/\/secure.gravatar.com\/avatar\/f1f98ef0d641a3a6af0accea5a5971ef?s=96&d=mm&r=g","contentUrl":"https:\/\/secure.gravatar.com\/avatar\/f1f98ef0d641a3a6af0accea5a5971ef?s=96&d=mm&r=g","caption":"Cl\u00ednica Nexus"}}]}},"_links":{"self":[{"href":"https:\/\/grupnexus.com\/es\/wp-json\/wp\/v2\/posts\/21151"}],"collection":[{"href":"https:\/\/grupnexus.com\/es\/wp-json\/wp\/v2\/posts"}],"about":[{"href":"https:\/\/grupnexus.com\/es\/wp-json\/wp\/v2\/types\/post"}],"author":[{"embeddable":true,"href":"https:\/\/grupnexus.com\/es\/wp-json\/wp\/v2\/users\/6"}],"replies":[{"embeddable":true,"href":"https:\/\/grupnexus.com\/es\/wp-json\/wp\/v2\/comments?post=21151"}],"version-history":[{"count":3,"href":"https:\/\/grupnexus.com\/es\/wp-json\/wp\/v2\/posts\/21151\/revisions"}],"predecessor-version":[{"id":21154,"href":"https:\/\/grupnexus.com\/es\/wp-json\/wp\/v2\/posts\/21151\/revisions\/21154"}],"wp:featuredmedia":[{"embeddable":true,"href":"https:\/\/grupnexus.com\/es\/wp-json\/wp\/v2\/media\/21146"}],"wp:attachment":[{"href":"https:\/\/grupnexus.com\/es\/wp-json\/wp\/v2\/media?parent=21151"}],"wp:term":[{"taxonomy":"category","embeddable":true,"href":"https:\/\/grupnexus.com\/es\/wp-json\/wp\/v2\/categories?post=21151"},{"taxonomy":"post_tag","embeddable":true,"href":"https:\/\/grupnexus.com\/es\/wp-json\/wp\/v2\/tags?post=21151"}],"curies":[{"name":"wp","href":"https:\/\/api.w.org\/{rel}","templated":true}]}}