{"id":21363,"date":"2019-02-18T16:14:40","date_gmt":"2019-02-18T14:14:40","guid":{"rendered":"https:\/\/www.grupnexus.com\/clinica-nexus-solidaria-amb-els-nens-i-nenes-malalts-de-cancer\/"},"modified":"2019-02-18T16:23:43","modified_gmt":"2019-02-18T14:23:43","slug":"posat-la-gorra-6a-edicion","status":"publish","type":"post","link":"https:\/\/grupnexus.com\/es\/posat-la-gorra-6a-edicion\/","title":{"rendered":"Cl\u00ednica Nexus solidaria con los ni\u00f1os y ni\u00f1as enfermos de c\u00e1ncer"},"content":{"rendered":"<p><strong>Lleida, 18 de febrero de 2019<\/strong>.- Ayer domingo se celebr\u00f3 la 6\u00aa edici\u00f3n de la fiesta \u00abPosa\u2019t la gorra\u00bb, organizada por Afanoc. Acto que culmina la campa\u00f1a de venta de gorras con el objetivo de recaudar dinero para la Asociaci\u00f3n, y que reuni\u00f3 a m\u00e1s de 6.000 personas al Tur\u00f3 de la Seu Vella.<\/p>\n<p><img loading=\"lazy\" class=\"wp-image-21353\" src=\"https:\/\/grupnexus.com\/wp-content\/uploads\/2019\/02\/2.jpg\" alt=\"posa't la gorra\" width=\"749\" height=\"400\" srcset=\"https:\/\/grupnexus.com\/wp-content\/uploads\/2019\/02\/2.jpg 960w, https:\/\/grupnexus.com\/wp-content\/uploads\/2019\/02\/2-510x273.jpg 510w, https:\/\/grupnexus.com\/wp-content\/uploads\/2019\/02\/2-300x160.jpg 300w, https:\/\/grupnexus.com\/wp-content\/uploads\/2019\/02\/2-768x410.jpg 768w, https:\/\/grupnexus.com\/wp-content\/uploads\/2019\/02\/2-555x297.jpg 555w, https:\/\/grupnexus.com\/wp-content\/uploads\/2019\/02\/2-360x192.jpg 360w, https:\/\/grupnexus.com\/wp-content\/uploads\/2019\/02\/2-262x140.jpg 262w\" sizes=\"(max-width: 749px) 100vw, 749px\" \/><\/p>\n<p>Actividades de ocio y m\u00fasica amenizaron la fiesta. El momento m\u00e1s emotivo fue cuando un grupo de j\u00f3venes dirigieron un mensaje esperanzador diciendo \u00abse puede salir\u00bb.<\/p>\n<p>&nbsp;<\/p>\n<p><img loading=\"lazy\" class=\"aligncenter wp-image-21354\" src=\"https:\/\/grupnexus.com\/wp-content\/uploads\/2019\/02\/3-1024x683.jpg\" alt=\"posa't la gorra\" width=\"749\" height=\"499\" srcset=\"https:\/\/grupnexus.com\/wp-content\/uploads\/2019\/02\/3-1024x683.jpg 1024w, https:\/\/grupnexus.com\/wp-content\/uploads\/2019\/02\/3-510x340.jpg 510w, https:\/\/grupnexus.com\/wp-content\/uploads\/2019\/02\/3-300x200.jpg 300w, https:\/\/grupnexus.com\/wp-content\/uploads\/2019\/02\/3-768x512.jpg 768w, https:\/\/grupnexus.com\/wp-content\/uploads\/2019\/02\/3-1140x760.jpg 1140w, https:\/\/grupnexus.com\/wp-content\/uploads\/2019\/02\/3-555x370.jpg 555w, https:\/\/grupnexus.com\/wp-content\/uploads\/2019\/02\/3-360x240.jpg 360w, https:\/\/grupnexus.com\/wp-content\/uploads\/2019\/02\/3-262x175.jpg 262w, https:\/\/grupnexus.com\/wp-content\/uploads\/2019\/02\/3.jpg 1800w\" sizes=\"(max-width: 749px) 100vw, 749px\" \/><\/p>\n<p><strong>Afanoc<\/strong> es una entidad sin \u00e1nimo de lucro que lleva a cabo diferentes acciones dirigidas a los ni\u00f1os y ni\u00f1as que padecen c\u00e1ncer, y a sus familias. Adem\u00e1s de apoyo psicoemocional, apoyo social, voluntariado y educaci\u00f3n en el proceso de la enfermedad o incluso p\u00e9rdida, duelo y muerte, prestan ayuda una vez superada la enfermedad. Tambi\u00e9n uno de sus programas de asistencia, es <strong>la Casa de los Xuklis<\/strong>, una vivienda ubicada cerca del Hospital Universitario Valle Hebr\u00f3n, donde acogen gratuitamente a las familias que se desplazan durante el tratamiento de su hijo o hija.<\/p>\n<p>Este a\u00f1o se han vendido m\u00e1s de 6.000 gorras, y Cl\u00ednica Nexus ha participado siendo un punto de venta en nuestras Cl\u00ednicas, una acci\u00f3n que nos llena de orgullo y coraje, deseando que los 20 casos diagnosticados en Lleida disminuyan en un plazo no muy lejano.<\/p>\n<p><img loading=\"lazy\" class=\"aligncenter wp-image-21355\" src=\"https:\/\/grupnexus.com\/wp-content\/uploads\/2019\/02\/IMG-0457-1024x682.jpg\" alt=\"\" width=\"749\" height=\"499\" srcset=\"https:\/\/grupnexus.com\/wp-content\/uploads\/2019\/02\/IMG-0457-1024x682.jpg 1024w, https:\/\/grupnexus.com\/wp-content\/uploads\/2019\/02\/IMG-0457-510x340.jpg 510w, https:\/\/grupnexus.com\/wp-content\/uploads\/2019\/02\/IMG-0457-300x200.jpg 300w, https:\/\/grupnexus.com\/wp-content\/uploads\/2019\/02\/IMG-0457-768x511.jpg 768w, https:\/\/grupnexus.com\/wp-content\/uploads\/2019\/02\/IMG-0457-1140x760.jpg 1140w, https:\/\/grupnexus.com\/wp-content\/uploads\/2019\/02\/IMG-0457-555x370.jpg 555w, https:\/\/grupnexus.com\/wp-content\/uploads\/2019\/02\/IMG-0457-360x240.jpg 360w, https:\/\/grupnexus.com\/wp-content\/uploads\/2019\/02\/IMG-0457-262x175.jpg 262w, https:\/\/grupnexus.com\/wp-content\/uploads\/2019\/02\/IMG-0457.jpg 1440w\" sizes=\"(max-width: 749px) 100vw, 749px\" \/><\/p>\n<p>&nbsp;<\/p>\n<p><img loading=\"lazy\" class=\"aligncenter wp-image-21356\" src=\"https:\/\/grupnexus.com\/wp-content\/uploads\/2019\/02\/IMG-0458-1024x682.jpg\" alt=\"\" width=\"749\" height=\"499\" srcset=\"https:\/\/grupnexus.com\/wp-content\/uploads\/2019\/02\/IMG-0458-1024x682.jpg 1024w, https:\/\/grupnexus.com\/wp-content\/uploads\/2019\/02\/IMG-0458-510x340.jpg 510w, https:\/\/grupnexus.com\/wp-content\/uploads\/2019\/02\/IMG-0458-300x200.jpg 300w, https:\/\/grupnexus.com\/wp-content\/uploads\/2019\/02\/IMG-0458-768x511.jpg 768w, https:\/\/grupnexus.com\/wp-content\/uploads\/2019\/02\/IMG-0458-1140x760.jpg 1140w, https:\/\/grupnexus.com\/wp-content\/uploads\/2019\/02\/IMG-0458-555x370.jpg 555w, https:\/\/grupnexus.com\/wp-content\/uploads\/2019\/02\/IMG-0458-360x240.jpg 360w, https:\/\/grupnexus.com\/wp-content\/uploads\/2019\/02\/IMG-0458-262x175.jpg 262w, https:\/\/grupnexus.com\/wp-content\/uploads\/2019\/02\/IMG-0458.jpg 1440w\" sizes=\"(max-width: 749px) 100vw, 749px\" \/><\/p>\n<p><img loading=\"lazy\" class=\"aligncenter wp-image-21357\" src=\"https:\/\/grupnexus.com\/wp-content\/uploads\/2019\/02\/IMG-0459-1024x682.jpg\" alt=\"\" width=\"749\" height=\"499\" srcset=\"https:\/\/grupnexus.com\/wp-content\/uploads\/2019\/02\/IMG-0459-1024x682.jpg 1024w, https:\/\/grupnexus.com\/wp-content\/uploads\/2019\/02\/IMG-0459-510x340.jpg 510w, https:\/\/grupnexus.com\/wp-content\/uploads\/2019\/02\/IMG-0459-300x200.jpg 300w, https:\/\/grupnexus.com\/wp-content\/uploads\/2019\/02\/IMG-0459-768x511.jpg 768w, https:\/\/grupnexus.com\/wp-content\/uploads\/2019\/02\/IMG-0459-1140x760.jpg 1140w, https:\/\/grupnexus.com\/wp-content\/uploads\/2019\/02\/IMG-0459-555x370.jpg 555w, https:\/\/grupnexus.com\/wp-content\/uploads\/2019\/02\/IMG-0459-360x240.jpg 360w, https:\/\/grupnexus.com\/wp-content\/uploads\/2019\/02\/IMG-0459-262x175.jpg 262w, https:\/\/grupnexus.com\/wp-content\/uploads\/2019\/02\/IMG-0459.jpg 1440w\" sizes=\"(max-width: 749px) 100vw, 749px\" \/><\/p>\n<p>&nbsp;<\/p>\n<p><img loading=\"lazy\" class=\"aligncenter wp-image-21358 size-full\" src=\"https:\/\/grupnexus.com\/wp-content\/uploads\/2019\/02\/1.jpg\" alt=\"posa't la gorra\" width=\"749\" height=\"500\" srcset=\"https:\/\/grupnexus.com\/wp-content\/uploads\/2019\/02\/1.jpg 749w, https:\/\/grupnexus.com\/wp-content\/uploads\/2019\/02\/1-510x340.jpg 510w, https:\/\/grupnexus.com\/wp-content\/uploads\/2019\/02\/1-300x200.jpg 300w, https:\/\/grupnexus.com\/wp-content\/uploads\/2019\/02\/1-555x370.jpg 555w, https:\/\/grupnexus.com\/wp-content\/uploads\/2019\/02\/1-360x240.jpg 360w, https:\/\/grupnexus.com\/wp-content\/uploads\/2019\/02\/1-262x175.jpg 262w\" sizes=\"(max-width: 749px) 100vw, 749px\" \/><\/p>\n<p>&nbsp;<\/p>\n<p>&nbsp;<\/p>\n<p>*Fotos de La Manyana, Territoris.cat, Paeria y Posa\u2019t la gorra<\/p>\n","protected":false},"excerpt":{"rendered":"<p>Lleida, 18 de febrero de 2019.- Ayer domingo se celebr\u00f3 la 6\u00aa edici\u00f3n de la fiesta \u00abPosa\u2019t la gorra\u00bb, organizada por Afanoc. Acto que culmina la campa\u00f1a de venta de gorras con el objetivo de recaudar dinero para la Asociaci\u00f3n, y que reuni\u00f3 a m\u00e1s de 6.000 personas al Tur\u00f3 de la Seu Vella. Actividades&#8230;<\/p>\n","protected":false},"author":6,"featured_media":21359,"comment_status":"closed","ping_status":"closed","sticky":false,"template":"","format":"standard","meta":[],"categories":[2,330,358],"tags":[532,362],"yoast_head":"<!-- This site is optimized with the Yoast SEO plugin v18.6 - https:\/\/yoast.com\/wordpress\/plugins\/seo\/ -->\n<title>Cl\u00ednica Nexus solidaria con los ni\u00f1os y ni\u00f1as enfermos de c\u00e1ncer<\/title>\n<meta name=\"robots\" content=\"index, follow, max-snippet:-1, max-image-preview:large, max-video-preview:-1\" \/>\n<link rel=\"canonical\" href=\"https:\/\/grupnexus.com\/es\/posat-la-gorra-6a-edicion\/\" \/>\n<meta property=\"og:locale\" content=\"es_ES\" \/>\n<meta property=\"og:type\" content=\"article\" \/>\n<meta property=\"og:title\" content=\"Cl\u00ednica Nexus solidaria con los ni\u00f1os y ni\u00f1as enfermos de c\u00e1ncer\" \/>\n<meta property=\"og:description\" content=\"Lleida, 18 de febrero de 2019.- Ayer domingo se celebr\u00f3 la 6\u00aa edici\u00f3n de la fiesta \u00abPosa\u2019t la gorra\u00bb, organizada por Afanoc. Acto que culmina la campa\u00f1a de venta de gorras con el objetivo de recaudar dinero para la Asociaci\u00f3n, y que reuni\u00f3 a m\u00e1s de 6.000 personas al Tur\u00f3 de la Seu Vella. Actividades...\" \/>\n<meta property=\"og:url\" content=\"https:\/\/grupnexus.com\/es\/posat-la-gorra-6a-edicion\/\" \/>\n<meta property=\"og:site_name\" content=\"Cl\u00ednica Nexus\" \/>\n<meta property=\"article:published_time\" content=\"2019-02-18T14:14:40+00:00\" \/>\n<meta property=\"article:modified_time\" content=\"2019-02-18T14:23:43+00:00\" \/>\n<meta property=\"og:image\" content=\"https:\/\/i0.wp.com\/grupnexus.com\/wp-content\/uploads\/2019\/02\/IMG-9985.jpg?fit=1600%2C1066&#038;ssl=1\" \/>\n\t<meta property=\"og:image:width\" content=\"1600\" \/>\n\t<meta property=\"og:image:height\" content=\"1066\" \/>\n\t<meta property=\"og:image:type\" content=\"image\/jpeg\" \/>\n<meta name=\"twitter:card\" content=\"summary\" \/>\n<meta name=\"twitter:label1\" content=\"Escrito por\" \/>\n\t<meta name=\"twitter:data1\" content=\"Cl\u00ednica Nexus\" \/>\n\t<meta name=\"twitter:label2\" content=\"Tiempo de lectura\" \/>\n\t<meta name=\"twitter:data2\" content=\"1 minuto\" \/>\n<script type=\"application\/ld+json\" class=\"yoast-schema-graph\">{\"@context\":\"https:\/\/schema.org\",\"@graph\":[{\"@type\":\"WebSite\",\"@id\":\"https:\/\/grupnexus.com\/es\/#website\",\"url\":\"https:\/\/grupnexus.com\/es\/\",\"name\":\"Cl\u00ednica Nexus\",\"description\":\"L\u00edders en Medicina Est\u00e8tica Avan\u00e7ada\",\"potentialAction\":[{\"@type\":\"SearchAction\",\"target\":{\"@type\":\"EntryPoint\",\"urlTemplate\":\"https:\/\/grupnexus.com\/es\/?s={search_term_string}\"},\"query-input\":\"required name=search_term_string\"}],\"inLanguage\":\"es\"},{\"@type\":\"ImageObject\",\"@id\":\"https:\/\/grupnexus.com\/es\/posat-la-gorra-6a-edicion\/#primaryimage\",\"inLanguage\":\"es\",\"url\":\"https:\/\/grupnexus.com\/wp-content\/uploads\/2019\/02\/IMG-9985.jpg\",\"contentUrl\":\"https:\/\/grupnexus.com\/wp-content\/uploads\/2019\/02\/IMG-9985.jpg\",\"width\":1600,\"height\":1066,\"caption\":\"Posa't la gorra Nexus\"},{\"@type\":\"WebPage\",\"@id\":\"https:\/\/grupnexus.com\/es\/posat-la-gorra-6a-edicion\/#webpage\",\"url\":\"https:\/\/grupnexus.com\/es\/posat-la-gorra-6a-edicion\/\",\"name\":\"Cl\u00ednica Nexus solidaria con los ni\u00f1os y ni\u00f1as enfermos de c\u00e1ncer\",\"isPartOf\":{\"@id\":\"https:\/\/grupnexus.com\/es\/#website\"},\"primaryImageOfPage\":{\"@id\":\"https:\/\/grupnexus.com\/es\/posat-la-gorra-6a-edicion\/#primaryimage\"},\"datePublished\":\"2019-02-18T14:14:40+00:00\",\"dateModified\":\"2019-02-18T14:23:43+00:00\",\"author\":{\"@id\":\"https:\/\/grupnexus.com\/es\/#\/schema\/person\/7d42f30e6bd203d23a2c1613b51145c3\"},\"breadcrumb\":{\"@id\":\"https:\/\/grupnexus.com\/es\/posat-la-gorra-6a-edicion\/#breadcrumb\"},\"inLanguage\":\"es\",\"potentialAction\":[{\"@type\":\"ReadAction\",\"target\":[\"https:\/\/grupnexus.com\/es\/posat-la-gorra-6a-edicion\/\"]}]},{\"@type\":\"BreadcrumbList\",\"@id\":\"https:\/\/grupnexus.com\/es\/posat-la-gorra-6a-edicion\/#breadcrumb\",\"itemListElement\":[{\"@type\":\"ListItem\",\"position\":1,\"name\":\"Portada\",\"item\":\"https:\/\/grupnexus.com\/es\/\"},{\"@type\":\"ListItem\",\"position\":2,\"name\":\"Cl\u00ednica Nexus solidaria con los ni\u00f1os y ni\u00f1as enfermos de c\u00e1ncer\"}]},{\"@type\":\"Person\",\"@id\":\"https:\/\/grupnexus.com\/es\/#\/schema\/person\/7d42f30e6bd203d23a2c1613b51145c3\",\"name\":\"Cl\u00ednica Nexus\",\"image\":{\"@type\":\"ImageObject\",\"@id\":\"https:\/\/grupnexus.com\/es\/#personlogo\",\"inLanguage\":\"es\",\"url\":\"https:\/\/secure.gravatar.com\/avatar\/f1f98ef0d641a3a6af0accea5a5971ef?s=96&d=mm&r=g\",\"contentUrl\":\"https:\/\/secure.gravatar.com\/avatar\/f1f98ef0d641a3a6af0accea5a5971ef?s=96&d=mm&r=g\",\"caption\":\"Cl\u00ednica Nexus\"}}]}<\/script>\n<!-- \/ Yoast SEO plugin. -->","yoast_head_json":{"title":"Cl\u00ednica Nexus solidaria con los ni\u00f1os y ni\u00f1as enfermos de c\u00e1ncer","robots":{"index":"index","follow":"follow","max-snippet":"max-snippet:-1","max-image-preview":"max-image-preview:large","max-video-preview":"max-video-preview:-1"},"canonical":"https:\/\/grupnexus.com\/es\/posat-la-gorra-6a-edicion\/","og_locale":"es_ES","og_type":"article","og_title":"Cl\u00ednica Nexus solidaria con los ni\u00f1os y ni\u00f1as enfermos de c\u00e1ncer","og_description":"Lleida, 18 de febrero de 2019.- Ayer domingo se celebr\u00f3 la 6\u00aa edici\u00f3n de la fiesta \u00abPosa\u2019t la gorra\u00bb, organizada por Afanoc. Acto que culmina la campa\u00f1a de venta de gorras con el objetivo de recaudar dinero para la Asociaci\u00f3n, y que reuni\u00f3 a m\u00e1s de 6.000 personas al Tur\u00f3 de la Seu Vella. Actividades...","og_url":"https:\/\/grupnexus.com\/es\/posat-la-gorra-6a-edicion\/","og_site_name":"Cl\u00ednica Nexus","article_published_time":"2019-02-18T14:14:40+00:00","article_modified_time":"2019-02-18T14:23:43+00:00","og_image":[{"width":1600,"height":1066,"url":"https:\/\/i0.wp.com\/grupnexus.com\/wp-content\/uploads\/2019\/02\/IMG-9985.jpg?fit=1600%2C1066&ssl=1","type":"image\/jpeg"}],"twitter_card":"summary","twitter_misc":{"Escrito por":"Cl\u00ednica Nexus","Tiempo de lectura":"1 minuto"},"schema":{"@context":"https:\/\/schema.org","@graph":[{"@type":"WebSite","@id":"https:\/\/grupnexus.com\/es\/#website","url":"https:\/\/grupnexus.com\/es\/","name":"Cl\u00ednica Nexus","description":"L\u00edders en Medicina Est\u00e8tica Avan\u00e7ada","potentialAction":[{"@type":"SearchAction","target":{"@type":"EntryPoint","urlTemplate":"https:\/\/grupnexus.com\/es\/?s={search_term_string}"},"query-input":"required name=search_term_string"}],"inLanguage":"es"},{"@type":"ImageObject","@id":"https:\/\/grupnexus.com\/es\/posat-la-gorra-6a-edicion\/#primaryimage","inLanguage":"es","url":"https:\/\/grupnexus.com\/wp-content\/uploads\/2019\/02\/IMG-9985.jpg","contentUrl":"https:\/\/grupnexus.com\/wp-content\/uploads\/2019\/02\/IMG-9985.jpg","width":1600,"height":1066,"caption":"Posa't la gorra Nexus"},{"@type":"WebPage","@id":"https:\/\/grupnexus.com\/es\/posat-la-gorra-6a-edicion\/#webpage","url":"https:\/\/grupnexus.com\/es\/posat-la-gorra-6a-edicion\/","name":"Cl\u00ednica Nexus solidaria con los ni\u00f1os y ni\u00f1as enfermos de c\u00e1ncer","isPartOf":{"@id":"https:\/\/grupnexus.com\/es\/#website"},"primaryImageOfPage":{"@id":"https:\/\/grupnexus.com\/es\/posat-la-gorra-6a-edicion\/#primaryimage"},"datePublished":"2019-02-18T14:14:40+00:00","dateModified":"2019-02-18T14:23:43+00:00","author":{"@id":"https:\/\/grupnexus.com\/es\/#\/schema\/person\/7d42f30e6bd203d23a2c1613b51145c3"},"breadcrumb":{"@id":"https:\/\/grupnexus.com\/es\/posat-la-gorra-6a-edicion\/#breadcrumb"},"inLanguage":"es","potentialAction":[{"@type":"ReadAction","target":["https:\/\/grupnexus.com\/es\/posat-la-gorra-6a-edicion\/"]}]},{"@type":"BreadcrumbList","@id":"https:\/\/grupnexus.com\/es\/posat-la-gorra-6a-edicion\/#breadcrumb","itemListElement":[{"@type":"ListItem","position":1,"name":"Portada","item":"https:\/\/grupnexus.com\/es\/"},{"@type":"ListItem","position":2,"name":"Cl\u00ednica Nexus solidaria con los ni\u00f1os y ni\u00f1as enfermos de c\u00e1ncer"}]},{"@type":"Person","@id":"https:\/\/grupnexus.com\/es\/#\/schema\/person\/7d42f30e6bd203d23a2c1613b51145c3","name":"Cl\u00ednica Nexus","image":{"@type":"ImageObject","@id":"https:\/\/grupnexus.com\/es\/#personlogo","inLanguage":"es","url":"https:\/\/secure.gravatar.com\/avatar\/f1f98ef0d641a3a6af0accea5a5971ef?s=96&d=mm&r=g","contentUrl":"https:\/\/secure.gravatar.com\/avatar\/f1f98ef0d641a3a6af0accea5a5971ef?s=96&d=mm&r=g","caption":"Cl\u00ednica Nexus"}}]}},"_links":{"self":[{"href":"https:\/\/grupnexus.com\/es\/wp-json\/wp\/v2\/posts\/21363"}],"collection":[{"href":"https:\/\/grupnexus.com\/es\/wp-json\/wp\/v2\/posts"}],"about":[{"href":"https:\/\/grupnexus.com\/es\/wp-json\/wp\/v2\/types\/post"}],"author":[{"embeddable":true,"href":"https:\/\/grupnexus.com\/es\/wp-json\/wp\/v2\/users\/6"}],"replies":[{"embeddable":true,"href":"https:\/\/grupnexus.com\/es\/wp-json\/wp\/v2\/comments?post=21363"}],"version-history":[{"count":3,"href":"https:\/\/grupnexus.com\/es\/wp-json\/wp\/v2\/posts\/21363\/revisions"}],"predecessor-version":[{"id":21366,"href":"https:\/\/grupnexus.com\/es\/wp-json\/wp\/v2\/posts\/21363\/revisions\/21366"}],"wp:featuredmedia":[{"embeddable":true,"href":"https:\/\/grupnexus.com\/es\/wp-json\/wp\/v2\/media\/21359"}],"wp:attachment":[{"href":"https:\/\/grupnexus.com\/es\/wp-json\/wp\/v2\/media?parent=21363"}],"wp:term":[{"taxonomy":"category","embeddable":true,"href":"https:\/\/grupnexus.com\/es\/wp-json\/wp\/v2\/categories?post=21363"},{"taxonomy":"post_tag","embeddable":true,"href":"https:\/\/grupnexus.com\/es\/wp-json\/wp\/v2\/tags?post=21363"}],"curies":[{"name":"wp","href":"https:\/\/api.w.org\/{rel}","templated":true}]}}