{"id":22256,"date":"2019-03-15T13:09:06","date_gmt":"2019-03-15T11:09:06","guid":{"rendered":"https:\/\/www.grupnexus.com\/?p=22256\/"},"modified":"2022-05-13T12:56:06","modified_gmt":"2022-05-13T10:56:06","slug":"micropigmentacion-labial-acido-hialuronico-testimonio-karla","status":"publish","type":"post","link":"https:\/\/grupnexus.com\/es\/micropigmentacion-labial-acido-hialuronico-testimonio-karla\/","title":{"rendered":"Karla Ferve: \u00abCon el \u00c1cido Hialur\u00f3nico y la Micropigmentaci\u00f3n de Nexus he podido prescindir de mis pintalabios\u00bb"},"content":{"rendered":"<p><strong>Karla Ferve, una de las mejores atletas del Fitness nacional e internacional,<\/strong> nos ha vuelto a visitar porque quer\u00eda resaltar la belleza de su rostro potenciando sus labios. As\u00ed que, los mejores tratamientos que <strong>Cl\u00ednica Nexus<\/strong> pod\u00eda ofrecerle era la <strong>micropigmentaci\u00f3n labial<\/strong> combinada con la <strong>infiltraci\u00f3n de \u00e1cido hialur\u00f3nico de alta gama para labios<\/strong>. \u00a1Los resultados han sido muy naturales! A continuaci\u00f3n, nos cuenta su experiencia:<\/p>\n<p>\u00abCreo que a la hora de hacerte cualquier tratamiento debes tener en cuenta la cl\u00ednica que eliges, es un factor muy importante que marca la diferencia para obtener resultados de alta calidad, y para m\u00ed <strong>Nexus es la cl\u00ednica de confianza por las experiencias positivas que he vivido en todo este tiempo.<\/strong> Estoy \u00abencantad\u00edsima\u00bb con los beneficios que ha obtenido mi piel gracias a tratamientos como la<strong> Prote\u00edna natural purificada<\/strong>, entre otros. Ahora, en cambio, necesitaba mejorar otra parte de mi rostro que nunca hab\u00eda tratado: <strong>mis labios<\/strong>, cre\u00eda que <strong>les faltaba volumen y carnosidad.<\/strong> Para conseguir los resultados que quer\u00eda, la directora de la cl\u00ednica,<strong> Montse Monjo<\/strong>, me asesor\u00f3, como siempre, de la mejor manera, recomend\u00e1ndome dos m\u00e9todos muy innovadores: <strong>el \u00e1cido hialur\u00f3nico de alta gama para labios con una duraci\u00f3n de 18 meses y la micropigmentaci\u00f3n labial con efecto volumen. \u00ab<\/strong><\/p>\n<p><strong>\u00abEl procedimiento de la aplicaci\u00f3n del \u00e1cido hialur\u00f3nico es sencillo<\/strong>. Antes de comenzar el tratamiento te aplican una crema anest\u00e9sica, as\u00ed cuando el Dr. Pin\u00f3s, director m\u00e9dico, te inyecta el \u00e1cido hialur\u00f3nico cuidadosamente s\u00f3lo sientes un poco los \u00abpinchazos\u00bb. Te infiltra el \u00e1cido hialur\u00f3nico en partes concretas de los labios para darle la forma y el volumen deseado.<strong> Los resultados son inmediatos<\/strong>, al primer momento te ves los labios bastante hinchados, pero con los d\u00edas se baja la inflamaci\u00f3n y<strong> quedan muy naturales<\/strong>. Adem\u00e1s, la textura de los labios tambi\u00e9n mejora gracias a este \u00e1cido hialur\u00f3nico, espec\u00edfico para estos. Los <strong>estimula, regenera, restaura los vol\u00famenes perdidos, hidrata y aporta mucha suavidad.<\/strong> Este tratamiento lo compaginamos con la <strong>micropigmentaci\u00f3n labial,<\/strong> pero no con una micropigmentaci\u00f3n \u00abhabitual\u00bb sino con una<strong> t\u00e9cnica m\u00e1s innovadora<\/strong> de la mano de la especialista Gemma Micropigmentaci\u00f3n. Un <strong>nuevo m\u00e9todo de maquillaje semipermanente<\/strong> que busca poder prescindir de los pintalabios en el d\u00eda a d\u00eda a trav\u00e9s de la definici\u00f3n y la coloraci\u00f3n de los labios con un matiz de aspecto natural. En mi caso, eleg\u00ed una tonalidad m\u00e1s rojiza. <strong>\u00a1Los resultados son fant\u00e1sticos!<\/strong> Te quedan unos <strong>labios perfectos, con efecto de recien pintados<\/strong> y perfilados con efecto gloss. \u00a1Gracias a la combinaci\u00f3n de estos dos tratamientos <strong>tengo unos labios de cine!<\/strong><\/p>\n<p><img loading=\"lazy\" class=\"aligncenter size-large wp-image-25531\" src=\"https:\/\/grupnexus.com\/wp-content\/uploads\/2019\/03\/Karla-post_tractament-576x1024.jpg\" alt=\"micropigmentacio\" width=\"576\" height=\"1024\" srcset=\"https:\/\/grupnexus.com\/wp-content\/uploads\/2019\/03\/Karla-post_tractament-576x1024.jpg 576w, https:\/\/grupnexus.com\/wp-content\/uploads\/2019\/03\/Karla-post_tractament-510x907.jpg 510w, https:\/\/grupnexus.com\/wp-content\/uploads\/2019\/03\/Karla-post_tractament-169x300.jpg 169w, https:\/\/grupnexus.com\/wp-content\/uploads\/2019\/03\/Karla-post_tractament-768x1365.jpg 768w, https:\/\/grupnexus.com\/wp-content\/uploads\/2019\/03\/Karla-post_tractament-432x768.jpg 432w, https:\/\/grupnexus.com\/wp-content\/uploads\/2019\/03\/Karla-post_tractament-555x987.jpg 555w, https:\/\/grupnexus.com\/wp-content\/uploads\/2019\/03\/Karla-post_tractament-360x640.jpg 360w, https:\/\/grupnexus.com\/wp-content\/uploads\/2019\/03\/Karla-post_tractament-262x466.jpg 262w, https:\/\/grupnexus.com\/wp-content\/uploads\/2019\/03\/Karla-post_tractament.jpg 828w\" sizes=\"(max-width: 576px) 100vw, 576px\" \/><\/p>\n<blockquote><p>\u00abLo recomendar\u00eda a todo el mundo que quiera una mejora visual de sus labios manteniendo su esencia. \u00a1En<strong> Cl\u00ednica Nexus siempre conseguir\u00e1s los mejores resultados y de la manera m\u00e1s natural! \u00ab<\/strong><\/p><\/blockquote>\n<p><img loading=\"lazy\" class=\"aligncenter size-full wp-image-25532\" src=\"https:\/\/grupnexus.com\/wp-content\/uploads\/2019\/03\/Karla_Montse.jpg\" alt=\"Micropigmentaci\u00f3 Nexus\" width=\"1024\" height=\"1024\" srcset=\"https:\/\/grupnexus.com\/wp-content\/uploads\/2019\/03\/Karla_Montse.jpg 1024w, https:\/\/grupnexus.com\/wp-content\/uploads\/2019\/03\/Karla_Montse-400x400.jpg 400w, https:\/\/grupnexus.com\/wp-content\/uploads\/2019\/03\/Karla_Montse-100x100.jpg 100w, https:\/\/grupnexus.com\/wp-content\/uploads\/2019\/03\/Karla_Montse-510x510.jpg 510w, https:\/\/grupnexus.com\/wp-content\/uploads\/2019\/03\/Karla_Montse-150x150.jpg 150w, https:\/\/grupnexus.com\/wp-content\/uploads\/2019\/03\/Karla_Montse-300x300.jpg 300w, https:\/\/grupnexus.com\/wp-content\/uploads\/2019\/03\/Karla_Montse-768x768.jpg 768w, https:\/\/grupnexus.com\/wp-content\/uploads\/2019\/03\/Karla_Montse-60x60.jpg 60w, https:\/\/grupnexus.com\/wp-content\/uploads\/2019\/03\/Karla_Montse-43x43.jpg 43w, https:\/\/grupnexus.com\/wp-content\/uploads\/2019\/03\/Karla_Montse-555x555.jpg 555w, https:\/\/grupnexus.com\/wp-content\/uploads\/2019\/03\/Karla_Montse-360x360.jpg 360w, https:\/\/grupnexus.com\/wp-content\/uploads\/2019\/03\/Karla_Montse-262x262.jpg 262w\" sizes=\"(max-width: 1024px) 100vw, 1024px\" \/><\/p>\n<p><img loading=\"lazy\" class=\"aligncenter size-large wp-image-25533\" src=\"https:\/\/grupnexus.com\/wp-content\/uploads\/2019\/03\/Karla_Nexus-768x1024.jpg\" alt=\"Clinica Nexus\" width=\"768\" height=\"1024\" srcset=\"https:\/\/grupnexus.com\/wp-content\/uploads\/2019\/03\/Karla_Nexus.jpg 768w, https:\/\/grupnexus.com\/wp-content\/uploads\/2019\/03\/Karla_Nexus-510x680.jpg 510w, https:\/\/grupnexus.com\/wp-content\/uploads\/2019\/03\/Karla_Nexus-225x300.jpg 225w, https:\/\/grupnexus.com\/wp-content\/uploads\/2019\/03\/Karla_Nexus-576x768.jpg 576w, https:\/\/grupnexus.com\/wp-content\/uploads\/2019\/03\/Karla_Nexus-555x740.jpg 555w, https:\/\/grupnexus.com\/wp-content\/uploads\/2019\/03\/Karla_Nexus-360x480.jpg 360w, https:\/\/grupnexus.com\/wp-content\/uploads\/2019\/03\/Karla_Nexus-262x349.jpg 262w\" sizes=\"(max-width: 768px) 100vw, 768px\" \/><\/p>\n","protected":false},"excerpt":{"rendered":"<p>Karla Ferve, una de las mejores atletas del Fitness nacional e internacional, nos ha vuelto a visitar porque quer\u00eda resaltar la belleza de su rostro potenciando sus labios. As\u00ed que, los mejores tratamientos que Cl\u00ednica Nexus pod\u00eda ofrecerle era la micropigmentaci\u00f3n labial combinada con la infiltraci\u00f3n de \u00e1cido hialur\u00f3nico de alta gama para labios. \u00a1Los&#8230;<\/p>\n","protected":false},"author":6,"featured_media":22251,"comment_status":"closed","ping_status":"closed","sticky":false,"template":"","format":"standard","meta":[],"categories":[2,330,464],"tags":[549,550],"yoast_head":"<!-- This site is optimized with the Yoast SEO plugin v18.6 - https:\/\/yoast.com\/wordpress\/plugins\/seo\/ -->\n<title>Micropigmentaci\u00f3n labial y \u00e1cido hialur\u00f3nico: testimonio Karla<\/title>\n<meta name=\"description\" content=\"Tractaments m\u00e8dicoest\u00e8tics de Cl\u00ednica Nexus com la micropigmentaci\u00f3 labial. Tratactaments amb \u00e0cid hialur\u00f2nic.\" \/>\n<meta name=\"robots\" content=\"index, follow, max-snippet:-1, max-image-preview:large, max-video-preview:-1\" \/>\n<link rel=\"canonical\" href=\"https:\/\/grupnexus.com\/es\/micropigmentacion-labial-acido-hialuronico-testimonio-karla\/\" \/>\n<meta property=\"og:locale\" content=\"es_ES\" \/>\n<meta property=\"og:type\" content=\"article\" \/>\n<meta property=\"og:title\" content=\"Micropigmentaci\u00f3n labial y \u00e1cido hialur\u00f3nico: testimonio Karla\" \/>\n<meta property=\"og:description\" content=\"Tractaments m\u00e8dicoest\u00e8tics de Cl\u00ednica Nexus com la micropigmentaci\u00f3 labial. Tratactaments amb \u00e0cid hialur\u00f2nic.\" \/>\n<meta property=\"og:url\" content=\"https:\/\/grupnexus.com\/es\/micropigmentacion-labial-acido-hialuronico-testimonio-karla\/\" \/>\n<meta property=\"og:site_name\" content=\"Cl\u00ednica Nexus\" \/>\n<meta property=\"article:published_time\" content=\"2019-03-15T11:09:06+00:00\" \/>\n<meta property=\"article:modified_time\" content=\"2022-05-13T10:56:06+00:00\" \/>\n<meta property=\"og:image\" content=\"https:\/\/grupnexus.com\/wp-content\/uploads\/2019\/03\/Abans-i-despres.jpg\" \/>\n\t<meta property=\"og:image:width\" content=\"750\" \/>\n\t<meta property=\"og:image:height\" content=\"747\" \/>\n\t<meta property=\"og:image:type\" content=\"image\/jpeg\" \/>\n<meta name=\"twitter:card\" content=\"summary\" \/>\n<meta name=\"twitter:label1\" content=\"Escrito por\" \/>\n\t<meta name=\"twitter:data1\" content=\"Cl\u00ednica Nexus\" \/>\n\t<meta name=\"twitter:label2\" content=\"Tiempo de lectura\" \/>\n\t<meta name=\"twitter:data2\" content=\"3 minutos\" \/>\n<script type=\"application\/ld+json\" class=\"yoast-schema-graph\">{\"@context\":\"https:\/\/schema.org\",\"@graph\":[{\"@type\":\"WebSite\",\"@id\":\"https:\/\/grupnexus.com\/es\/#website\",\"url\":\"https:\/\/grupnexus.com\/es\/\",\"name\":\"Cl\u00ednica Nexus\",\"description\":\"L\u00edders en Medicina Est\u00e8tica Avan\u00e7ada\",\"potentialAction\":[{\"@type\":\"SearchAction\",\"target\":{\"@type\":\"EntryPoint\",\"urlTemplate\":\"https:\/\/grupnexus.com\/es\/?s={search_term_string}\"},\"query-input\":\"required name=search_term_string\"}],\"inLanguage\":\"es\"},{\"@type\":\"ImageObject\",\"@id\":\"https:\/\/grupnexus.com\/es\/micropigmentacion-labial-acido-hialuronico-testimonio-karla\/#primaryimage\",\"inLanguage\":\"es\",\"url\":\"https:\/\/grupnexus.com\/wp-content\/uploads\/2019\/03\/Abans-i-despres.jpg\",\"contentUrl\":\"https:\/\/grupnexus.com\/wp-content\/uploads\/2019\/03\/Abans-i-despres.jpg\",\"width\":750,\"height\":747,\"caption\":\"micropigmentacio labial\"},{\"@type\":\"WebPage\",\"@id\":\"https:\/\/grupnexus.com\/es\/micropigmentacion-labial-acido-hialuronico-testimonio-karla\/#webpage\",\"url\":\"https:\/\/grupnexus.com\/es\/micropigmentacion-labial-acido-hialuronico-testimonio-karla\/\",\"name\":\"Micropigmentaci\u00f3n labial y \u00e1cido hialur\u00f3nico: testimonio Karla\",\"isPartOf\":{\"@id\":\"https:\/\/grupnexus.com\/es\/#website\"},\"primaryImageOfPage\":{\"@id\":\"https:\/\/grupnexus.com\/es\/micropigmentacion-labial-acido-hialuronico-testimonio-karla\/#primaryimage\"},\"datePublished\":\"2019-03-15T11:09:06+00:00\",\"dateModified\":\"2022-05-13T10:56:06+00:00\",\"author\":{\"@id\":\"https:\/\/grupnexus.com\/es\/#\/schema\/person\/7d42f30e6bd203d23a2c1613b51145c3\"},\"description\":\"Tractaments m\u00e8dicoest\u00e8tics de Cl\u00ednica Nexus com la micropigmentaci\u00f3 labial. Tratactaments amb \u00e0cid hialur\u00f2nic.\",\"breadcrumb\":{\"@id\":\"https:\/\/grupnexus.com\/es\/micropigmentacion-labial-acido-hialuronico-testimonio-karla\/#breadcrumb\"},\"inLanguage\":\"es\",\"potentialAction\":[{\"@type\":\"ReadAction\",\"target\":[\"https:\/\/grupnexus.com\/es\/micropigmentacion-labial-acido-hialuronico-testimonio-karla\/\"]}]},{\"@type\":\"BreadcrumbList\",\"@id\":\"https:\/\/grupnexus.com\/es\/micropigmentacion-labial-acido-hialuronico-testimonio-karla\/#breadcrumb\",\"itemListElement\":[{\"@type\":\"ListItem\",\"position\":1,\"name\":\"Portada\",\"item\":\"https:\/\/grupnexus.com\/es\/\"},{\"@type\":\"ListItem\",\"position\":2,\"name\":\"Karla Ferve: &#8220;Con el \u00c1cido Hialur\u00f3nico y la Micropigmentaci\u00f3n de Nexus he podido prescindir de mis pintalabios&#8221;\"}]},{\"@type\":\"Person\",\"@id\":\"https:\/\/grupnexus.com\/es\/#\/schema\/person\/7d42f30e6bd203d23a2c1613b51145c3\",\"name\":\"Cl\u00ednica Nexus\",\"image\":{\"@type\":\"ImageObject\",\"@id\":\"https:\/\/grupnexus.com\/es\/#personlogo\",\"inLanguage\":\"es\",\"url\":\"https:\/\/secure.gravatar.com\/avatar\/f1f98ef0d641a3a6af0accea5a5971ef?s=96&d=mm&r=g\",\"contentUrl\":\"https:\/\/secure.gravatar.com\/avatar\/f1f98ef0d641a3a6af0accea5a5971ef?s=96&d=mm&r=g\",\"caption\":\"Cl\u00ednica Nexus\"}}]}<\/script>\n<!-- \/ Yoast SEO plugin. -->","yoast_head_json":{"title":"Micropigmentaci\u00f3n labial y \u00e1cido hialur\u00f3nico: testimonio Karla","description":"Tractaments m\u00e8dicoest\u00e8tics de Cl\u00ednica Nexus com la micropigmentaci\u00f3 labial. Tratactaments amb \u00e0cid hialur\u00f2nic.","robots":{"index":"index","follow":"follow","max-snippet":"max-snippet:-1","max-image-preview":"max-image-preview:large","max-video-preview":"max-video-preview:-1"},"canonical":"https:\/\/grupnexus.com\/es\/micropigmentacion-labial-acido-hialuronico-testimonio-karla\/","og_locale":"es_ES","og_type":"article","og_title":"Micropigmentaci\u00f3n labial y \u00e1cido hialur\u00f3nico: testimonio Karla","og_description":"Tractaments m\u00e8dicoest\u00e8tics de Cl\u00ednica Nexus com la micropigmentaci\u00f3 labial. Tratactaments amb \u00e0cid hialur\u00f2nic.","og_url":"https:\/\/grupnexus.com\/es\/micropigmentacion-labial-acido-hialuronico-testimonio-karla\/","og_site_name":"Cl\u00ednica Nexus","article_published_time":"2019-03-15T11:09:06+00:00","article_modified_time":"2022-05-13T10:56:06+00:00","og_image":[{"width":750,"height":747,"url":"https:\/\/grupnexus.com\/wp-content\/uploads\/2019\/03\/Abans-i-despres.jpg","type":"image\/jpeg"}],"twitter_card":"summary","twitter_misc":{"Escrito por":"Cl\u00ednica Nexus","Tiempo de lectura":"3 minutos"},"schema":{"@context":"https:\/\/schema.org","@graph":[{"@type":"WebSite","@id":"https:\/\/grupnexus.com\/es\/#website","url":"https:\/\/grupnexus.com\/es\/","name":"Cl\u00ednica Nexus","description":"L\u00edders en Medicina Est\u00e8tica Avan\u00e7ada","potentialAction":[{"@type":"SearchAction","target":{"@type":"EntryPoint","urlTemplate":"https:\/\/grupnexus.com\/es\/?s={search_term_string}"},"query-input":"required name=search_term_string"}],"inLanguage":"es"},{"@type":"ImageObject","@id":"https:\/\/grupnexus.com\/es\/micropigmentacion-labial-acido-hialuronico-testimonio-karla\/#primaryimage","inLanguage":"es","url":"https:\/\/grupnexus.com\/wp-content\/uploads\/2019\/03\/Abans-i-despres.jpg","contentUrl":"https:\/\/grupnexus.com\/wp-content\/uploads\/2019\/03\/Abans-i-despres.jpg","width":750,"height":747,"caption":"micropigmentacio labial"},{"@type":"WebPage","@id":"https:\/\/grupnexus.com\/es\/micropigmentacion-labial-acido-hialuronico-testimonio-karla\/#webpage","url":"https:\/\/grupnexus.com\/es\/micropigmentacion-labial-acido-hialuronico-testimonio-karla\/","name":"Micropigmentaci\u00f3n labial y \u00e1cido hialur\u00f3nico: testimonio Karla","isPartOf":{"@id":"https:\/\/grupnexus.com\/es\/#website"},"primaryImageOfPage":{"@id":"https:\/\/grupnexus.com\/es\/micropigmentacion-labial-acido-hialuronico-testimonio-karla\/#primaryimage"},"datePublished":"2019-03-15T11:09:06+00:00","dateModified":"2022-05-13T10:56:06+00:00","author":{"@id":"https:\/\/grupnexus.com\/es\/#\/schema\/person\/7d42f30e6bd203d23a2c1613b51145c3"},"description":"Tractaments m\u00e8dicoest\u00e8tics de Cl\u00ednica Nexus com la micropigmentaci\u00f3 labial. Tratactaments amb \u00e0cid hialur\u00f2nic.","breadcrumb":{"@id":"https:\/\/grupnexus.com\/es\/micropigmentacion-labial-acido-hialuronico-testimonio-karla\/#breadcrumb"},"inLanguage":"es","potentialAction":[{"@type":"ReadAction","target":["https:\/\/grupnexus.com\/es\/micropigmentacion-labial-acido-hialuronico-testimonio-karla\/"]}]},{"@type":"BreadcrumbList","@id":"https:\/\/grupnexus.com\/es\/micropigmentacion-labial-acido-hialuronico-testimonio-karla\/#breadcrumb","itemListElement":[{"@type":"ListItem","position":1,"name":"Portada","item":"https:\/\/grupnexus.com\/es\/"},{"@type":"ListItem","position":2,"name":"Karla Ferve: &#8220;Con el \u00c1cido Hialur\u00f3nico y la Micropigmentaci\u00f3n de Nexus he podido prescindir de mis pintalabios&#8221;"}]},{"@type":"Person","@id":"https:\/\/grupnexus.com\/es\/#\/schema\/person\/7d42f30e6bd203d23a2c1613b51145c3","name":"Cl\u00ednica Nexus","image":{"@type":"ImageObject","@id":"https:\/\/grupnexus.com\/es\/#personlogo","inLanguage":"es","url":"https:\/\/secure.gravatar.com\/avatar\/f1f98ef0d641a3a6af0accea5a5971ef?s=96&d=mm&r=g","contentUrl":"https:\/\/secure.gravatar.com\/avatar\/f1f98ef0d641a3a6af0accea5a5971ef?s=96&d=mm&r=g","caption":"Cl\u00ednica Nexus"}}]}},"_links":{"self":[{"href":"https:\/\/grupnexus.com\/es\/wp-json\/wp\/v2\/posts\/22256"}],"collection":[{"href":"https:\/\/grupnexus.com\/es\/wp-json\/wp\/v2\/posts"}],"about":[{"href":"https:\/\/grupnexus.com\/es\/wp-json\/wp\/v2\/types\/post"}],"author":[{"embeddable":true,"href":"https:\/\/grupnexus.com\/es\/wp-json\/wp\/v2\/users\/6"}],"replies":[{"embeddable":true,"href":"https:\/\/grupnexus.com\/es\/wp-json\/wp\/v2\/comments?post=22256"}],"version-history":[{"count":3,"href":"https:\/\/grupnexus.com\/es\/wp-json\/wp\/v2\/posts\/22256\/revisions"}],"predecessor-version":[{"id":50437,"href":"https:\/\/grupnexus.com\/es\/wp-json\/wp\/v2\/posts\/22256\/revisions\/50437"}],"wp:featuredmedia":[{"embeddable":true,"href":"https:\/\/grupnexus.com\/es\/wp-json\/wp\/v2\/media\/22251"}],"wp:attachment":[{"href":"https:\/\/grupnexus.com\/es\/wp-json\/wp\/v2\/media?parent=22256"}],"wp:term":[{"taxonomy":"category","embeddable":true,"href":"https:\/\/grupnexus.com\/es\/wp-json\/wp\/v2\/categories?post=22256"},{"taxonomy":"post_tag","embeddable":true,"href":"https:\/\/grupnexus.com\/es\/wp-json\/wp\/v2\/tags?post=22256"}],"curies":[{"name":"wp","href":"https:\/\/api.w.org\/{rel}","templated":true}]}}