{"id":23313,"date":"2019-04-15T10:35:15","date_gmt":"2019-04-15T08:35:15","guid":{"rendered":"https:\/\/www.grupnexus.com\/veritas-i-nexus-per-lestudi-del-genoma\/"},"modified":"2019-04-17T15:10:24","modified_gmt":"2019-04-17T13:10:24","slug":"veritas-y-nexus-con-el-estudio-del-genoma","status":"publish","type":"post","link":"https:\/\/grupnexus.com\/es\/veritas-y-nexus-con-el-estudio-del-genoma\/","title":{"rendered":"Veritas y Nexus, con el estudio del genoma"},"content":{"rendered":"<div id=\"mp-pusher\" class=\"mp-pusher\">\n<div id=\"mp-scroller\" class=\"mp-scroller\">\n<div id=\"page\" class=\"main-container\">\n<div class=\"boxed-layout\">\n<div class=\"pane-wrapper clearfix\">\n<div id=\"main-content\">\n<div id=\"main\" class=\"wpv-main layout-right-only\" role=\"main\">\n<div class=\"limit-wrapper\">\n<div class=\"row page-wrapper\">\n<article class=\"single-post-wrapper right-only post-22985 post type-post status-publish format-standard has-post-thumbnail hentry category-actualidad category-blog category-nota-de-prensa category-prensa\">\n<div class=\"page-content loop-wrapper clearfix full\">\n<div class=\"post-article has-image-wrapper single\">\n<div class=\"standard-post-format clearfix as-image \">\n<div class=\"post-content-outer single-post\">\n<div class=\"post-content the-content\">\n<div class=\"pf-content\">\n<p><strong>Lleida, 4 de abril de 2019<\/strong>.- <strong>Veritas Intercontinental<\/strong> y <strong>Cl\u00ednica Nexus<\/strong>, l\u00edder en <strong>Medicina Est\u00e9tica<\/strong>, han llegado a un acuerdo para promover la <strong>Secuenciaci\u00f3n Completa del Genoma<\/strong> en el \u00e1mbito de la medicina preventiva. El acuerdo contempla el impulso del \u00c1rea de Medicina Preventiva y Antiaging de Cl\u00ednica Nexus.<\/p>\n<p>Con esta iniciativa, Cl\u00ednica Nexus ser\u00e1 pionero en Europa en la utilizaci\u00f3n de la informaci\u00f3n del Genoma en el \u00e1mbito de la medicina est\u00e9tica y otras especialidades. \u201c<em>Esta informaci\u00f3n <\/em>-explica el <a href=\"https:\/\/grupnexus.com\/es\/nuestro-equipo\/dr-samuel-pinos-pedra\/\">Dr. <strong>Samuel Pin\u00f3s Pedra<\/strong><\/a>, fundador y director m\u00e9dico de Nexus- <em>nos permitir\u00e1 aplicar una medicina preventiva, personalizada y de precisi\u00f3n en el \u00e1mbito de la medicina antiaging, mejorando la eficacia y calidad de las intervenciones y tratamientos en beneficio de nuestros pacientes<\/em>\u201d.<\/p>\n<p>Seg\u00fan el doctor Pin\u00f3s, el Genoma ofrece la informaci\u00f3n m\u00e1s completa sobre nuestra predisposici\u00f3n gen\u00e9tica a determinadas enfermedades y dolencias y, tambi\u00e9n, sobre nuestras fortalezas. \u201c<em>Con la ayuda de esta informaci\u00f3n podremos desarrollar tratamientos mucho m\u00e1s eficaces y establecer h\u00e1bitos de vida m\u00e1s saludables, mejorando el estado psicoemocional y f\u00edsico de nuestros pacientes, retrasando los efectos del paso del tiempo y logrando una vida m\u00e1s larga, plena, saludable y feliz<\/em>\u201d.<\/p>\n<p>Filial de Veritas Genetics, <em>\u201cThe Genome Company<\/em>\u201d, Veritas Intercontinental aportar\u00e1 a este acuerdo su <em>expertise<\/em> en consejo y diagn\u00f3stico gen\u00e9tico, la realizaci\u00f3n de la secuenciaci\u00f3n del genoma y su interpretaci\u00f3n, as\u00ed como la formaci\u00f3n del personal <em>ad hoc<\/em> de Cl\u00ednica Nexus.<\/p>\n<\/div>\n<\/div>\n<\/div>\n<\/div>\n<\/div>\n<\/div>\n<\/article>\n<\/div>\n<\/div>\n<\/div>\n<\/div>\n<\/div>\n<\/div>\n<\/div>\n<\/div>\n<\/div>\n<p>&nbsp;<\/p>\n<h3 style=\"text-align: center;\"><strong><a href=\"https:\/\/grupnexus.com\/es\/nexus-y-veritas-impulsan-estudio-genoma\/\" target=\"_blank\" rel=\"noopener\">Click para seguir leyendo la not\u00edcia<\/a><\/strong><\/h3>\n<p>&nbsp;<\/p>\n<p><iframe loading=\"lazy\" src=\"https:\/\/www.youtube.com\/embed\/oxP3EZt7lqs\" width=\"825\" height=\"464\" frameborder=\"0\" allowfullscreen=\"allowfullscreen\"><\/iframe><br \/>\n<div class=\"row \"><div class=\"wpv-grid grid-1-2  wpv-first-level first unextended\" style=\"padding-top:0px;padding-bottom:0px\" id=\"wpv-column-6df17ecec1496da07d891c7853e5eeb7\" ><div id=\"attachment_23334\" style=\"width: 734px\" class=\"wp-caption aligncenter\"><a href=\"https:\/\/grupnexus.com\/wp-content\/uploads\/2019\/04\/La-Manyana-digital-1.pdf\"><img aria-describedby=\"caption-attachment-23334\" loading=\"lazy\" class=\"size-large wp-image-23334\" src=\"https:\/\/grupnexus.com\/wp-content\/uploads\/2019\/04\/La-Manyana-digital-1ok_P\u00e1gina_1-724x1024.jpg\" alt=\"\" width=\"724\" height=\"1024\" srcset=\"https:\/\/grupnexus.com\/wp-content\/uploads\/2019\/04\/La-Manyana-digital-1ok_P\u00e1gina_1-724x1024.jpg 724w, https:\/\/grupnexus.com\/wp-content\/uploads\/2019\/04\/La-Manyana-digital-1ok_P\u00e1gina_1-510x722.jpg 510w, https:\/\/grupnexus.com\/wp-content\/uploads\/2019\/04\/La-Manyana-digital-1ok_P\u00e1gina_1-212x300.jpg 212w, https:\/\/grupnexus.com\/wp-content\/uploads\/2019\/04\/La-Manyana-digital-1ok_P\u00e1gina_1-768x1087.jpg 768w, https:\/\/grupnexus.com\/wp-content\/uploads\/2019\/04\/La-Manyana-digital-1ok_P\u00e1gina_1-543x768.jpg 543w, https:\/\/grupnexus.com\/wp-content\/uploads\/2019\/04\/La-Manyana-digital-1ok_P\u00e1gina_1-1140x1613.jpg 1140w, https:\/\/grupnexus.com\/wp-content\/uploads\/2019\/04\/La-Manyana-digital-1ok_P\u00e1gina_1-555x785.jpg 555w, https:\/\/grupnexus.com\/wp-content\/uploads\/2019\/04\/La-Manyana-digital-1ok_P\u00e1gina_1-360x509.jpg 360w, https:\/\/grupnexus.com\/wp-content\/uploads\/2019\/04\/La-Manyana-digital-1ok_P\u00e1gina_1-262x371.jpg 262w, https:\/\/grupnexus.com\/wp-content\/uploads\/2019\/04\/La-Manyana-digital-1ok_P\u00e1gina_1.jpg 1653w\" sizes=\"(max-width: 724px) 100vw, 724px\" \/><\/a><p id=\"caption-attachment-23334\" class=\"wp-caption-text\">Diari La Manyana 05..04.19<\/p><\/div><\/div>\n<div class=\"wpv-grid grid-1-2  wpv-first-level unextended\" style=\"padding-top:0px;padding-bottom:0px\" id=\"wpv-column-6d47ba34c169405c1619b890d15a1ae6\" ><p><div id=\"attachment_23315\" style=\"width: 734px\" class=\"wp-caption aligncenter\"><img aria-describedby=\"caption-attachment-23315\" loading=\"lazy\" class=\"wp-image-23315 size-large\" src=\"https:\/\/grupnexus.com\/wp-content\/uploads\/2019\/04\/Segre-8-4-19-New-CAST-724x1024.jpg\" alt=\"estudi genoma\" width=\"724\" height=\"1024\" srcset=\"https:\/\/grupnexus.com\/wp-content\/uploads\/2019\/04\/Segre-8-4-19-New-CAST-724x1024.jpg 724w, https:\/\/grupnexus.com\/wp-content\/uploads\/2019\/04\/Segre-8-4-19-New-CAST-510x721.jpg 510w, https:\/\/grupnexus.com\/wp-content\/uploads\/2019\/04\/Segre-8-4-19-New-CAST-212x300.jpg 212w, https:\/\/grupnexus.com\/wp-content\/uploads\/2019\/04\/Segre-8-4-19-New-CAST-768x1086.jpg 768w, https:\/\/grupnexus.com\/wp-content\/uploads\/2019\/04\/Segre-8-4-19-New-CAST-543x768.jpg 543w, https:\/\/grupnexus.com\/wp-content\/uploads\/2019\/04\/Segre-8-4-19-New-CAST-1140x1612.jpg 1140w, https:\/\/grupnexus.com\/wp-content\/uploads\/2019\/04\/Segre-8-4-19-New-CAST-555x785.jpg 555w, https:\/\/grupnexus.com\/wp-content\/uploads\/2019\/04\/Segre-8-4-19-New-CAST-360x509.jpg 360w, https:\/\/grupnexus.com\/wp-content\/uploads\/2019\/04\/Segre-8-4-19-New-CAST-262x371.jpg 262w, https:\/\/grupnexus.com\/wp-content\/uploads\/2019\/04\/Segre-8-4-19-New-CAST.jpg 1315w\" sizes=\"(max-width: 724px) 100vw, 724px\" \/><p id=\"caption-attachment-23315\" class=\"wp-caption-text\">Diari Segre 08.04.19<\/p><\/div><\/div><\/div>\n<div class=\"row \"><div class=\"wpv-grid grid-1-2  wpv-first-level first unextended\" style=\"padding-top:0px;padding-bottom:0px\" id=\"wpv-column-bedcf1ff0c633e7463f86d0e7a971df6\" ><p><div id=\"attachment_23260\" style=\"width: 741px\" class=\"wp-caption aligncenter\"><a href=\"https:\/\/grupnexus.com\/wp-content\/uploads\/2019\/04\/Digitalaffaires_P\u00e1gina_1.jpg\" target=\"_blank\" rel=\"noopener\"><img aria-describedby=\"caption-attachment-23260\" loading=\"lazy\" class=\"wp-image-23260 size-large\" src=\"https:\/\/grupnexus.com\/wp-content\/uploads\/2019\/04\/Digitalaffaires_P\u00e1gina_1-731x1024.jpg\" alt=\"Estudi genoma digital affaires\" width=\"731\" height=\"1024\" srcset=\"https:\/\/grupnexus.com\/wp-content\/uploads\/2019\/04\/Digitalaffaires_P\u00e1gina_1-731x1024.jpg 731w, https:\/\/grupnexus.com\/wp-content\/uploads\/2019\/04\/Digitalaffaires_P\u00e1gina_1-510x714.jpg 510w, https:\/\/grupnexus.com\/wp-content\/uploads\/2019\/04\/Digitalaffaires_P\u00e1gina_1-214x300.jpg 214w, https:\/\/grupnexus.com\/wp-content\/uploads\/2019\/04\/Digitalaffaires_P\u00e1gina_1-768x1075.jpg 768w, https:\/\/grupnexus.com\/wp-content\/uploads\/2019\/04\/Digitalaffaires_P\u00e1gina_1-549x768.jpg 549w, https:\/\/grupnexus.com\/wp-content\/uploads\/2019\/04\/Digitalaffaires_P\u00e1gina_1-555x777.jpg 555w, https:\/\/grupnexus.com\/wp-content\/uploads\/2019\/04\/Digitalaffaires_P\u00e1gina_1-360x504.jpg 360w, https:\/\/grupnexus.com\/wp-content\/uploads\/2019\/04\/Digitalaffaires_P\u00e1gina_1-262x367.jpg 262w, https:\/\/grupnexus.com\/wp-content\/uploads\/2019\/04\/Digitalaffaires_P\u00e1gina_1.jpg 990w\" sizes=\"(max-width: 731px) 100vw, 731px\" \/><\/a><p id=\"caption-attachment-23260\" class=\"wp-caption-text\">Digital Affaires 02.04.19<\/p><\/div><\/div>\n<div class=\"wpv-grid grid-1-2  wpv-first-level unextended\" style=\"padding-top:0px;padding-bottom:0px\" id=\"wpv-column-1df175bea373498e15d0a194bf21df56\" ><p><div id=\"attachment_23261\" style=\"width: 772px\" class=\"wp-caption aligncenter\"><img aria-describedby=\"caption-attachment-23261\" loading=\"lazy\" class=\"size-large wp-image-23261\" src=\"https:\/\/grupnexus.com\/wp-content\/uploads\/2019\/04\/LaManyana-28.03.19-762x1024.jpg\" alt=\"Estudi genoma\" width=\"762\" height=\"1024\" srcset=\"https:\/\/grupnexus.com\/wp-content\/uploads\/2019\/04\/LaManyana-28.03.19-762x1024.jpg 762w, https:\/\/grupnexus.com\/wp-content\/uploads\/2019\/04\/LaManyana-28.03.19-510x686.jpg 510w, https:\/\/grupnexus.com\/wp-content\/uploads\/2019\/04\/LaManyana-28.03.19-223x300.jpg 223w, https:\/\/grupnexus.com\/wp-content\/uploads\/2019\/04\/LaManyana-28.03.19-768x1032.jpg 768w, https:\/\/grupnexus.com\/wp-content\/uploads\/2019\/04\/LaManyana-28.03.19-571x768.jpg 571w, https:\/\/grupnexus.com\/wp-content\/uploads\/2019\/04\/LaManyana-28.03.19-555x746.jpg 555w, https:\/\/grupnexus.com\/wp-content\/uploads\/2019\/04\/LaManyana-28.03.19-360x484.jpg 360w, https:\/\/grupnexus.com\/wp-content\/uploads\/2019\/04\/LaManyana-28.03.19-262x352.jpg 262w, https:\/\/grupnexus.com\/wp-content\/uploads\/2019\/04\/LaManyana-28.03.19.jpg 834w\" sizes=\"(max-width: 762px) 100vw, 762px\" \/><p id=\"caption-attachment-23261\" class=\"wp-caption-text\">Diari La Manyana 28.03.19<\/p><\/div><\/div><\/div>\n<div class=\"row \"><div class=\"wpv-grid grid-1-2  wpv-first-level first unextended\" style=\"padding-top:0px;padding-bottom:0px\" id=\"wpv-column-c6233ec1d828e12eb853982dc89cc143\" ><p><div id=\"attachment_23275\" style=\"width: 647px\" class=\"wp-caption aligncenter\"><a href=\"http:\/\/HTTPS:\/\/WWW.LLEIDA.COM\/NODE\/25132\/NOTICIES-WEB\/90263\/CLINICA-NEXUS-I-VERITAS-INTERCONTINENTAL-IMPULSEN-LESTUDI-DEL-GENOMA-EN-LAMBIT-DE-LA-SALUT\" target=\"_blank\" rel=\"noopener\"><img aria-describedby=\"caption-attachment-23275\" loading=\"lazy\" class=\"size-full wp-image-23275\" src=\"https:\/\/grupnexus.com\/wp-content\/uploads\/2019\/04\/lleida.com_P\u00e1gina_1.jpg\" alt=\"estudi genoma\" width=\"637\" height=\"901\" srcset=\"https:\/\/grupnexus.com\/wp-content\/uploads\/2019\/04\/lleida.com_P\u00e1gina_1.jpg 637w, https:\/\/grupnexus.com\/wp-content\/uploads\/2019\/04\/lleida.com_P\u00e1gina_1-510x721.jpg 510w, https:\/\/grupnexus.com\/wp-content\/uploads\/2019\/04\/lleida.com_P\u00e1gina_1-212x300.jpg 212w, https:\/\/grupnexus.com\/wp-content\/uploads\/2019\/04\/lleida.com_P\u00e1gina_1-543x768.jpg 543w, https:\/\/grupnexus.com\/wp-content\/uploads\/2019\/04\/lleida.com_P\u00e1gina_1-555x785.jpg 555w, https:\/\/grupnexus.com\/wp-content\/uploads\/2019\/04\/lleida.com_P\u00e1gina_1-360x509.jpg 360w, https:\/\/grupnexus.com\/wp-content\/uploads\/2019\/04\/lleida.com_P\u00e1gina_1-262x371.jpg 262w\" sizes=\"(max-width: 637px) 100vw, 637px\" \/><\/a><p id=\"caption-attachment-23275\" class=\"wp-caption-text\">Lleida.com<\/p><\/div><\/div>\n<div class=\"wpv-grid grid-1-2  wpv-first-level unextended\" style=\"padding-top:0px;padding-bottom:0px\" id=\"wpv-column-9fe267458e26b16e8a66622ccdbad685\" ><p><div id=\"attachment_23348\" style=\"width: 642px\" class=\"wp-caption aligncenter\"><img aria-describedby=\"caption-attachment-23348\" loading=\"lazy\" class=\"size-large wp-image-23348\" src=\"https:\/\/grupnexus.com\/wp-content\/uploads\/2019\/04\/Diari-Avui-632x1024.jpg\" alt=\"\" width=\"632\" height=\"1024\" srcset=\"https:\/\/grupnexus.com\/wp-content\/uploads\/2019\/04\/Diari-Avui-632x1024.jpg 632w, https:\/\/grupnexus.com\/wp-content\/uploads\/2019\/04\/Diari-Avui-510x826.jpg 510w, https:\/\/grupnexus.com\/wp-content\/uploads\/2019\/04\/Diari-Avui-185x300.jpg 185w, https:\/\/grupnexus.com\/wp-content\/uploads\/2019\/04\/Diari-Avui-768x1244.jpg 768w, https:\/\/grupnexus.com\/wp-content\/uploads\/2019\/04\/Diari-Avui-474x768.jpg 474w, https:\/\/grupnexus.com\/wp-content\/uploads\/2019\/04\/Diari-Avui-555x899.jpg 555w, https:\/\/grupnexus.com\/wp-content\/uploads\/2019\/04\/Diari-Avui-360x583.jpg 360w, https:\/\/grupnexus.com\/wp-content\/uploads\/2019\/04\/Diari-Avui-262x424.jpg 262w, https:\/\/grupnexus.com\/wp-content\/uploads\/2019\/04\/Diari-Avui.jpg 988w\" sizes=\"(max-width: 632px) 100vw, 632px\" \/><p id=\"caption-attachment-23348\" class=\"wp-caption-text\">Diari Avui<\/p><\/div><\/p>\n<p>&nbsp;<\/div>\n<p>&nbsp;<\/p>\n","protected":false},"excerpt":{"rendered":"<p>Lleida, 4 de abril de 2019.- Veritas Intercontinental y Cl\u00ednica Nexus, l\u00edder en Medicina Est\u00e9tica, han llegado a un acuerdo para promover la Secuenciaci\u00f3n Completa del Genoma en el \u00e1mbito de la medicina preventiva. El acuerdo contempla el impulso del \u00c1rea de Medicina Preventiva y Antiaging de Cl\u00ednica Nexus. Con esta iniciativa, Cl\u00ednica Nexus ser\u00e1&#8230;<\/p>\n","protected":false},"author":6,"featured_media":22978,"comment_status":"closed","ping_status":"closed","sticky":false,"template":"","format":"standard","meta":[],"categories":[330,7,461],"tags":[],"yoast_head":"<!-- This site is optimized with the Yoast SEO plugin v18.6 - https:\/\/yoast.com\/wordpress\/plugins\/seo\/ -->\n<title>Cl\u00ednica Nexus con el estudi del genoma<\/title>\n<meta name=\"robots\" content=\"index, follow, max-snippet:-1, max-image-preview:large, max-video-preview:-1\" \/>\n<link rel=\"canonical\" href=\"https:\/\/grupnexus.com\/es\/veritas-y-nexus-con-el-estudio-del-genoma\/\" \/>\n<meta property=\"og:locale\" content=\"es_ES\" \/>\n<meta property=\"og:type\" content=\"article\" \/>\n<meta property=\"og:title\" content=\"Cl\u00ednica Nexus con el estudi del genoma\" \/>\n<meta property=\"og:description\" content=\"Lleida, 4 de abril de 2019.- Veritas Intercontinental y Cl\u00ednica Nexus, l\u00edder en Medicina Est\u00e9tica, han llegado a un acuerdo para promover la Secuenciaci\u00f3n Completa del Genoma en el \u00e1mbito de la medicina preventiva. El acuerdo contempla el impulso del \u00c1rea de Medicina Preventiva y Antiaging de Cl\u00ednica Nexus. Con esta iniciativa, Cl\u00ednica Nexus ser\u00e1...\" \/>\n<meta property=\"og:url\" content=\"https:\/\/grupnexus.com\/es\/veritas-y-nexus-con-el-estudio-del-genoma\/\" \/>\n<meta property=\"og:site_name\" content=\"Cl\u00ednica Nexus\" \/>\n<meta property=\"article:published_time\" content=\"2019-04-15T08:35:15+00:00\" \/>\n<meta property=\"article:modified_time\" content=\"2019-04-17T13:10:24+00:00\" \/>\n<meta property=\"og:image\" content=\"https:\/\/i0.wp.com\/grupnexus.com\/wp-content\/uploads\/2019\/04\/Roda-premsa-Nexus_Veritas1.jpg?fit=1024%2C768&#038;ssl=1\" \/>\n\t<meta property=\"og:image:width\" content=\"1024\" \/>\n\t<meta property=\"og:image:height\" content=\"768\" \/>\n\t<meta property=\"og:image:type\" content=\"image\/jpeg\" \/>\n<meta name=\"twitter:card\" content=\"summary\" \/>\n<meta name=\"twitter:label1\" content=\"Escrito por\" \/>\n\t<meta name=\"twitter:data1\" content=\"Cl\u00ednica Nexus\" \/>\n\t<meta name=\"twitter:label2\" content=\"Tiempo de lectura\" \/>\n\t<meta name=\"twitter:data2\" content=\"2 minutos\" \/>\n<script type=\"application\/ld+json\" class=\"yoast-schema-graph\">{\"@context\":\"https:\/\/schema.org\",\"@graph\":[{\"@type\":\"WebSite\",\"@id\":\"https:\/\/grupnexus.com\/es\/#website\",\"url\":\"https:\/\/grupnexus.com\/es\/\",\"name\":\"Cl\u00ednica Nexus\",\"description\":\"L\u00edders en Medicina Est\u00e8tica Avan\u00e7ada\",\"potentialAction\":[{\"@type\":\"SearchAction\",\"target\":{\"@type\":\"EntryPoint\",\"urlTemplate\":\"https:\/\/grupnexus.com\/es\/?s={search_term_string}\"},\"query-input\":\"required name=search_term_string\"}],\"inLanguage\":\"es\"},{\"@type\":\"ImageObject\",\"@id\":\"https:\/\/grupnexus.com\/es\/veritas-y-nexus-con-el-estudio-del-genoma\/#primaryimage\",\"inLanguage\":\"es\",\"url\":\"https:\/\/grupnexus.com\/wp-content\/uploads\/2019\/04\/Roda-premsa-Nexus_Veritas1.jpg\",\"contentUrl\":\"https:\/\/grupnexus.com\/wp-content\/uploads\/2019\/04\/Roda-premsa-Nexus_Veritas1.jpg\",\"width\":1024,\"height\":768,\"caption\":\"Moment de la signatura amb \u00c0lex Serrah\u00edma de Veritas Intercontinental i Dr. Pin\u00f3s de Cl\u00ednica Nexus.\"},{\"@type\":\"WebPage\",\"@id\":\"https:\/\/grupnexus.com\/es\/veritas-y-nexus-con-el-estudio-del-genoma\/#webpage\",\"url\":\"https:\/\/grupnexus.com\/es\/veritas-y-nexus-con-el-estudio-del-genoma\/\",\"name\":\"Cl\u00ednica Nexus con el estudi del genoma\",\"isPartOf\":{\"@id\":\"https:\/\/grupnexus.com\/es\/#website\"},\"primaryImageOfPage\":{\"@id\":\"https:\/\/grupnexus.com\/es\/veritas-y-nexus-con-el-estudio-del-genoma\/#primaryimage\"},\"datePublished\":\"2019-04-15T08:35:15+00:00\",\"dateModified\":\"2019-04-17T13:10:24+00:00\",\"author\":{\"@id\":\"https:\/\/grupnexus.com\/es\/#\/schema\/person\/7d42f30e6bd203d23a2c1613b51145c3\"},\"breadcrumb\":{\"@id\":\"https:\/\/grupnexus.com\/es\/veritas-y-nexus-con-el-estudio-del-genoma\/#breadcrumb\"},\"inLanguage\":\"es\",\"potentialAction\":[{\"@type\":\"ReadAction\",\"target\":[\"https:\/\/grupnexus.com\/es\/veritas-y-nexus-con-el-estudio-del-genoma\/\"]}]},{\"@type\":\"BreadcrumbList\",\"@id\":\"https:\/\/grupnexus.com\/es\/veritas-y-nexus-con-el-estudio-del-genoma\/#breadcrumb\",\"itemListElement\":[{\"@type\":\"ListItem\",\"position\":1,\"name\":\"Portada\",\"item\":\"https:\/\/grupnexus.com\/es\/\"},{\"@type\":\"ListItem\",\"position\":2,\"name\":\"Veritas y Nexus, con el estudio del genoma\"}]},{\"@type\":\"Person\",\"@id\":\"https:\/\/grupnexus.com\/es\/#\/schema\/person\/7d42f30e6bd203d23a2c1613b51145c3\",\"name\":\"Cl\u00ednica Nexus\",\"image\":{\"@type\":\"ImageObject\",\"@id\":\"https:\/\/grupnexus.com\/es\/#personlogo\",\"inLanguage\":\"es\",\"url\":\"https:\/\/secure.gravatar.com\/avatar\/f1f98ef0d641a3a6af0accea5a5971ef?s=96&d=mm&r=g\",\"contentUrl\":\"https:\/\/secure.gravatar.com\/avatar\/f1f98ef0d641a3a6af0accea5a5971ef?s=96&d=mm&r=g\",\"caption\":\"Cl\u00ednica Nexus\"}}]}<\/script>\n<!-- \/ Yoast SEO plugin. -->","yoast_head_json":{"title":"Cl\u00ednica Nexus con el estudi del genoma","robots":{"index":"index","follow":"follow","max-snippet":"max-snippet:-1","max-image-preview":"max-image-preview:large","max-video-preview":"max-video-preview:-1"},"canonical":"https:\/\/grupnexus.com\/es\/veritas-y-nexus-con-el-estudio-del-genoma\/","og_locale":"es_ES","og_type":"article","og_title":"Cl\u00ednica Nexus con el estudi del genoma","og_description":"Lleida, 4 de abril de 2019.- Veritas Intercontinental y Cl\u00ednica Nexus, l\u00edder en Medicina Est\u00e9tica, han llegado a un acuerdo para promover la Secuenciaci\u00f3n Completa del Genoma en el \u00e1mbito de la medicina preventiva. El acuerdo contempla el impulso del \u00c1rea de Medicina Preventiva y Antiaging de Cl\u00ednica Nexus. Con esta iniciativa, Cl\u00ednica Nexus ser\u00e1...","og_url":"https:\/\/grupnexus.com\/es\/veritas-y-nexus-con-el-estudio-del-genoma\/","og_site_name":"Cl\u00ednica Nexus","article_published_time":"2019-04-15T08:35:15+00:00","article_modified_time":"2019-04-17T13:10:24+00:00","og_image":[{"width":1024,"height":768,"url":"https:\/\/i0.wp.com\/grupnexus.com\/wp-content\/uploads\/2019\/04\/Roda-premsa-Nexus_Veritas1.jpg?fit=1024%2C768&ssl=1","type":"image\/jpeg"}],"twitter_card":"summary","twitter_misc":{"Escrito por":"Cl\u00ednica Nexus","Tiempo de lectura":"2 minutos"},"schema":{"@context":"https:\/\/schema.org","@graph":[{"@type":"WebSite","@id":"https:\/\/grupnexus.com\/es\/#website","url":"https:\/\/grupnexus.com\/es\/","name":"Cl\u00ednica Nexus","description":"L\u00edders en Medicina Est\u00e8tica Avan\u00e7ada","potentialAction":[{"@type":"SearchAction","target":{"@type":"EntryPoint","urlTemplate":"https:\/\/grupnexus.com\/es\/?s={search_term_string}"},"query-input":"required name=search_term_string"}],"inLanguage":"es"},{"@type":"ImageObject","@id":"https:\/\/grupnexus.com\/es\/veritas-y-nexus-con-el-estudio-del-genoma\/#primaryimage","inLanguage":"es","url":"https:\/\/grupnexus.com\/wp-content\/uploads\/2019\/04\/Roda-premsa-Nexus_Veritas1.jpg","contentUrl":"https:\/\/grupnexus.com\/wp-content\/uploads\/2019\/04\/Roda-premsa-Nexus_Veritas1.jpg","width":1024,"height":768,"caption":"Moment de la signatura amb \u00c0lex Serrah\u00edma de Veritas Intercontinental i Dr. Pin\u00f3s de Cl\u00ednica Nexus."},{"@type":"WebPage","@id":"https:\/\/grupnexus.com\/es\/veritas-y-nexus-con-el-estudio-del-genoma\/#webpage","url":"https:\/\/grupnexus.com\/es\/veritas-y-nexus-con-el-estudio-del-genoma\/","name":"Cl\u00ednica Nexus con el estudi del genoma","isPartOf":{"@id":"https:\/\/grupnexus.com\/es\/#website"},"primaryImageOfPage":{"@id":"https:\/\/grupnexus.com\/es\/veritas-y-nexus-con-el-estudio-del-genoma\/#primaryimage"},"datePublished":"2019-04-15T08:35:15+00:00","dateModified":"2019-04-17T13:10:24+00:00","author":{"@id":"https:\/\/grupnexus.com\/es\/#\/schema\/person\/7d42f30e6bd203d23a2c1613b51145c3"},"breadcrumb":{"@id":"https:\/\/grupnexus.com\/es\/veritas-y-nexus-con-el-estudio-del-genoma\/#breadcrumb"},"inLanguage":"es","potentialAction":[{"@type":"ReadAction","target":["https:\/\/grupnexus.com\/es\/veritas-y-nexus-con-el-estudio-del-genoma\/"]}]},{"@type":"BreadcrumbList","@id":"https:\/\/grupnexus.com\/es\/veritas-y-nexus-con-el-estudio-del-genoma\/#breadcrumb","itemListElement":[{"@type":"ListItem","position":1,"name":"Portada","item":"https:\/\/grupnexus.com\/es\/"},{"@type":"ListItem","position":2,"name":"Veritas y Nexus, con el estudio del genoma"}]},{"@type":"Person","@id":"https:\/\/grupnexus.com\/es\/#\/schema\/person\/7d42f30e6bd203d23a2c1613b51145c3","name":"Cl\u00ednica Nexus","image":{"@type":"ImageObject","@id":"https:\/\/grupnexus.com\/es\/#personlogo","inLanguage":"es","url":"https:\/\/secure.gravatar.com\/avatar\/f1f98ef0d641a3a6af0accea5a5971ef?s=96&d=mm&r=g","contentUrl":"https:\/\/secure.gravatar.com\/avatar\/f1f98ef0d641a3a6af0accea5a5971ef?s=96&d=mm&r=g","caption":"Cl\u00ednica Nexus"}}]}},"_links":{"self":[{"href":"https:\/\/grupnexus.com\/es\/wp-json\/wp\/v2\/posts\/23313"}],"collection":[{"href":"https:\/\/grupnexus.com\/es\/wp-json\/wp\/v2\/posts"}],"about":[{"href":"https:\/\/grupnexus.com\/es\/wp-json\/wp\/v2\/types\/post"}],"author":[{"embeddable":true,"href":"https:\/\/grupnexus.com\/es\/wp-json\/wp\/v2\/users\/6"}],"replies":[{"embeddable":true,"href":"https:\/\/grupnexus.com\/es\/wp-json\/wp\/v2\/comments?post=23313"}],"version-history":[{"count":5,"href":"https:\/\/grupnexus.com\/es\/wp-json\/wp\/v2\/posts\/23313\/revisions"}],"predecessor-version":[{"id":23350,"href":"https:\/\/grupnexus.com\/es\/wp-json\/wp\/v2\/posts\/23313\/revisions\/23350"}],"wp:featuredmedia":[{"embeddable":true,"href":"https:\/\/grupnexus.com\/es\/wp-json\/wp\/v2\/media\/22978"}],"wp:attachment":[{"href":"https:\/\/grupnexus.com\/es\/wp-json\/wp\/v2\/media?parent=23313"}],"wp:term":[{"taxonomy":"category","embeddable":true,"href":"https:\/\/grupnexus.com\/es\/wp-json\/wp\/v2\/categories?post=23313"},{"taxonomy":"post_tag","embeddable":true,"href":"https:\/\/grupnexus.com\/es\/wp-json\/wp\/v2\/tags?post=23313"}],"curies":[{"name":"wp","href":"https:\/\/api.w.org\/{rel}","templated":true}]}}