{"id":27633,"date":"2019-06-26T11:35:31","date_gmt":"2019-06-26T09:35:31","guid":{"rendered":"https:\/\/www.grupnexus.com\/?p=27633"},"modified":"2019-06-26T13:38:53","modified_gmt":"2019-06-26T11:38:53","slug":"plan-detox-nexus-pre-verano","status":"publish","type":"post","link":"https:\/\/grupnexus.com\/es\/plan-detox-nexus-pre-verano\/","title":{"rendered":"Plan detox Nexus pre-verano"},"content":{"rendered":"<p>Llega el buen tiempo, y despu\u00e9s de un let\u00e1rgico invierno, tu piel tiene un aspecto apagado y sin vida. Notas el cansancio y la astenia primaveral, te faltan horas de sue\u00f1o, y eso hace que tengas acumulaci\u00f3n de l\u00edquidos y te sientas hinchado o hinchada.<\/p>\n<p>\u00a1Ponte en marcha! Te proponemos un plan depurativo y detox que incluye, por un lado, cuidarte interiormente, y por otro, un ritual de belleza.<\/p>\n<p><strong>Desintoxica el organismo<\/strong><\/p>\n<p>El primer paso es eliminar toxinas, para recuperar tu tono de piel y prepararla para el verano. As\u00ed mejorar\u00e1s en rendimiento y energ\u00eda, aumentar\u00e1s las defensas, y evitar\u00e1s los problemas que originan la acumulaci\u00f3n de estas.<\/p>\n<p>Te recomendamos <strong>Lipodieta D-Tox<\/strong>, un concentrado de plantas que favorece la depuraci\u00f3n del organismo y al mismo tiempo tiene un potente efecto antioxidante. Gracias a la alcachofa, el abedul, el diente de le\u00f3n y la ra\u00edz de bardana conseguimos drenar el h\u00edgado, eliminar la retenci\u00f3n de l\u00edquidos, purificar el organismo y reducir la sensaci\u00f3n de hinchaz\u00f3n.<\/p>\n<p>Este preparado te ayudar\u00e1 a beber la cantidad de agua necesaria diariamente.<\/p>\n<p>Tambi\u00e9n puedes complementarlo con la ingesta de infusiones o t\u00e9 verde.<\/p>\n<p><img loading=\"lazy\" class=\"aligncenter size-large wp-image-27381\" src=\"https:\/\/grupnexus.com\/wp-content\/uploads\/2019\/06\/D-TOX-Lipodieta_cast-1024x300.jpg\" alt=\"Lipodieta Dtox\" width=\"1024\" height=\"300\" srcset=\"https:\/\/grupnexus.com\/wp-content\/uploads\/2019\/06\/D-TOX-Lipodieta_cast-1024x300.jpg 1024w, https:\/\/grupnexus.com\/wp-content\/uploads\/2019\/06\/D-TOX-Lipodieta_cast-510x149.jpg 510w, https:\/\/grupnexus.com\/wp-content\/uploads\/2019\/06\/D-TOX-Lipodieta_cast-300x88.jpg 300w, https:\/\/grupnexus.com\/wp-content\/uploads\/2019\/06\/D-TOX-Lipodieta_cast-768x225.jpg 768w, https:\/\/grupnexus.com\/wp-content\/uploads\/2019\/06\/D-TOX-Lipodieta_cast-1140x334.jpg 1140w, https:\/\/grupnexus.com\/wp-content\/uploads\/2019\/06\/D-TOX-Lipodieta_cast-555x162.jpg 555w, https:\/\/grupnexus.com\/wp-content\/uploads\/2019\/06\/D-TOX-Lipodieta_cast-360x105.jpg 360w, https:\/\/grupnexus.com\/wp-content\/uploads\/2019\/06\/D-TOX-Lipodieta_cast-262x77.jpg 262w, https:\/\/grupnexus.com\/wp-content\/uploads\/2019\/06\/D-TOX-Lipodieta_cast.jpg 1920w\" sizes=\"(max-width: 1024px) 100vw, 1024px\" \/><\/p>\n<p>Y si lo que necesitas es perder unos <em>kilitos<\/em> de m\u00e1s, prueba el nuevo M\u00e9todo PNK Define. En 5 semanas puedes llegar a perder 5kg, mejorando la composici\u00f3n corporal, es decir, la relaci\u00f3n entre la cantidad de masa magra y masa grasa.<\/p>\n<h3><a href=\"https:\/\/grupnexus.com\/es\/tratamientos\/estetica-avanzada\/packs-faciales\/\">Ritual facial purificante<\/a><\/h3>\n<p>La falta de sue\u00f1o, la mala alimentaci\u00f3n, el estr\u00e9s, el exceso de maquillaje, la contaminaci\u00f3n y las toxinas terminan da\u00f1ando tu piel. Las consecuencias m\u00e1s visibles son un rostro sin luz, con ojeras y arrugas prematuras.<\/p>\n<p>Comienza por una limpieza profunda mediante un peeling que elimine c\u00e9lulas muertas y toxinas de la piel. El personalizaremos seg\u00fan tu piel y tus necesidades, para que adem\u00e1s aumentes el col\u00e1geno de la piel y la elastina. Tambi\u00e9n te aconsejamos un <a href=\"https:\/\/grupnexus.com\/es\/grupo-nexus\/aparatologia\/peeling-ultrasonico\/\" target=\"_blank\" rel=\"noopener noreferrer\"><strong>peeling ultras\u00f3nico<\/strong><\/a> que ayuda a la extracci\u00f3n de impurezas y la apertura y limpieza de poros, unificando el tono y aportando luminosidad.<\/p>\n<p>A continuaci\u00f3n, aplicamos una mascarilla depurativa. Y seguiremos con una buena hidrataci\u00f3n profunda con \u00c1cido Hialur\u00f3nico, ya sea con <a href=\"https:\/\/grupnexus.com\/es\/hidratacion-profunda\/\" target=\"_blank\" rel=\"noopener noreferrer\"><strong>Skinboosters<\/strong><\/a> o con la Biorivolumetria si adem\u00e1s queremos ganar volumen. Finalmente, para reforzar el resultado, aplicaremos una <strong><a href=\"https:\/\/grupnexus.com\/es\/grupo-nexus\/aparatologia\/fototerapia-ledsmedical\/\" target=\"_blank\" rel=\"noopener noreferrer\">terapia fotobiodin\u00e1mica con leds<\/a>.<\/strong><\/p>\n<p>Para mantener los resultados de tu ritual en cabina durante m\u00e1s tiempo, apl\u00edcate cada noche en casa, dentro de tu rutina de limpieza facial, el Hidrating Cleanser Normal to Dry Skin de ZO Dr. Obagy.<\/p>\n<p><img loading=\"lazy\" class=\"aligncenter wp-image-27387\" src=\"https:\/\/grupnexus.com\/wp-content\/uploads\/2019\/06\/zo_GBL-Hydrating-Cleanser-430x1024.png\" alt=\"hidratant Zo Skin\" width=\"150\" height=\"357\" srcset=\"https:\/\/grupnexus.com\/wp-content\/uploads\/2019\/06\/zo_GBL-Hydrating-Cleanser-430x1024.png 430w, https:\/\/grupnexus.com\/wp-content\/uploads\/2019\/06\/zo_GBL-Hydrating-Cleanser-510x1215.png 510w, https:\/\/grupnexus.com\/wp-content\/uploads\/2019\/06\/zo_GBL-Hydrating-Cleanser-126x300.png 126w, https:\/\/grupnexus.com\/wp-content\/uploads\/2019\/06\/zo_GBL-Hydrating-Cleanser-768x1829.png 768w, https:\/\/grupnexus.com\/wp-content\/uploads\/2019\/06\/zo_GBL-Hydrating-Cleanser-322x768.png 322w, https:\/\/grupnexus.com\/wp-content\/uploads\/2019\/06\/zo_GBL-Hydrating-Cleanser-555x1322.png 555w, https:\/\/grupnexus.com\/wp-content\/uploads\/2019\/06\/zo_GBL-Hydrating-Cleanser-360x858.png 360w, https:\/\/grupnexus.com\/wp-content\/uploads\/2019\/06\/zo_GBL-Hydrating-Cleanser-262x624.png 262w, https:\/\/grupnexus.com\/wp-content\/uploads\/2019\/06\/zo_GBL-Hydrating-Cleanser.png 916w\" sizes=\"(max-width: 150px) 100vw, 150px\" \/><\/p>\n<h3><a href=\"https:\/\/grupnexus.com\/es\/tratamientos\/estetica-avanzada\/packs-corporales\/\" target=\"_blank\" rel=\"noopener noreferrer\">Rituales corporales piel de seda<\/a><\/h3>\n<p>La exfoliaci\u00f3n corporal con peelings de algas te permite obtener una piel libre de impurezas, de esta manera consigues un bronceado m\u00e1s dorado y uniforme.<\/p>\n<p>Evidentemente, tambi\u00e9n hay que personalizar este tipo de tratamiento seg\u00fan el tipo de piel que tengas.<\/p>\n<p>&nbsp;<\/p>\n<p><strong>Prot\u00e9gete del sol<\/strong><\/p>\n<p>La nutricosm\u00e9tica ayuda a protegerte del sol y rehidratar la piel desde el interior. Fotoskinox es un revolucionario fotoinmune protector con antioxidantes, ideal para cuando te expones de manera continuada al sol. Su formulaci\u00f3n lo hace adecuado para proteger, reparar y nutrir la piel con el fin de prevenirla de los radicales libres del sol y de los efectos negativos de los rayos UV.<\/p>\n<p><img loading=\"lazy\" class=\"aligncenter size-full wp-image-27383\" src=\"https:\/\/grupnexus.com\/wp-content\/uploads\/2019\/06\/fotoskinox-producto.jpg\" alt=\"protector amb antioxidants\" width=\"780\" height=\"600\" srcset=\"https:\/\/grupnexus.com\/wp-content\/uploads\/2019\/06\/fotoskinox-producto.jpg 780w, https:\/\/grupnexus.com\/wp-content\/uploads\/2019\/06\/fotoskinox-producto-510x392.jpg 510w, https:\/\/grupnexus.com\/wp-content\/uploads\/2019\/06\/fotoskinox-producto-300x231.jpg 300w, https:\/\/grupnexus.com\/wp-content\/uploads\/2019\/06\/fotoskinox-producto-768x591.jpg 768w, https:\/\/grupnexus.com\/wp-content\/uploads\/2019\/06\/fotoskinox-producto-480x369.jpg 480w, https:\/\/grupnexus.com\/wp-content\/uploads\/2019\/06\/fotoskinox-producto-555x426.jpg 555w, https:\/\/grupnexus.com\/wp-content\/uploads\/2019\/06\/fotoskinox-producto-360x276.jpg 360w, https:\/\/grupnexus.com\/wp-content\/uploads\/2019\/06\/fotoskinox-producto-262x201.jpg 262w\" sizes=\"(max-width: 780px) 100vw, 780px\" \/><\/p>\n<p>Apl\u00edcate cada d\u00eda cremas con factor de protecci\u00f3n solar, de esta manera el color te durar\u00e1 m\u00e1s tiempo y no da\u00f1ar\u00e1s tu piel.<\/p>\n<p>En Cl\u00ednica Nexus trabajamos con la l\u00ednea m\u00e1s completa de fotoprotecci\u00f3n solar <a href=\"https:\/\/grupnexus.com\/es\/otro-sol-otra-fotoproteccion-con-heliocare\/\" target=\"_blank\" rel=\"noopener noreferrer\"><strong>Heliocare 360\u00ba<\/strong><\/a>. Prueba el Gel Oil Free o el AK Fluid como protector facial.<\/p>\n<p><img loading=\"lazy\" class=\"alignleft wp-image-16214 size-medium\" src=\"https:\/\/grupnexus.com\/wp-content\/uploads\/2018\/07\/ifc-heliocare-360-gel-oilfree-01-300x300.jpg\" alt=\"Heliocare gel oil-free\" width=\"300\" height=\"300\" srcset=\"https:\/\/grupnexus.com\/wp-content\/uploads\/2018\/07\/ifc-heliocare-360-gel-oilfree-01-300x300.jpg 300w, https:\/\/grupnexus.com\/wp-content\/uploads\/2018\/07\/ifc-heliocare-360-gel-oilfree-01-400x400.jpg 400w, https:\/\/grupnexus.com\/wp-content\/uploads\/2018\/07\/ifc-heliocare-360-gel-oilfree-01-100x100.jpg 100w, https:\/\/grupnexus.com\/wp-content\/uploads\/2018\/07\/ifc-heliocare-360-gel-oilfree-01-510x510.jpg 510w, https:\/\/grupnexus.com\/wp-content\/uploads\/2018\/07\/ifc-heliocare-360-gel-oilfree-01-150x150.jpg 150w, https:\/\/grupnexus.com\/wp-content\/uploads\/2018\/07\/ifc-heliocare-360-gel-oilfree-01-60x60.jpg 60w, https:\/\/grupnexus.com\/wp-content\/uploads\/2018\/07\/ifc-heliocare-360-gel-oilfree-01-43x43.jpg 43w, https:\/\/grupnexus.com\/wp-content\/uploads\/2018\/07\/ifc-heliocare-360-gel-oilfree-01-555x555.jpg 555w, https:\/\/grupnexus.com\/wp-content\/uploads\/2018\/07\/ifc-heliocare-360-gel-oilfree-01-360x360.jpg 360w, https:\/\/grupnexus.com\/wp-content\/uploads\/2018\/07\/ifc-heliocare-360-gel-oilfree-01-262x262.jpg 262w, https:\/\/grupnexus.com\/wp-content\/uploads\/2018\/07\/ifc-heliocare-360-gel-oilfree-01.jpg 610w\" sizes=\"(max-width: 300px) 100vw, 300px\" \/> <img loading=\"lazy\" class=\"aligncenter wp-image-16216 size-medium\" src=\"https:\/\/grupnexus.com\/wp-content\/uploads\/2018\/07\/heliocare-360-ak-spf-100-300x300.jpg\" alt=\"heliocare ak fluid\" width=\"300\" height=\"300\" srcset=\"https:\/\/grupnexus.com\/wp-content\/uploads\/2018\/07\/heliocare-360-ak-spf-100-300x300.jpg 300w, https:\/\/grupnexus.com\/wp-content\/uploads\/2018\/07\/heliocare-360-ak-spf-100-400x400.jpg 400w, https:\/\/grupnexus.com\/wp-content\/uploads\/2018\/07\/heliocare-360-ak-spf-100-100x100.jpg 100w, https:\/\/grupnexus.com\/wp-content\/uploads\/2018\/07\/heliocare-360-ak-spf-100-510x510.jpg 510w, https:\/\/grupnexus.com\/wp-content\/uploads\/2018\/07\/heliocare-360-ak-spf-100-150x150.jpg 150w, https:\/\/grupnexus.com\/wp-content\/uploads\/2018\/07\/heliocare-360-ak-spf-100-60x60.jpg 60w, https:\/\/grupnexus.com\/wp-content\/uploads\/2018\/07\/heliocare-360-ak-spf-100-43x43.jpg 43w, https:\/\/grupnexus.com\/wp-content\/uploads\/2018\/07\/heliocare-360-ak-spf-100-555x555.jpg 555w, https:\/\/grupnexus.com\/wp-content\/uploads\/2018\/07\/heliocare-360-ak-spf-100-360x360.jpg 360w, https:\/\/grupnexus.com\/wp-content\/uploads\/2018\/07\/heliocare-360-ak-spf-100-262x262.jpg 262w, https:\/\/grupnexus.com\/wp-content\/uploads\/2018\/07\/heliocare-360-ak-spf-100.jpg 600w\" sizes=\"(max-width: 300px) 100vw, 300px\" \/><\/p>\n<p>Y como protecci\u00f3n corporal, la gama de Esthederm es ideal para optimizar un bronceado natural y prever el fotoenvejecimiento.<\/p>\n<p><img loading=\"lazy\" class=\"aligncenter wp-image-27385\" src=\"https:\/\/grupnexus.com\/wp-content\/uploads\/2019\/06\/tipos-proteccion-solar_Esthederm-1024x683.jpg\" alt=\"\" width=\"600\" height=\"400\" srcset=\"https:\/\/grupnexus.com\/wp-content\/uploads\/2019\/06\/tipos-proteccion-solar_Esthederm-1024x683.jpg 1024w, https:\/\/grupnexus.com\/wp-content\/uploads\/2019\/06\/tipos-proteccion-solar_Esthederm-510x340.jpg 510w, https:\/\/grupnexus.com\/wp-content\/uploads\/2019\/06\/tipos-proteccion-solar_Esthederm-300x200.jpg 300w, https:\/\/grupnexus.com\/wp-content\/uploads\/2019\/06\/tipos-proteccion-solar_Esthederm-768x512.jpg 768w, https:\/\/grupnexus.com\/wp-content\/uploads\/2019\/06\/tipos-proteccion-solar_Esthederm-1140x760.jpg 1140w, https:\/\/grupnexus.com\/wp-content\/uploads\/2019\/06\/tipos-proteccion-solar_Esthederm-555x370.jpg 555w, https:\/\/grupnexus.com\/wp-content\/uploads\/2019\/06\/tipos-proteccion-solar_Esthederm-360x240.jpg 360w, https:\/\/grupnexus.com\/wp-content\/uploads\/2019\/06\/tipos-proteccion-solar_Esthederm-262x175.jpg 262w, https:\/\/grupnexus.com\/wp-content\/uploads\/2019\/06\/tipos-proteccion-solar_Esthederm.jpg 1824w\" sizes=\"(max-width: 600px) 100vw, 600px\" \/><\/p>\n<p>Su Bruma ha sido reconocida como Premio Telva 2019 como mejor producto del a\u00f1o.<\/p>\n<p><img loading=\"lazy\" class=\"aligncenter wp-image-27379\" src=\"https:\/\/grupnexus.com\/wp-content\/uploads\/2019\/06\/brume_soyeuse_1_Esthederm.png\" alt=\"\" width=\"150\" height=\"225\" srcset=\"https:\/\/grupnexus.com\/wp-content\/uploads\/2019\/06\/brume_soyeuse_1_Esthederm.png 600w, https:\/\/grupnexus.com\/wp-content\/uploads\/2019\/06\/brume_soyeuse_1_Esthederm-510x765.png 510w, https:\/\/grupnexus.com\/wp-content\/uploads\/2019\/06\/brume_soyeuse_1_Esthederm-200x300.png 200w, https:\/\/grupnexus.com\/wp-content\/uploads\/2019\/06\/brume_soyeuse_1_Esthederm-512x768.png 512w, https:\/\/grupnexus.com\/wp-content\/uploads\/2019\/06\/brume_soyeuse_1_Esthederm-555x833.png 555w, https:\/\/grupnexus.com\/wp-content\/uploads\/2019\/06\/brume_soyeuse_1_Esthederm-360x540.png 360w, https:\/\/grupnexus.com\/wp-content\/uploads\/2019\/06\/brume_soyeuse_1_Esthederm-262x393.png 262w\" sizes=\"(max-width: 150px) 100vw, 150px\" \/><\/p>\n<p><strong>Estilo de vida detox<\/strong><\/p>\n<p>Establece una rutina detox con peque\u00f1os gestos cada d\u00eda. No s\u00f3lo en el \u00e1mbito nutricional y est\u00e9tico, tambi\u00e9n hazlo digitalmente, conecta con la familia, con la naturaleza, contigo &#8230; sin m\u00f3vil, sin tabletas, sin Netflix.<\/p>\n<p>Recuerda que las luces que irradian estos tambi\u00e9n da\u00f1an tu piel. Y no s\u00f3lo la piel, tambi\u00e9n afecta a la vista, te quita horas de sue\u00f1o, y no olvides las cervicales, que se acaban contracturando porque cogemos malas posturas.<\/p>\n<p>Estas son nuestras pautas a seguir durante este verano, antes de tus vacaciones. Nos vemos de nuevo a la vuelta, con el plan detox post-verano.<\/p>\n","protected":false},"excerpt":{"rendered":"<p>Llega el buen tiempo, y despu\u00e9s de un let\u00e1rgico invierno, tu piel tiene un aspecto apagado y sin vida. Notas el cansancio y la astenia primaveral, te faltan horas de sue\u00f1o, y eso hace que tengas acumulaci\u00f3n de l\u00edquidos y te sientas hinchado o hinchada. \u00a1Ponte en marcha! Te proponemos un plan depurativo y detox&#8230;<\/p>\n","protected":false},"author":6,"featured_media":27632,"comment_status":"closed","ping_status":"closed","sticky":false,"template":"","format":"standard","meta":[],"categories":[2,330],"tags":[],"yoast_head":"<!-- This site is optimized with the Yoast SEO plugin v18.6 - https:\/\/yoast.com\/wordpress\/plugins\/seo\/ -->\n<title>Plan detox Nexus pre-verano<\/title>\n<meta name=\"description\" content=\"Posa\u2019t en marxa! Et proposem un pla depuratiu i detox que inclou, d&#039;una banda, cuidar-te interiorment, i de l&#039;altra, un ritual de bellesa. Informate.\" \/>\n<meta name=\"robots\" content=\"index, follow, max-snippet:-1, max-image-preview:large, max-video-preview:-1\" \/>\n<link rel=\"canonical\" href=\"https:\/\/grupnexus.com\/es\/plan-detox-nexus-pre-verano\/\" \/>\n<meta property=\"og:locale\" content=\"es_ES\" \/>\n<meta property=\"og:type\" content=\"article\" \/>\n<meta property=\"og:title\" content=\"Plan detox Nexus pre-verano\" \/>\n<meta property=\"og:description\" content=\"Posa\u2019t en marxa! Et proposem un pla depuratiu i detox que inclou, d&#039;una banda, cuidar-te interiorment, i de l&#039;altra, un ritual de bellesa. Informate.\" \/>\n<meta property=\"og:url\" content=\"https:\/\/grupnexus.com\/es\/plan-detox-nexus-pre-verano\/\" \/>\n<meta property=\"og:site_name\" content=\"Cl\u00ednica Nexus\" \/>\n<meta property=\"article:published_time\" content=\"2019-06-26T09:35:31+00:00\" \/>\n<meta property=\"article:modified_time\" content=\"2019-06-26T11:38:53+00:00\" \/>\n<meta property=\"og:image\" content=\"https:\/\/i0.wp.com\/grupnexus.com\/wp-content\/uploads\/2019\/06\/Detox_natura.jpg?fit=1920%2C1205&#038;ssl=1\" \/>\n\t<meta property=\"og:image:width\" content=\"1920\" \/>\n\t<meta property=\"og:image:height\" content=\"1205\" \/>\n\t<meta property=\"og:image:type\" content=\"image\/jpeg\" \/>\n<meta name=\"twitter:card\" content=\"summary\" \/>\n<meta name=\"twitter:label1\" content=\"Escrito por\" \/>\n\t<meta name=\"twitter:data1\" content=\"Cl\u00ednica Nexus\" \/>\n\t<meta name=\"twitter:label2\" content=\"Tiempo de lectura\" \/>\n\t<meta name=\"twitter:data2\" content=\"4 minutos\" \/>\n<script type=\"application\/ld+json\" class=\"yoast-schema-graph\">{\"@context\":\"https:\/\/schema.org\",\"@graph\":[{\"@type\":\"WebSite\",\"@id\":\"https:\/\/grupnexus.com\/es\/#website\",\"url\":\"https:\/\/grupnexus.com\/es\/\",\"name\":\"Cl\u00ednica Nexus\",\"description\":\"L\u00edders en Medicina Est\u00e8tica Avan\u00e7ada\",\"potentialAction\":[{\"@type\":\"SearchAction\",\"target\":{\"@type\":\"EntryPoint\",\"urlTemplate\":\"https:\/\/grupnexus.com\/es\/?s={search_term_string}\"},\"query-input\":\"required name=search_term_string\"}],\"inLanguage\":\"es\"},{\"@type\":\"ImageObject\",\"@id\":\"https:\/\/grupnexus.com\/es\/plan-detox-nexus-pre-verano\/#primaryimage\",\"inLanguage\":\"es\",\"url\":\"https:\/\/grupnexus.com\/wp-content\/uploads\/2019\/06\/Detox_natura.jpg\",\"contentUrl\":\"https:\/\/grupnexus.com\/wp-content\/uploads\/2019\/06\/Detox_natura.jpg\",\"width\":1920,\"height\":1205,\"caption\":\"Pla detox nexus\"},{\"@type\":\"WebPage\",\"@id\":\"https:\/\/grupnexus.com\/es\/plan-detox-nexus-pre-verano\/#webpage\",\"url\":\"https:\/\/grupnexus.com\/es\/plan-detox-nexus-pre-verano\/\",\"name\":\"Plan detox Nexus pre-verano\",\"isPartOf\":{\"@id\":\"https:\/\/grupnexus.com\/es\/#website\"},\"primaryImageOfPage\":{\"@id\":\"https:\/\/grupnexus.com\/es\/plan-detox-nexus-pre-verano\/#primaryimage\"},\"datePublished\":\"2019-06-26T09:35:31+00:00\",\"dateModified\":\"2019-06-26T11:38:53+00:00\",\"author\":{\"@id\":\"https:\/\/grupnexus.com\/es\/#\/schema\/person\/7d42f30e6bd203d23a2c1613b51145c3\"},\"description\":\"Posa\u2019t en marxa! Et proposem un pla depuratiu i detox que inclou, d'una banda, cuidar-te interiorment, i de l'altra, un ritual de bellesa. Informate.\",\"breadcrumb\":{\"@id\":\"https:\/\/grupnexus.com\/es\/plan-detox-nexus-pre-verano\/#breadcrumb\"},\"inLanguage\":\"es\",\"potentialAction\":[{\"@type\":\"ReadAction\",\"target\":[\"https:\/\/grupnexus.com\/es\/plan-detox-nexus-pre-verano\/\"]}]},{\"@type\":\"BreadcrumbList\",\"@id\":\"https:\/\/grupnexus.com\/es\/plan-detox-nexus-pre-verano\/#breadcrumb\",\"itemListElement\":[{\"@type\":\"ListItem\",\"position\":1,\"name\":\"Portada\",\"item\":\"https:\/\/grupnexus.com\/es\/\"},{\"@type\":\"ListItem\",\"position\":2,\"name\":\"Plan detox Nexus pre-verano\"}]},{\"@type\":\"Person\",\"@id\":\"https:\/\/grupnexus.com\/es\/#\/schema\/person\/7d42f30e6bd203d23a2c1613b51145c3\",\"name\":\"Cl\u00ednica Nexus\",\"image\":{\"@type\":\"ImageObject\",\"@id\":\"https:\/\/grupnexus.com\/es\/#personlogo\",\"inLanguage\":\"es\",\"url\":\"https:\/\/secure.gravatar.com\/avatar\/f1f98ef0d641a3a6af0accea5a5971ef?s=96&d=mm&r=g\",\"contentUrl\":\"https:\/\/secure.gravatar.com\/avatar\/f1f98ef0d641a3a6af0accea5a5971ef?s=96&d=mm&r=g\",\"caption\":\"Cl\u00ednica Nexus\"}}]}<\/script>\n<!-- \/ Yoast SEO plugin. -->","yoast_head_json":{"title":"Plan detox Nexus pre-verano","description":"Posa\u2019t en marxa! Et proposem un pla depuratiu i detox que inclou, d'una banda, cuidar-te interiorment, i de l'altra, un ritual de bellesa. Informate.","robots":{"index":"index","follow":"follow","max-snippet":"max-snippet:-1","max-image-preview":"max-image-preview:large","max-video-preview":"max-video-preview:-1"},"canonical":"https:\/\/grupnexus.com\/es\/plan-detox-nexus-pre-verano\/","og_locale":"es_ES","og_type":"article","og_title":"Plan detox Nexus pre-verano","og_description":"Posa\u2019t en marxa! Et proposem un pla depuratiu i detox que inclou, d'una banda, cuidar-te interiorment, i de l'altra, un ritual de bellesa. Informate.","og_url":"https:\/\/grupnexus.com\/es\/plan-detox-nexus-pre-verano\/","og_site_name":"Cl\u00ednica Nexus","article_published_time":"2019-06-26T09:35:31+00:00","article_modified_time":"2019-06-26T11:38:53+00:00","og_image":[{"width":1920,"height":1205,"url":"https:\/\/i0.wp.com\/grupnexus.com\/wp-content\/uploads\/2019\/06\/Detox_natura.jpg?fit=1920%2C1205&ssl=1","type":"image\/jpeg"}],"twitter_card":"summary","twitter_misc":{"Escrito por":"Cl\u00ednica Nexus","Tiempo de lectura":"4 minutos"},"schema":{"@context":"https:\/\/schema.org","@graph":[{"@type":"WebSite","@id":"https:\/\/grupnexus.com\/es\/#website","url":"https:\/\/grupnexus.com\/es\/","name":"Cl\u00ednica Nexus","description":"L\u00edders en Medicina Est\u00e8tica Avan\u00e7ada","potentialAction":[{"@type":"SearchAction","target":{"@type":"EntryPoint","urlTemplate":"https:\/\/grupnexus.com\/es\/?s={search_term_string}"},"query-input":"required name=search_term_string"}],"inLanguage":"es"},{"@type":"ImageObject","@id":"https:\/\/grupnexus.com\/es\/plan-detox-nexus-pre-verano\/#primaryimage","inLanguage":"es","url":"https:\/\/grupnexus.com\/wp-content\/uploads\/2019\/06\/Detox_natura.jpg","contentUrl":"https:\/\/grupnexus.com\/wp-content\/uploads\/2019\/06\/Detox_natura.jpg","width":1920,"height":1205,"caption":"Pla detox nexus"},{"@type":"WebPage","@id":"https:\/\/grupnexus.com\/es\/plan-detox-nexus-pre-verano\/#webpage","url":"https:\/\/grupnexus.com\/es\/plan-detox-nexus-pre-verano\/","name":"Plan detox Nexus pre-verano","isPartOf":{"@id":"https:\/\/grupnexus.com\/es\/#website"},"primaryImageOfPage":{"@id":"https:\/\/grupnexus.com\/es\/plan-detox-nexus-pre-verano\/#primaryimage"},"datePublished":"2019-06-26T09:35:31+00:00","dateModified":"2019-06-26T11:38:53+00:00","author":{"@id":"https:\/\/grupnexus.com\/es\/#\/schema\/person\/7d42f30e6bd203d23a2c1613b51145c3"},"description":"Posa\u2019t en marxa! Et proposem un pla depuratiu i detox que inclou, d'una banda, cuidar-te interiorment, i de l'altra, un ritual de bellesa. Informate.","breadcrumb":{"@id":"https:\/\/grupnexus.com\/es\/plan-detox-nexus-pre-verano\/#breadcrumb"},"inLanguage":"es","potentialAction":[{"@type":"ReadAction","target":["https:\/\/grupnexus.com\/es\/plan-detox-nexus-pre-verano\/"]}]},{"@type":"BreadcrumbList","@id":"https:\/\/grupnexus.com\/es\/plan-detox-nexus-pre-verano\/#breadcrumb","itemListElement":[{"@type":"ListItem","position":1,"name":"Portada","item":"https:\/\/grupnexus.com\/es\/"},{"@type":"ListItem","position":2,"name":"Plan detox Nexus pre-verano"}]},{"@type":"Person","@id":"https:\/\/grupnexus.com\/es\/#\/schema\/person\/7d42f30e6bd203d23a2c1613b51145c3","name":"Cl\u00ednica Nexus","image":{"@type":"ImageObject","@id":"https:\/\/grupnexus.com\/es\/#personlogo","inLanguage":"es","url":"https:\/\/secure.gravatar.com\/avatar\/f1f98ef0d641a3a6af0accea5a5971ef?s=96&d=mm&r=g","contentUrl":"https:\/\/secure.gravatar.com\/avatar\/f1f98ef0d641a3a6af0accea5a5971ef?s=96&d=mm&r=g","caption":"Cl\u00ednica Nexus"}}]}},"_links":{"self":[{"href":"https:\/\/grupnexus.com\/es\/wp-json\/wp\/v2\/posts\/27633"}],"collection":[{"href":"https:\/\/grupnexus.com\/es\/wp-json\/wp\/v2\/posts"}],"about":[{"href":"https:\/\/grupnexus.com\/es\/wp-json\/wp\/v2\/types\/post"}],"author":[{"embeddable":true,"href":"https:\/\/grupnexus.com\/es\/wp-json\/wp\/v2\/users\/6"}],"replies":[{"embeddable":true,"href":"https:\/\/grupnexus.com\/es\/wp-json\/wp\/v2\/comments?post=27633"}],"version-history":[{"count":3,"href":"https:\/\/grupnexus.com\/es\/wp-json\/wp\/v2\/posts\/27633\/revisions"}],"predecessor-version":[{"id":27642,"href":"https:\/\/grupnexus.com\/es\/wp-json\/wp\/v2\/posts\/27633\/revisions\/27642"}],"wp:featuredmedia":[{"embeddable":true,"href":"https:\/\/grupnexus.com\/es\/wp-json\/wp\/v2\/media\/27632"}],"wp:attachment":[{"href":"https:\/\/grupnexus.com\/es\/wp-json\/wp\/v2\/media?parent=27633"}],"wp:term":[{"taxonomy":"category","embeddable":true,"href":"https:\/\/grupnexus.com\/es\/wp-json\/wp\/v2\/categories?post=27633"},{"taxonomy":"post_tag","embeddable":true,"href":"https:\/\/grupnexus.com\/es\/wp-json\/wp\/v2\/tags?post=27633"}],"curies":[{"name":"wp","href":"https:\/\/api.w.org\/{rel}","templated":true}]}}