{"id":28184,"date":"2019-07-10T11:11:52","date_gmt":"2019-07-10T09:11:52","guid":{"rendered":"https:\/\/www.grupnexus.com\/clinica-nexus-entitat-collaboradora-en-la-festa-solidaria-dap-lleida-2019\/"},"modified":"2019-07-10T11:14:37","modified_gmt":"2019-07-10T09:14:37","slug":"clinica-nexus-entitat-collaboradora-en-la-festa-solidaria-dap-lleida-2019","status":"publish","type":"post","link":"https:\/\/grupnexus.com\/es\/clinica-nexus-entitat-collaboradora-en-la-festa-solidaria-dap-lleida-2019\/","title":{"rendered":"Cl\u00ednica Nexus entidad colaboradora en la Fiesta Solidaria de Ap! Lleida 2019"},"content":{"rendered":"<p>El pasado 3 de julio, se celebr\u00f3 la <strong>fiesta solidaria que organiza la Asociaci\u00f3n Profesional de Empresarias, Ap! Lleida<\/strong>, tan pronto llega el verano.<\/p>\n<p>Este a\u00f1o, la <strong>entidad humanitaria a favor de la cual se hizo la recaudaci\u00f3n fue la Fundaci\u00f3n Jeric\u00f3<\/strong>, que <strong>atiende a<\/strong> <strong>personas desprotegidas mediante un trabajo educativo, ocupacional y de promoci\u00f3n social.<\/strong><\/p>\n<p>Su <strong>comedor social<\/strong> acoge cada d\u00eda a decenas de personas sin techo o con riesgo de exclusi\u00f3n. Alojan familias e inmigrantes en el <strong>Hostal Jeric\u00f3<\/strong> y, les ofrecen <strong>herramientas para continuar form\u00e1ndose y buscar trabajo<\/strong>, entre otros muchos proyectos.<\/p>\n<p>En la b\u00fasqueda de trabajo es donde se invertir\u00e1 el <strong>dinero recaudado<\/strong> durante la fiesta, <strong>comprando nuevo equipamiento inform\u00e1tico<\/strong> con el que crear o actualizar su curr\u00edculum, gestionar tr\u00e1mites con la administraci\u00f3n e inscribirse en bolsas de trabajo.<\/p>\n<p><img loading=\"lazy\" class=\"aligncenter wp-image-28169 size-large\" src=\"https:\/\/grupnexus.com\/wp-content\/uploads\/2019\/07\/Festa-Solidaria-Ap-Lleida-DSC_3779-1024x576.jpg\" alt=\"\" width=\"1024\" height=\"576\" srcset=\"https:\/\/grupnexus.com\/wp-content\/uploads\/2019\/07\/Festa-Solidaria-Ap-Lleida-DSC_3779-1024x576.jpg 1024w, https:\/\/grupnexus.com\/wp-content\/uploads\/2019\/07\/Festa-Solidaria-Ap-Lleida-DSC_3779-510x287.jpg 510w, https:\/\/grupnexus.com\/wp-content\/uploads\/2019\/07\/Festa-Solidaria-Ap-Lleida-DSC_3779-300x169.jpg 300w, https:\/\/grupnexus.com\/wp-content\/uploads\/2019\/07\/Festa-Solidaria-Ap-Lleida-DSC_3779-768x432.jpg 768w, https:\/\/grupnexus.com\/wp-content\/uploads\/2019\/07\/Festa-Solidaria-Ap-Lleida-DSC_3779-1140x641.jpg 1140w, https:\/\/grupnexus.com\/wp-content\/uploads\/2019\/07\/Festa-Solidaria-Ap-Lleida-DSC_3779-555x312.jpg 555w, https:\/\/grupnexus.com\/wp-content\/uploads\/2019\/07\/Festa-Solidaria-Ap-Lleida-DSC_3779-360x203.jpg 360w, https:\/\/grupnexus.com\/wp-content\/uploads\/2019\/07\/Festa-Solidaria-Ap-Lleida-DSC_3779-262x147.jpg 262w, https:\/\/grupnexus.com\/wp-content\/uploads\/2019\/07\/Festa-Solidaria-Ap-Lleida-DSC_3779.jpg 1920w\" sizes=\"(max-width: 1024px) 100vw, 1024px\" \/><\/p>\n<p><strong>M\u00e1s de 700 \u20ac<\/strong> es la cifra que se recogi\u00f3 durante la fiesta, que se incrementar\u00e1 hasta la celebraci\u00f3n de los Premios Ap!, acto durante el cual se hace la entrega del cheque simb\u00f3lico, y que se llevar\u00e1 a cabo a finales de a\u00f1o.<\/p>\n<p><strong>Cl\u00ednica Nexus<\/strong>, como cada a\u00f1o, y <strong>respondiendo a sus valores solidarios y de responsabilidad social corporativa, colabor\u00f3 \u200b\u200bcon la donaci\u00f3n de un regalo valorado en 100 \u20ac.<\/strong><\/p>\n<p>Laura S\u00e1nchez, directora de marketing de Cl\u00ednica Nexus y expresidenta de Ap! Lleida, asisti\u00f3 en nombre propio y en representaci\u00f3n de Cl\u00ednica Nexus y fue quien entreg\u00f3 el premio a la persona afortunada y socia de Ap! Lleida. A qui\u00e9n deseamos que disfrute de buen grado del regalo de un tratamiento Detox Pre-verano.<\/p>\n<p><img loading=\"lazy\" class=\"aligncenter size-large wp-image-28171\" src=\"https:\/\/grupnexus.com\/wp-content\/uploads\/2019\/07\/Festa-Solidaria-Ap-Lleida-DSC_3805-1024x576.jpg\" alt=\"\" width=\"1024\" height=\"576\" srcset=\"https:\/\/grupnexus.com\/wp-content\/uploads\/2019\/07\/Festa-Solidaria-Ap-Lleida-DSC_3805-1024x576.jpg 1024w, https:\/\/grupnexus.com\/wp-content\/uploads\/2019\/07\/Festa-Solidaria-Ap-Lleida-DSC_3805-510x287.jpg 510w, https:\/\/grupnexus.com\/wp-content\/uploads\/2019\/07\/Festa-Solidaria-Ap-Lleida-DSC_3805-300x169.jpg 300w, https:\/\/grupnexus.com\/wp-content\/uploads\/2019\/07\/Festa-Solidaria-Ap-Lleida-DSC_3805-768x432.jpg 768w, https:\/\/grupnexus.com\/wp-content\/uploads\/2019\/07\/Festa-Solidaria-Ap-Lleida-DSC_3805-1140x641.jpg 1140w, https:\/\/grupnexus.com\/wp-content\/uploads\/2019\/07\/Festa-Solidaria-Ap-Lleida-DSC_3805-555x312.jpg 555w, https:\/\/grupnexus.com\/wp-content\/uploads\/2019\/07\/Festa-Solidaria-Ap-Lleida-DSC_3805-360x203.jpg 360w, https:\/\/grupnexus.com\/wp-content\/uploads\/2019\/07\/Festa-Solidaria-Ap-Lleida-DSC_3805-262x147.jpg 262w, https:\/\/grupnexus.com\/wp-content\/uploads\/2019\/07\/Festa-Solidaria-Ap-Lleida-DSC_3805.jpg 1920w\" sizes=\"(max-width: 1024px) 100vw, 1024px\" \/><\/p>\n<p>Desde aqu\u00ed, dirigimos unas palabras de agradecimiento a la Fundaci\u00f3n Jeric\u00f3, por su gran labor. Y animamos a Ap! Lleida a continuar velando por entidades y proyectos solidarios de la ciudad de Lleida.<\/p>\n<p>&nbsp;<\/p>\n\n\t\t<style type=\"text\/css\">\n\t\t\t#gallery-1 {\n\t\t\t\tmargin: auto;\n\t\t\t}\n\t\t\t#gallery-1 .gallery-item {\n\t\t\t\tfloat: left;\n\t\t\t\tmargin-top: 10px;\n\t\t\t\ttext-align: center;\n\t\t\t\twidth: 33%;\n\t\t\t}\n\t\t\t#gallery-1 img {\n\t\t\t\tborder: 2px solid #cfcfcf;\n\t\t\t}\n\t\t\t#gallery-1 .gallery-caption {\n\t\t\t\tmargin-left: 0;\n\t\t\t}\n\t\t\t\/* see gallery_shortcode() in wp-includes\/media.php *\/\n\t\t<\/style>\n\t\t<div id='gallery-1' class='gallery galleryid-28184 gallery-columns-3 gallery-size-full'><dl class='gallery-item'>\n\t\t\t<dt class='gallery-icon landscape'>\n\t\t\t\t<a href='https:\/\/grupnexus.com\/wp-content\/uploads\/2019\/07\/Festa-Solidaria-Ap-Lleida-DSC_3823.jpg'><img width=\"1920\" height=\"1080\" src=\"https:\/\/grupnexus.com\/wp-content\/uploads\/2019\/07\/Festa-Solidaria-Ap-Lleida-DSC_3823.jpg\" class=\"attachment-full size-full\" alt=\"\" loading=\"lazy\" aria-describedby=\"gallery-1-28173\" srcset=\"https:\/\/grupnexus.com\/wp-content\/uploads\/2019\/07\/Festa-Solidaria-Ap-Lleida-DSC_3823.jpg 1920w, https:\/\/grupnexus.com\/wp-content\/uploads\/2019\/07\/Festa-Solidaria-Ap-Lleida-DSC_3823-510x287.jpg 510w, https:\/\/grupnexus.com\/wp-content\/uploads\/2019\/07\/Festa-Solidaria-Ap-Lleida-DSC_3823-300x169.jpg 300w, https:\/\/grupnexus.com\/wp-content\/uploads\/2019\/07\/Festa-Solidaria-Ap-Lleida-DSC_3823-768x432.jpg 768w, https:\/\/grupnexus.com\/wp-content\/uploads\/2019\/07\/Festa-Solidaria-Ap-Lleida-DSC_3823-1024x576.jpg 1024w, https:\/\/grupnexus.com\/wp-content\/uploads\/2019\/07\/Festa-Solidaria-Ap-Lleida-DSC_3823-1140x641.jpg 1140w, https:\/\/grupnexus.com\/wp-content\/uploads\/2019\/07\/Festa-Solidaria-Ap-Lleida-DSC_3823-555x312.jpg 555w, https:\/\/grupnexus.com\/wp-content\/uploads\/2019\/07\/Festa-Solidaria-Ap-Lleida-DSC_3823-360x203.jpg 360w, https:\/\/grupnexus.com\/wp-content\/uploads\/2019\/07\/Festa-Solidaria-Ap-Lleida-DSC_3823-262x147.jpg 262w\" sizes=\"(max-width: 1920px) 100vw, 1920px\" \/><\/a>\n\t\t\t<\/dt>\n\t\t\t\t<dd class='wp-caption-text gallery-caption' id='gallery-1-28173'>\n\t\t\t\tMesa presidencial con la direcci\u00f3n de la Fundaci\u00f3n Jeric\u00f3; Laia Rogel, presidenta de Ap! Lleida; Paco Cerd\u00e0, teniente de alcalde; Regina Cayrol, concejala de Pobreza Energ\u00e9tica, Servicios Sociales e Inmigraci\u00f3n y Cooperaci\u00f3n; Jaume Salt\u00f3, presidente de Pimec Lleida y la C\u00e1mara de Comercio de Lleida; y Laura S\u00e1nchez, directora de Cl\u00ednica Nexus y expresidenta de Ap! Lleida\n\t\t\t\t<\/dd><\/dl><dl class='gallery-item'>\n\t\t\t<dt class='gallery-icon portrait'>\n\t\t\t\t<a href='https:\/\/grupnexus.com\/wp-content\/uploads\/2019\/07\/Festa-Solidaria-Ap-Lleida-DSC_3763.jpg'><img width=\"1080\" height=\"1920\" src=\"https:\/\/grupnexus.com\/wp-content\/uploads\/2019\/07\/Festa-Solidaria-Ap-Lleida-DSC_3763.jpg\" class=\"attachment-full size-full\" alt=\"\" loading=\"lazy\" srcset=\"https:\/\/grupnexus.com\/wp-content\/uploads\/2019\/07\/Festa-Solidaria-Ap-Lleida-DSC_3763.jpg 1080w, https:\/\/grupnexus.com\/wp-content\/uploads\/2019\/07\/Festa-Solidaria-Ap-Lleida-DSC_3763-510x907.jpg 510w, https:\/\/grupnexus.com\/wp-content\/uploads\/2019\/07\/Festa-Solidaria-Ap-Lleida-DSC_3763-169x300.jpg 169w, https:\/\/grupnexus.com\/wp-content\/uploads\/2019\/07\/Festa-Solidaria-Ap-Lleida-DSC_3763-768x1365.jpg 768w, https:\/\/grupnexus.com\/wp-content\/uploads\/2019\/07\/Festa-Solidaria-Ap-Lleida-DSC_3763-576x1024.jpg 576w, https:\/\/grupnexus.com\/wp-content\/uploads\/2019\/07\/Festa-Solidaria-Ap-Lleida-DSC_3763-432x768.jpg 432w, https:\/\/grupnexus.com\/wp-content\/uploads\/2019\/07\/Festa-Solidaria-Ap-Lleida-DSC_3763-555x987.jpg 555w, https:\/\/grupnexus.com\/wp-content\/uploads\/2019\/07\/Festa-Solidaria-Ap-Lleida-DSC_3763-360x640.jpg 360w, https:\/\/grupnexus.com\/wp-content\/uploads\/2019\/07\/Festa-Solidaria-Ap-Lleida-DSC_3763-262x466.jpg 262w\" sizes=\"(max-width: 1080px) 100vw, 1080px\" \/><\/a>\n\t\t\t<\/dt><\/dl>\n\t\t\t<br style='clear: both' \/>\n\t\t<\/div>\n\n","protected":false},"excerpt":{"rendered":"<p>El pasado 3 de julio, se celebr\u00f3 la fiesta solidaria que organiza la Asociaci\u00f3n Profesional de Empresarias, Ap! Lleida, tan pronto llega el verano. Este a\u00f1o, la entidad humanitaria a favor de la cual se hizo la recaudaci\u00f3n fue la Fundaci\u00f3n Jeric\u00f3, que atiende a personas desprotegidas mediante un trabajo educativo, ocupacional y de promoci\u00f3n&#8230;<\/p>\n","protected":false},"author":6,"featured_media":28175,"comment_status":"closed","ping_status":"closed","sticky":false,"template":"","format":"standard","meta":[],"categories":[330],"tags":[],"yoast_head":"<!-- This site is optimized with the Yoast SEO plugin v18.6 - https:\/\/yoast.com\/wordpress\/plugins\/seo\/ -->\n<title>Cl\u00ednica Nexus entidad colaboradora en la Fiesta Solidaria de Ap! Lleida 2019<\/title>\n<meta name=\"robots\" content=\"index, follow, max-snippet:-1, max-image-preview:large, max-video-preview:-1\" \/>\n<link rel=\"canonical\" href=\"https:\/\/grupnexus.com\/es\/clinica-nexus-entitat-collaboradora-en-la-festa-solidaria-dap-lleida-2019\/\" \/>\n<meta property=\"og:locale\" content=\"es_ES\" \/>\n<meta property=\"og:type\" content=\"article\" \/>\n<meta property=\"og:title\" content=\"Cl\u00ednica Nexus entidad colaboradora en la Fiesta Solidaria de Ap! Lleida 2019\" \/>\n<meta property=\"og:description\" content=\"El pasado 3 de julio, se celebr\u00f3 la fiesta solidaria que organiza la Asociaci\u00f3n Profesional de Empresarias, Ap! Lleida, tan pronto llega el verano. Este a\u00f1o, la entidad humanitaria a favor de la cual se hizo la recaudaci\u00f3n fue la Fundaci\u00f3n Jeric\u00f3, que atiende a personas desprotegidas mediante un trabajo educativo, ocupacional y de promoci\u00f3n...\" \/>\n<meta property=\"og:url\" content=\"https:\/\/grupnexus.com\/es\/clinica-nexus-entitat-collaboradora-en-la-festa-solidaria-dap-lleida-2019\/\" \/>\n<meta property=\"og:site_name\" content=\"Cl\u00ednica Nexus\" \/>\n<meta property=\"article:published_time\" content=\"2019-07-10T09:11:52+00:00\" \/>\n<meta property=\"article:modified_time\" content=\"2019-07-10T09:14:37+00:00\" \/>\n<meta property=\"og:image\" content=\"https:\/\/grupnexus.com\/wp-content\/uploads\/2019\/07\/Festa-Solidaria-Ap-Lleida-DSC_3958.jpg\" \/>\n\t<meta property=\"og:image:width\" content=\"1920\" \/>\n\t<meta property=\"og:image:height\" content=\"1080\" \/>\n\t<meta property=\"og:image:type\" content=\"image\/jpeg\" \/>\n<meta name=\"twitter:card\" content=\"summary\" \/>\n<meta name=\"twitter:label1\" content=\"Escrito por\" \/>\n\t<meta name=\"twitter:data1\" content=\"Cl\u00ednica Nexus\" \/>\n\t<meta name=\"twitter:label2\" content=\"Tiempo de lectura\" \/>\n\t<meta name=\"twitter:data2\" content=\"2 minutos\" \/>\n<script type=\"application\/ld+json\" class=\"yoast-schema-graph\">{\"@context\":\"https:\/\/schema.org\",\"@graph\":[{\"@type\":\"WebSite\",\"@id\":\"https:\/\/grupnexus.com\/es\/#website\",\"url\":\"https:\/\/grupnexus.com\/es\/\",\"name\":\"Cl\u00ednica Nexus\",\"description\":\"L\u00edders en Medicina Est\u00e8tica Avan\u00e7ada\",\"potentialAction\":[{\"@type\":\"SearchAction\",\"target\":{\"@type\":\"EntryPoint\",\"urlTemplate\":\"https:\/\/grupnexus.com\/es\/?s={search_term_string}\"},\"query-input\":\"required name=search_term_string\"}],\"inLanguage\":\"es\"},{\"@type\":\"ImageObject\",\"@id\":\"https:\/\/grupnexus.com\/es\/clinica-nexus-entitat-collaboradora-en-la-festa-solidaria-dap-lleida-2019\/#primaryimage\",\"inLanguage\":\"es\",\"url\":\"https:\/\/grupnexus.com\/wp-content\/uploads\/2019\/07\/Festa-Solidaria-Ap-Lleida-DSC_3958.jpg\",\"contentUrl\":\"https:\/\/grupnexus.com\/wp-content\/uploads\/2019\/07\/Festa-Solidaria-Ap-Lleida-DSC_3958.jpg\",\"width\":1920,\"height\":1080},{\"@type\":\"WebPage\",\"@id\":\"https:\/\/grupnexus.com\/es\/clinica-nexus-entitat-collaboradora-en-la-festa-solidaria-dap-lleida-2019\/#webpage\",\"url\":\"https:\/\/grupnexus.com\/es\/clinica-nexus-entitat-collaboradora-en-la-festa-solidaria-dap-lleida-2019\/\",\"name\":\"Cl\u00ednica Nexus entidad colaboradora en la Fiesta Solidaria de Ap! Lleida 2019\",\"isPartOf\":{\"@id\":\"https:\/\/grupnexus.com\/es\/#website\"},\"primaryImageOfPage\":{\"@id\":\"https:\/\/grupnexus.com\/es\/clinica-nexus-entitat-collaboradora-en-la-festa-solidaria-dap-lleida-2019\/#primaryimage\"},\"datePublished\":\"2019-07-10T09:11:52+00:00\",\"dateModified\":\"2019-07-10T09:14:37+00:00\",\"author\":{\"@id\":\"https:\/\/grupnexus.com\/es\/#\/schema\/person\/7d42f30e6bd203d23a2c1613b51145c3\"},\"breadcrumb\":{\"@id\":\"https:\/\/grupnexus.com\/es\/clinica-nexus-entitat-collaboradora-en-la-festa-solidaria-dap-lleida-2019\/#breadcrumb\"},\"inLanguage\":\"es\",\"potentialAction\":[{\"@type\":\"ReadAction\",\"target\":[\"https:\/\/grupnexus.com\/es\/clinica-nexus-entitat-collaboradora-en-la-festa-solidaria-dap-lleida-2019\/\"]}]},{\"@type\":\"BreadcrumbList\",\"@id\":\"https:\/\/grupnexus.com\/es\/clinica-nexus-entitat-collaboradora-en-la-festa-solidaria-dap-lleida-2019\/#breadcrumb\",\"itemListElement\":[{\"@type\":\"ListItem\",\"position\":1,\"name\":\"Portada\",\"item\":\"https:\/\/grupnexus.com\/es\/\"},{\"@type\":\"ListItem\",\"position\":2,\"name\":\"Cl\u00ednica Nexus entidad colaboradora en la Fiesta Solidaria de Ap! Lleida 2019\"}]},{\"@type\":\"Person\",\"@id\":\"https:\/\/grupnexus.com\/es\/#\/schema\/person\/7d42f30e6bd203d23a2c1613b51145c3\",\"name\":\"Cl\u00ednica Nexus\",\"image\":{\"@type\":\"ImageObject\",\"@id\":\"https:\/\/grupnexus.com\/es\/#personlogo\",\"inLanguage\":\"es\",\"url\":\"https:\/\/secure.gravatar.com\/avatar\/f1f98ef0d641a3a6af0accea5a5971ef?s=96&d=mm&r=g\",\"contentUrl\":\"https:\/\/secure.gravatar.com\/avatar\/f1f98ef0d641a3a6af0accea5a5971ef?s=96&d=mm&r=g\",\"caption\":\"Cl\u00ednica Nexus\"}}]}<\/script>\n<!-- \/ Yoast SEO plugin. -->","yoast_head_json":{"title":"Cl\u00ednica Nexus entidad colaboradora en la Fiesta Solidaria de Ap! Lleida 2019","robots":{"index":"index","follow":"follow","max-snippet":"max-snippet:-1","max-image-preview":"max-image-preview:large","max-video-preview":"max-video-preview:-1"},"canonical":"https:\/\/grupnexus.com\/es\/clinica-nexus-entitat-collaboradora-en-la-festa-solidaria-dap-lleida-2019\/","og_locale":"es_ES","og_type":"article","og_title":"Cl\u00ednica Nexus entidad colaboradora en la Fiesta Solidaria de Ap! Lleida 2019","og_description":"El pasado 3 de julio, se celebr\u00f3 la fiesta solidaria que organiza la Asociaci\u00f3n Profesional de Empresarias, Ap! Lleida, tan pronto llega el verano. Este a\u00f1o, la entidad humanitaria a favor de la cual se hizo la recaudaci\u00f3n fue la Fundaci\u00f3n Jeric\u00f3, que atiende a personas desprotegidas mediante un trabajo educativo, ocupacional y de promoci\u00f3n...","og_url":"https:\/\/grupnexus.com\/es\/clinica-nexus-entitat-collaboradora-en-la-festa-solidaria-dap-lleida-2019\/","og_site_name":"Cl\u00ednica Nexus","article_published_time":"2019-07-10T09:11:52+00:00","article_modified_time":"2019-07-10T09:14:37+00:00","og_image":[{"width":1920,"height":1080,"url":"https:\/\/grupnexus.com\/wp-content\/uploads\/2019\/07\/Festa-Solidaria-Ap-Lleida-DSC_3958.jpg","type":"image\/jpeg"}],"twitter_card":"summary","twitter_misc":{"Escrito por":"Cl\u00ednica Nexus","Tiempo de lectura":"2 minutos"},"schema":{"@context":"https:\/\/schema.org","@graph":[{"@type":"WebSite","@id":"https:\/\/grupnexus.com\/es\/#website","url":"https:\/\/grupnexus.com\/es\/","name":"Cl\u00ednica Nexus","description":"L\u00edders en Medicina Est\u00e8tica Avan\u00e7ada","potentialAction":[{"@type":"SearchAction","target":{"@type":"EntryPoint","urlTemplate":"https:\/\/grupnexus.com\/es\/?s={search_term_string}"},"query-input":"required name=search_term_string"}],"inLanguage":"es"},{"@type":"ImageObject","@id":"https:\/\/grupnexus.com\/es\/clinica-nexus-entitat-collaboradora-en-la-festa-solidaria-dap-lleida-2019\/#primaryimage","inLanguage":"es","url":"https:\/\/grupnexus.com\/wp-content\/uploads\/2019\/07\/Festa-Solidaria-Ap-Lleida-DSC_3958.jpg","contentUrl":"https:\/\/grupnexus.com\/wp-content\/uploads\/2019\/07\/Festa-Solidaria-Ap-Lleida-DSC_3958.jpg","width":1920,"height":1080},{"@type":"WebPage","@id":"https:\/\/grupnexus.com\/es\/clinica-nexus-entitat-collaboradora-en-la-festa-solidaria-dap-lleida-2019\/#webpage","url":"https:\/\/grupnexus.com\/es\/clinica-nexus-entitat-collaboradora-en-la-festa-solidaria-dap-lleida-2019\/","name":"Cl\u00ednica Nexus entidad colaboradora en la Fiesta Solidaria de Ap! Lleida 2019","isPartOf":{"@id":"https:\/\/grupnexus.com\/es\/#website"},"primaryImageOfPage":{"@id":"https:\/\/grupnexus.com\/es\/clinica-nexus-entitat-collaboradora-en-la-festa-solidaria-dap-lleida-2019\/#primaryimage"},"datePublished":"2019-07-10T09:11:52+00:00","dateModified":"2019-07-10T09:14:37+00:00","author":{"@id":"https:\/\/grupnexus.com\/es\/#\/schema\/person\/7d42f30e6bd203d23a2c1613b51145c3"},"breadcrumb":{"@id":"https:\/\/grupnexus.com\/es\/clinica-nexus-entitat-collaboradora-en-la-festa-solidaria-dap-lleida-2019\/#breadcrumb"},"inLanguage":"es","potentialAction":[{"@type":"ReadAction","target":["https:\/\/grupnexus.com\/es\/clinica-nexus-entitat-collaboradora-en-la-festa-solidaria-dap-lleida-2019\/"]}]},{"@type":"BreadcrumbList","@id":"https:\/\/grupnexus.com\/es\/clinica-nexus-entitat-collaboradora-en-la-festa-solidaria-dap-lleida-2019\/#breadcrumb","itemListElement":[{"@type":"ListItem","position":1,"name":"Portada","item":"https:\/\/grupnexus.com\/es\/"},{"@type":"ListItem","position":2,"name":"Cl\u00ednica Nexus entidad colaboradora en la Fiesta Solidaria de Ap! Lleida 2019"}]},{"@type":"Person","@id":"https:\/\/grupnexus.com\/es\/#\/schema\/person\/7d42f30e6bd203d23a2c1613b51145c3","name":"Cl\u00ednica Nexus","image":{"@type":"ImageObject","@id":"https:\/\/grupnexus.com\/es\/#personlogo","inLanguage":"es","url":"https:\/\/secure.gravatar.com\/avatar\/f1f98ef0d641a3a6af0accea5a5971ef?s=96&d=mm&r=g","contentUrl":"https:\/\/secure.gravatar.com\/avatar\/f1f98ef0d641a3a6af0accea5a5971ef?s=96&d=mm&r=g","caption":"Cl\u00ednica Nexus"}}]}},"_links":{"self":[{"href":"https:\/\/grupnexus.com\/es\/wp-json\/wp\/v2\/posts\/28184"}],"collection":[{"href":"https:\/\/grupnexus.com\/es\/wp-json\/wp\/v2\/posts"}],"about":[{"href":"https:\/\/grupnexus.com\/es\/wp-json\/wp\/v2\/types\/post"}],"author":[{"embeddable":true,"href":"https:\/\/grupnexus.com\/es\/wp-json\/wp\/v2\/users\/6"}],"replies":[{"embeddable":true,"href":"https:\/\/grupnexus.com\/es\/wp-json\/wp\/v2\/comments?post=28184"}],"version-history":[{"count":3,"href":"https:\/\/grupnexus.com\/es\/wp-json\/wp\/v2\/posts\/28184\/revisions"}],"predecessor-version":[{"id":28188,"href":"https:\/\/grupnexus.com\/es\/wp-json\/wp\/v2\/posts\/28184\/revisions\/28188"}],"wp:featuredmedia":[{"embeddable":true,"href":"https:\/\/grupnexus.com\/es\/wp-json\/wp\/v2\/media\/28175"}],"wp:attachment":[{"href":"https:\/\/grupnexus.com\/es\/wp-json\/wp\/v2\/media?parent=28184"}],"wp:term":[{"taxonomy":"category","embeddable":true,"href":"https:\/\/grupnexus.com\/es\/wp-json\/wp\/v2\/categories?post=28184"},{"taxonomy":"post_tag","embeddable":true,"href":"https:\/\/grupnexus.com\/es\/wp-json\/wp\/v2\/tags?post=28184"}],"curies":[{"name":"wp","href":"https:\/\/api.w.org\/{rel}","templated":true}]}}