{"id":29391,"date":"2019-07-29T09:43:03","date_gmt":"2019-07-29T07:43:03","guid":{"rendered":"https:\/\/www.grupnexus.com\/?p=29391"},"modified":"2019-07-31T11:16:52","modified_gmt":"2019-07-31T09:16:52","slug":"clinica-nexus-amplia-fronteras-con-la-realizacion-de-trasplantes-capilares","status":"publish","type":"post","link":"https:\/\/grupnexus.com\/es\/clinica-nexus-amplia-fronteras-con-la-realizacion-de-trasplantes-capilares\/","title":{"rendered":"Cl\u00ednica Nexus ampl\u00eda fronteras con la realizaci\u00f3n de trasplantes capilares"},"content":{"rendered":"<ul>\n<li><strong>La cl\u00ednica referente en medicina est\u00e9tica de Lleida se une a Estechic &#8211; Surgery &amp; Hair Transplant, la sociedad hispano-italiana de referencia en este \u00e1mbito situada en Estambul<\/strong><\/li>\n<li><strong>Cl\u00ednica Nexus ser\u00e1 la representante de Estechic en todo el territorio espa\u00f1ol<\/strong><\/li>\n<li><strong>Cl\u00ednica Nexus tiene la exclusividad en Lleida, y da la opci\u00f3n al paciente de elegir d\u00f3nde hacerse el tratamiento (Lleida, Barcelona o Turqu\u00eda)<\/strong><\/li>\n<\/ul>\n<p><strong>\u00a0<\/strong><\/p>\n<p><strong>Lleida, 29 de julio de 2019.-<\/strong> Cl\u00ednica Nexus, referente en medicina est\u00e9tica y en tratamientos l\u00e1ser en Lleida, establece una alianza con una de las cl\u00ednicas m\u00e1s destacadas en tratamientos de trasplante capilar ubicadas en Estambul, el pa\u00eds que en los \u00faltimos a\u00f1os se ha convertido en el primer destino de turismo sanitario en Europa.<\/p>\n<p>La gran especializaci\u00f3n en trasplante capilar posiciona Turqu\u00eda como l\u00edderes en n\u00famero de intervenciones a un precio competitivo respecto a cualquier otro pa\u00eds europeo.<\/p>\n<p><strong>Estechic &#8211; Surgery &amp; Hair Transplant,<\/strong> se considera una de las m\u00e1s exclusivas y prestigiosas en la t\u00e9cnica <strong>FUE Zafiro<\/strong>, el nuevo avance en la ya conocida t\u00e9cnica FUE (Extracci\u00f3n Individual de fol\u00edculos). El uso de hojas de zafiro en lugar de hojas de acero, hace que las incisiones sean mucho m\u00e1s peque\u00f1as, y como resultado se injertan m\u00e1s unidades de fol\u00edculo por cent\u00edmetro, dando una mayor densidad de pelo. Adem\u00e1s, se garantiza un postoperatorio y recuperaci\u00f3n mucho m\u00e1s r\u00e1pida.<\/p>\n<p><img loading=\"lazy\" class=\"aligncenter size-large wp-image-29387\" src=\"https:\/\/grupnexus.com\/wp-content\/uploads\/2019\/07\/Laboratori-1024x576.jpg\" alt=\"Transplantament capil\u00b7lar \" width=\"1024\" height=\"576\" srcset=\"https:\/\/grupnexus.com\/wp-content\/uploads\/2019\/07\/Laboratori-1024x576.jpg 1024w, https:\/\/grupnexus.com\/wp-content\/uploads\/2019\/07\/Laboratori-510x287.jpg 510w, https:\/\/grupnexus.com\/wp-content\/uploads\/2019\/07\/Laboratori-300x169.jpg 300w, https:\/\/grupnexus.com\/wp-content\/uploads\/2019\/07\/Laboratori-768x432.jpg 768w, https:\/\/grupnexus.com\/wp-content\/uploads\/2019\/07\/Laboratori-1140x641.jpg 1140w, https:\/\/grupnexus.com\/wp-content\/uploads\/2019\/07\/Laboratori-555x312.jpg 555w, https:\/\/grupnexus.com\/wp-content\/uploads\/2019\/07\/Laboratori-360x203.jpg 360w, https:\/\/grupnexus.com\/wp-content\/uploads\/2019\/07\/Laboratori-262x147.jpg 262w, https:\/\/grupnexus.com\/wp-content\/uploads\/2019\/07\/Laboratori.jpg 1280w\" sizes=\"(max-width: 1024px) 100vw, 1024px\" \/><\/p>\n<p>Estechic est\u00e1 acreditada por la rigurosa <strong>Joint Comission International,<\/strong> y cuenta con un equipo m\u00e9dico multidisciplinar, <strong>con m\u00e1s de 15 a\u00f1os de experiencia y miles de intervenciones realizadas<\/strong> con \u00e9xito. En todas sus intervenciones se entrega una<strong> garant\u00eda con certificado de intervenci\u00f3n<\/strong>. La intervenci\u00f3n, adem\u00e1s, se realiza en la prestigiosa cl\u00ednica Florence Nightingale, considerada la m\u00e1s avanzada y lujosa de Turqu\u00eda.<\/p>\n<p><strong>Cl\u00ednica Nexus<\/strong>, incorpora pues este nuevo servicio ofreciendo la posibilidad a su paciente realizarse un trasplante capilar con los especialistas m\u00e1s reconocidos en el \u00e1mbito internacional. Libra la facilidad de realizarse la intervenci\u00f3n, de manera exclusiva en <strong>Lleida o Barcelona<\/strong> a aquellas personas que por comodidad o motivos laborales no quieren o pueden trasladarse a Turqu\u00eda.<\/p>\n<p>En cambio, el paciente que s\u00ed desea aprovechar la oportunidad para viajar a <strong>Turqu\u00eda<\/strong> obtiene todas las facilidades y ventajas incluidas en el <a href=\"https:\/\/grupnexus.com\/es\/tratamientos\/unidad-capilar\/trasplante-capilar\/\">pack de tratamiento<\/a>, incluyendo traslados en coche privado con gu\u00eda de habla espa\u00f1ola y alojamiento de dos noches en el hotel Radisson Blu de 5 estrellas.<\/p>\n<p><strong>\u00abLa \u00e9poca de vacaciones es el m\u00e1s demandado para hacerse este tipo de tratamiento\u00bb declara el doctor Samuel Pin\u00f3s, director m\u00e9dico de Cl\u00ednica Nexus,<\/strong> \u00abas\u00ed el paciente dispone de unos d\u00edas para minimizar los efectos de la intervenci\u00f3n antes de reincorporarse -se al trabajo ya su vida social habitual \u00ab.<\/p>\n<p>Cl\u00ednica Nexus tambi\u00e9n obtiene, gracias a esta alianza, la representaci\u00f3n en todo el territorio espa\u00f1ol.<strong> Montse Monjo, directora gerente de Cl\u00ednica Nexus, lidera el proyecto de expansi\u00f3n.<\/strong> \u00abBuscamos colaboraciones con las cl\u00ednicas m\u00e1s representativas de cada provincia, las cuales obtendr\u00e1n la exclusividad en su \u00e1mbito geogr\u00e1fico. El trasplante capilar, y m\u00e1s en concreto mediante la T\u00e9cnica FUE, es uno de los tratamientos m\u00e1s demandados actualmente en nuestro pa\u00eds \u00ab.<\/p>\n<p><strong>Sobre Cl\u00ednica Nexus<\/strong><\/p>\n<p>Cl\u00ednica Nexus, referente en medicina est\u00e9tica y en tratamientos l\u00e1ser en la provincia desde 1996, se reafirma en su liderazgo en el sector, consolid\u00e1ndose como uno de los m\u00e1ximos exponentes nacionales e internacionales en el \u00e1mbito de la Medicina y Cirug\u00eda Est\u00e9tica y la terapia con l\u00e1ser, ofreciendo un servicio integral dedicado a la salud, la belleza y el bienestar.<\/p>\n<div class=\"row \"><div class=\"wpv-grid grid-1-2  wpv-first-level first unextended\" style=\"padding-top:0px;padding-bottom:0px\" id=\"wpv-column-68f679b22137c3c39b2684d610acd21c\" ><p><a href=\"https:\/\/www.lleida.com\/node\/25132\/noticies-web\/92323\/clinica-nexus-amplia-fronteres-amb-la-realitzacio-de-trasplantaments-capillars\" target=\"_blank\" rel=\"noopener noreferrer\"><img loading=\"lazy\" class=\"size-large wp-image-29533 aligncenter\" src=\"https:\/\/grupnexus.com\/wp-content\/uploads\/2019\/07\/noticialleida-1024x685.jpg\" alt=\"\" width=\"1024\" height=\"685\" srcset=\"https:\/\/grupnexus.com\/wp-content\/uploads\/2019\/07\/noticialleida-1024x685.jpg 1024w, https:\/\/grupnexus.com\/wp-content\/uploads\/2019\/07\/noticialleida-510x341.jpg 510w, https:\/\/grupnexus.com\/wp-content\/uploads\/2019\/07\/noticialleida-300x201.jpg 300w, https:\/\/grupnexus.com\/wp-content\/uploads\/2019\/07\/noticialleida-768x514.jpg 768w, https:\/\/grupnexus.com\/wp-content\/uploads\/2019\/07\/noticialleida-1140x762.jpg 1140w, https:\/\/grupnexus.com\/wp-content\/uploads\/2019\/07\/noticialleida-555x370.jpg 555w, https:\/\/grupnexus.com\/wp-content\/uploads\/2019\/07\/noticialleida-360x240.jpg 360w, https:\/\/grupnexus.com\/wp-content\/uploads\/2019\/07\/noticialleida-262x175.jpg 262w\" sizes=\"(max-width: 1024px) 100vw, 1024px\" \/><\/a><\/div>\n<div class=\"wpv-grid grid-1-2  wpv-first-level unextended\" style=\"padding-top:0px;padding-bottom:0px\" id=\"wpv-column-7a0d0a53144d903cd85cd2e9d2ca21d4\" ><p><a href=\"https:\/\/www.segre.com\/noticies\/noticies_empresa\/2019\/07\/29\/clinica_nexus_amplia_fronteres_amb_realitzacio_trasplantaments_capil_lars_82909_5463.html\" target=\"_blank\" rel=\"noopener noreferrer\"><img loading=\"lazy\" class=\"size-large wp-image-29537 aligncenter\" src=\"https:\/\/grupnexus.com\/wp-content\/uploads\/2019\/07\/NoticiaSegret-1024x957.jpg\" alt=\"\" width=\"1024\" height=\"957\" srcset=\"https:\/\/grupnexus.com\/wp-content\/uploads\/2019\/07\/NoticiaSegret-1024x957.jpg 1024w, https:\/\/grupnexus.com\/wp-content\/uploads\/2019\/07\/NoticiaSegret-510x477.jpg 510w, https:\/\/grupnexus.com\/wp-content\/uploads\/2019\/07\/NoticiaSegret-300x280.jpg 300w, https:\/\/grupnexus.com\/wp-content\/uploads\/2019\/07\/NoticiaSegret-768x718.jpg 768w, https:\/\/grupnexus.com\/wp-content\/uploads\/2019\/07\/NoticiaSegret-1140x1065.jpg 1140w, https:\/\/grupnexus.com\/wp-content\/uploads\/2019\/07\/NoticiaSegret-555x519.jpg 555w, https:\/\/grupnexus.com\/wp-content\/uploads\/2019\/07\/NoticiaSegret-360x336.jpg 360w, https:\/\/grupnexus.com\/wp-content\/uploads\/2019\/07\/NoticiaSegret-262x245.jpg 262w, https:\/\/grupnexus.com\/wp-content\/uploads\/2019\/07\/NoticiaSegret.jpg 1986w\" sizes=\"(max-width: 1024px) 100vw, 1024px\" \/><\/a><\/div><\/div>\n<div class=\"row \"><div class=\"wpv-grid grid-1-2  wpv-first-level first unextended\" style=\"padding-top:0px;padding-bottom:0px\" id=\"wpv-column-94fe937f3bb0e84c5d0c0158fbd562f2\" ><p><a href=\"https:\/\/grupnexus.com\/wp-content\/uploads\/2019\/07\/tractament-capil\u00b7lar-lamanyana.pdf\" target=\"_blank\" rel=\"noopener noreferrer\"><img loading=\"lazy\" class=\"size-large wp-image-29726 aligncenter\" src=\"https:\/\/grupnexus.com\/wp-content\/uploads\/2019\/07\/tractament-capil\u00b7lar-lamanyana-751x1024.jpg\" alt=\"tractament capilar\" width=\"751\" height=\"1024\" srcset=\"https:\/\/grupnexus.com\/wp-content\/uploads\/2019\/07\/tractament-capil\u00b7lar-lamanyana-751x1024.jpg 751w, https:\/\/grupnexus.com\/wp-content\/uploads\/2019\/07\/tractament-capil\u00b7lar-lamanyana-510x695.jpg 510w, https:\/\/grupnexus.com\/wp-content\/uploads\/2019\/07\/tractament-capil\u00b7lar-lamanyana-220x300.jpg 220w, https:\/\/grupnexus.com\/wp-content\/uploads\/2019\/07\/tractament-capil\u00b7lar-lamanyana-768x1047.jpg 768w, https:\/\/grupnexus.com\/wp-content\/uploads\/2019\/07\/tractament-capil\u00b7lar-lamanyana-563x768.jpg 563w, https:\/\/grupnexus.com\/wp-content\/uploads\/2019\/07\/tractament-capil\u00b7lar-lamanyana-555x757.jpg 555w, https:\/\/grupnexus.com\/wp-content\/uploads\/2019\/07\/tractament-capil\u00b7lar-lamanyana-360x491.jpg 360w, https:\/\/grupnexus.com\/wp-content\/uploads\/2019\/07\/tractament-capil\u00b7lar-lamanyana-262x357.jpg 262w, https:\/\/grupnexus.com\/wp-content\/uploads\/2019\/07\/tractament-capil\u00b7lar-lamanyana.jpg 834w\" sizes=\"(max-width: 751px) 100vw, 751px\" \/><\/a><\/div><\/div>\n","protected":false},"excerpt":{"rendered":"<p>La cl\u00ednica referente en medicina est\u00e9tica de Lleida se une a Estechic &#8211; Surgery &amp; Hair Transplant, la sociedad hispano-italiana de referencia en este \u00e1mbito situada en Estambul Cl\u00ednica Nexus ser\u00e1 la representante de Estechic en todo el territorio espa\u00f1ol Cl\u00ednica Nexus tiene la exclusividad en Lleida, y da la opci\u00f3n al paciente de elegir&#8230;<\/p>\n","protected":false},"author":6,"featured_media":29386,"comment_status":"closed","ping_status":"closed","sticky":false,"template":"","format":"standard","meta":[],"categories":[2,330,473,461],"tags":[],"yoast_head":"<!-- This site is optimized with the Yoast SEO plugin v18.6 - https:\/\/yoast.com\/wordpress\/plugins\/seo\/ -->\n<title>Cl\u00ednica Nexus ampl\u00eda fronteras con la realizaci\u00f3n de trasplantes capilares<\/title>\n<meta name=\"description\" content=\"Cl\u00ednica Nexus, referente en medicina est\u00e9tica y en tratamientos l\u00e1ser en Lleida, establece una alianza con una de las cl\u00ednicas m\u00e1s destacadas en tratamientos de trasplante capilar ubicadas en Estambul, el pa\u00eds que en los \u00faltimos a\u00f1os se ha convertido en el primer destino de turismo sanitario en Europa.\" \/>\n<meta name=\"robots\" content=\"index, follow, max-snippet:-1, max-image-preview:large, max-video-preview:-1\" \/>\n<link rel=\"canonical\" href=\"https:\/\/grupnexus.com\/es\/clinica-nexus-amplia-fronteras-con-la-realizacion-de-trasplantes-capilares\/\" \/>\n<meta property=\"og:locale\" content=\"es_ES\" \/>\n<meta property=\"og:type\" content=\"article\" \/>\n<meta property=\"og:title\" content=\"Cl\u00ednica Nexus ampl\u00eda fronteras con la realizaci\u00f3n de trasplantes capilares\" \/>\n<meta property=\"og:description\" content=\"Cl\u00ednica Nexus, referente en medicina est\u00e9tica y en tratamientos l\u00e1ser en Lleida, establece una alianza con una de las cl\u00ednicas m\u00e1s destacadas en tratamientos de trasplante capilar ubicadas en Estambul, el pa\u00eds que en los \u00faltimos a\u00f1os se ha convertido en el primer destino de turismo sanitario en Europa.\" \/>\n<meta property=\"og:url\" content=\"https:\/\/grupnexus.com\/es\/clinica-nexus-amplia-fronteras-con-la-realizacion-de-trasplantes-capilares\/\" \/>\n<meta property=\"og:site_name\" content=\"Cl\u00ednica Nexus\" \/>\n<meta property=\"article:published_time\" content=\"2019-07-29T07:43:03+00:00\" \/>\n<meta property=\"article:modified_time\" content=\"2019-07-31T09:16:52+00:00\" \/>\n<meta property=\"og:image\" content=\"https:\/\/i0.wp.com\/grupnexus.com\/wp-content\/uploads\/2019\/07\/Salaestudi.jpg?fit=1280%2C720&#038;ssl=1\" \/>\n\t<meta property=\"og:image:width\" content=\"1280\" \/>\n\t<meta property=\"og:image:height\" content=\"720\" \/>\n\t<meta property=\"og:image:type\" content=\"image\/jpeg\" \/>\n<meta name=\"twitter:card\" content=\"summary\" \/>\n<meta name=\"twitter:label1\" content=\"Escrito por\" \/>\n\t<meta name=\"twitter:data1\" content=\"Cl\u00ednica Nexus\" \/>\n\t<meta name=\"twitter:label2\" content=\"Tiempo de lectura\" \/>\n\t<meta name=\"twitter:data2\" content=\"3 minutos\" \/>\n<script type=\"application\/ld+json\" class=\"yoast-schema-graph\">{\"@context\":\"https:\/\/schema.org\",\"@graph\":[{\"@type\":\"WebSite\",\"@id\":\"https:\/\/grupnexus.com\/es\/#website\",\"url\":\"https:\/\/grupnexus.com\/es\/\",\"name\":\"Cl\u00ednica Nexus\",\"description\":\"L\u00edders en Medicina Est\u00e8tica Avan\u00e7ada\",\"potentialAction\":[{\"@type\":\"SearchAction\",\"target\":{\"@type\":\"EntryPoint\",\"urlTemplate\":\"https:\/\/grupnexus.com\/es\/?s={search_term_string}\"},\"query-input\":\"required name=search_term_string\"}],\"inLanguage\":\"es\"},{\"@type\":\"ImageObject\",\"@id\":\"https:\/\/grupnexus.com\/es\/clinica-nexus-amplia-fronteras-con-la-realizacion-de-trasplantes-capilares\/#primaryimage\",\"inLanguage\":\"es\",\"url\":\"https:\/\/grupnexus.com\/wp-content\/uploads\/2019\/07\/Salaestudi.jpg\",\"contentUrl\":\"https:\/\/grupnexus.com\/wp-content\/uploads\/2019\/07\/Salaestudi.jpg\",\"width\":1280,\"height\":720,\"caption\":\"Transplantament capil\u00b7lar\"},{\"@type\":\"WebPage\",\"@id\":\"https:\/\/grupnexus.com\/es\/clinica-nexus-amplia-fronteras-con-la-realizacion-de-trasplantes-capilares\/#webpage\",\"url\":\"https:\/\/grupnexus.com\/es\/clinica-nexus-amplia-fronteras-con-la-realizacion-de-trasplantes-capilares\/\",\"name\":\"Cl\u00ednica Nexus ampl\u00eda fronteras con la realizaci\u00f3n de trasplantes capilares\",\"isPartOf\":{\"@id\":\"https:\/\/grupnexus.com\/es\/#website\"},\"primaryImageOfPage\":{\"@id\":\"https:\/\/grupnexus.com\/es\/clinica-nexus-amplia-fronteras-con-la-realizacion-de-trasplantes-capilares\/#primaryimage\"},\"datePublished\":\"2019-07-29T07:43:03+00:00\",\"dateModified\":\"2019-07-31T09:16:52+00:00\",\"author\":{\"@id\":\"https:\/\/grupnexus.com\/es\/#\/schema\/person\/7d42f30e6bd203d23a2c1613b51145c3\"},\"description\":\"Cl\u00ednica Nexus, referente en medicina est\u00e9tica y en tratamientos l\u00e1ser en Lleida, establece una alianza con una de las cl\u00ednicas m\u00e1s destacadas en tratamientos de trasplante capilar ubicadas en Estambul, el pa\u00eds que en los \u00faltimos a\u00f1os se ha convertido en el primer destino de turismo sanitario en Europa.\",\"breadcrumb\":{\"@id\":\"https:\/\/grupnexus.com\/es\/clinica-nexus-amplia-fronteras-con-la-realizacion-de-trasplantes-capilares\/#breadcrumb\"},\"inLanguage\":\"es\",\"potentialAction\":[{\"@type\":\"ReadAction\",\"target\":[\"https:\/\/grupnexus.com\/es\/clinica-nexus-amplia-fronteras-con-la-realizacion-de-trasplantes-capilares\/\"]}]},{\"@type\":\"BreadcrumbList\",\"@id\":\"https:\/\/grupnexus.com\/es\/clinica-nexus-amplia-fronteras-con-la-realizacion-de-trasplantes-capilares\/#breadcrumb\",\"itemListElement\":[{\"@type\":\"ListItem\",\"position\":1,\"name\":\"Portada\",\"item\":\"https:\/\/grupnexus.com\/es\/\"},{\"@type\":\"ListItem\",\"position\":2,\"name\":\"Cl\u00ednica Nexus ampl\u00eda fronteras con la realizaci\u00f3n de trasplantes capilares\"}]},{\"@type\":\"Person\",\"@id\":\"https:\/\/grupnexus.com\/es\/#\/schema\/person\/7d42f30e6bd203d23a2c1613b51145c3\",\"name\":\"Cl\u00ednica Nexus\",\"image\":{\"@type\":\"ImageObject\",\"@id\":\"https:\/\/grupnexus.com\/es\/#personlogo\",\"inLanguage\":\"es\",\"url\":\"https:\/\/secure.gravatar.com\/avatar\/f1f98ef0d641a3a6af0accea5a5971ef?s=96&d=mm&r=g\",\"contentUrl\":\"https:\/\/secure.gravatar.com\/avatar\/f1f98ef0d641a3a6af0accea5a5971ef?s=96&d=mm&r=g\",\"caption\":\"Cl\u00ednica Nexus\"}}]}<\/script>\n<!-- \/ Yoast SEO plugin. -->","yoast_head_json":{"title":"Cl\u00ednica Nexus ampl\u00eda fronteras con la realizaci\u00f3n de trasplantes capilares","description":"Cl\u00ednica Nexus, referente en medicina est\u00e9tica y en tratamientos l\u00e1ser en Lleida, establece una alianza con una de las cl\u00ednicas m\u00e1s destacadas en tratamientos de trasplante capilar ubicadas en Estambul, el pa\u00eds que en los \u00faltimos a\u00f1os se ha convertido en el primer destino de turismo sanitario en Europa.","robots":{"index":"index","follow":"follow","max-snippet":"max-snippet:-1","max-image-preview":"max-image-preview:large","max-video-preview":"max-video-preview:-1"},"canonical":"https:\/\/grupnexus.com\/es\/clinica-nexus-amplia-fronteras-con-la-realizacion-de-trasplantes-capilares\/","og_locale":"es_ES","og_type":"article","og_title":"Cl\u00ednica Nexus ampl\u00eda fronteras con la realizaci\u00f3n de trasplantes capilares","og_description":"Cl\u00ednica Nexus, referente en medicina est\u00e9tica y en tratamientos l\u00e1ser en Lleida, establece una alianza con una de las cl\u00ednicas m\u00e1s destacadas en tratamientos de trasplante capilar ubicadas en Estambul, el pa\u00eds que en los \u00faltimos a\u00f1os se ha convertido en el primer destino de turismo sanitario en Europa.","og_url":"https:\/\/grupnexus.com\/es\/clinica-nexus-amplia-fronteras-con-la-realizacion-de-trasplantes-capilares\/","og_site_name":"Cl\u00ednica Nexus","article_published_time":"2019-07-29T07:43:03+00:00","article_modified_time":"2019-07-31T09:16:52+00:00","og_image":[{"width":1280,"height":720,"url":"https:\/\/i0.wp.com\/grupnexus.com\/wp-content\/uploads\/2019\/07\/Salaestudi.jpg?fit=1280%2C720&ssl=1","type":"image\/jpeg"}],"twitter_card":"summary","twitter_misc":{"Escrito por":"Cl\u00ednica Nexus","Tiempo de lectura":"3 minutos"},"schema":{"@context":"https:\/\/schema.org","@graph":[{"@type":"WebSite","@id":"https:\/\/grupnexus.com\/es\/#website","url":"https:\/\/grupnexus.com\/es\/","name":"Cl\u00ednica Nexus","description":"L\u00edders en Medicina Est\u00e8tica Avan\u00e7ada","potentialAction":[{"@type":"SearchAction","target":{"@type":"EntryPoint","urlTemplate":"https:\/\/grupnexus.com\/es\/?s={search_term_string}"},"query-input":"required name=search_term_string"}],"inLanguage":"es"},{"@type":"ImageObject","@id":"https:\/\/grupnexus.com\/es\/clinica-nexus-amplia-fronteras-con-la-realizacion-de-trasplantes-capilares\/#primaryimage","inLanguage":"es","url":"https:\/\/grupnexus.com\/wp-content\/uploads\/2019\/07\/Salaestudi.jpg","contentUrl":"https:\/\/grupnexus.com\/wp-content\/uploads\/2019\/07\/Salaestudi.jpg","width":1280,"height":720,"caption":"Transplantament capil\u00b7lar"},{"@type":"WebPage","@id":"https:\/\/grupnexus.com\/es\/clinica-nexus-amplia-fronteras-con-la-realizacion-de-trasplantes-capilares\/#webpage","url":"https:\/\/grupnexus.com\/es\/clinica-nexus-amplia-fronteras-con-la-realizacion-de-trasplantes-capilares\/","name":"Cl\u00ednica Nexus ampl\u00eda fronteras con la realizaci\u00f3n de trasplantes capilares","isPartOf":{"@id":"https:\/\/grupnexus.com\/es\/#website"},"primaryImageOfPage":{"@id":"https:\/\/grupnexus.com\/es\/clinica-nexus-amplia-fronteras-con-la-realizacion-de-trasplantes-capilares\/#primaryimage"},"datePublished":"2019-07-29T07:43:03+00:00","dateModified":"2019-07-31T09:16:52+00:00","author":{"@id":"https:\/\/grupnexus.com\/es\/#\/schema\/person\/7d42f30e6bd203d23a2c1613b51145c3"},"description":"Cl\u00ednica Nexus, referente en medicina est\u00e9tica y en tratamientos l\u00e1ser en Lleida, establece una alianza con una de las cl\u00ednicas m\u00e1s destacadas en tratamientos de trasplante capilar ubicadas en Estambul, el pa\u00eds que en los \u00faltimos a\u00f1os se ha convertido en el primer destino de turismo sanitario en Europa.","breadcrumb":{"@id":"https:\/\/grupnexus.com\/es\/clinica-nexus-amplia-fronteras-con-la-realizacion-de-trasplantes-capilares\/#breadcrumb"},"inLanguage":"es","potentialAction":[{"@type":"ReadAction","target":["https:\/\/grupnexus.com\/es\/clinica-nexus-amplia-fronteras-con-la-realizacion-de-trasplantes-capilares\/"]}]},{"@type":"BreadcrumbList","@id":"https:\/\/grupnexus.com\/es\/clinica-nexus-amplia-fronteras-con-la-realizacion-de-trasplantes-capilares\/#breadcrumb","itemListElement":[{"@type":"ListItem","position":1,"name":"Portada","item":"https:\/\/grupnexus.com\/es\/"},{"@type":"ListItem","position":2,"name":"Cl\u00ednica Nexus ampl\u00eda fronteras con la realizaci\u00f3n de trasplantes capilares"}]},{"@type":"Person","@id":"https:\/\/grupnexus.com\/es\/#\/schema\/person\/7d42f30e6bd203d23a2c1613b51145c3","name":"Cl\u00ednica Nexus","image":{"@type":"ImageObject","@id":"https:\/\/grupnexus.com\/es\/#personlogo","inLanguage":"es","url":"https:\/\/secure.gravatar.com\/avatar\/f1f98ef0d641a3a6af0accea5a5971ef?s=96&d=mm&r=g","contentUrl":"https:\/\/secure.gravatar.com\/avatar\/f1f98ef0d641a3a6af0accea5a5971ef?s=96&d=mm&r=g","caption":"Cl\u00ednica Nexus"}}]}},"_links":{"self":[{"href":"https:\/\/grupnexus.com\/es\/wp-json\/wp\/v2\/posts\/29391"}],"collection":[{"href":"https:\/\/grupnexus.com\/es\/wp-json\/wp\/v2\/posts"}],"about":[{"href":"https:\/\/grupnexus.com\/es\/wp-json\/wp\/v2\/types\/post"}],"author":[{"embeddable":true,"href":"https:\/\/grupnexus.com\/es\/wp-json\/wp\/v2\/users\/6"}],"replies":[{"embeddable":true,"href":"https:\/\/grupnexus.com\/es\/wp-json\/wp\/v2\/comments?post=29391"}],"version-history":[{"count":6,"href":"https:\/\/grupnexus.com\/es\/wp-json\/wp\/v2\/posts\/29391\/revisions"}],"predecessor-version":[{"id":29736,"href":"https:\/\/grupnexus.com\/es\/wp-json\/wp\/v2\/posts\/29391\/revisions\/29736"}],"wp:featuredmedia":[{"embeddable":true,"href":"https:\/\/grupnexus.com\/es\/wp-json\/wp\/v2\/media\/29386"}],"wp:attachment":[{"href":"https:\/\/grupnexus.com\/es\/wp-json\/wp\/v2\/media?parent=29391"}],"wp:term":[{"taxonomy":"category","embeddable":true,"href":"https:\/\/grupnexus.com\/es\/wp-json\/wp\/v2\/categories?post=29391"},{"taxonomy":"post_tag","embeddable":true,"href":"https:\/\/grupnexus.com\/es\/wp-json\/wp\/v2\/tags?post=29391"}],"curies":[{"name":"wp","href":"https:\/\/api.w.org\/{rel}","templated":true}]}}