{"id":30162,"date":"2019-08-02T14:16:28","date_gmt":"2019-08-02T12:16:28","guid":{"rendered":"https:\/\/www.grupnexus.com\/?p=30162"},"modified":"2022-05-13T12:16:45","modified_gmt":"2022-05-13T10:16:45","slug":"tratamiento-testimonio-rosa-guardado","status":"publish","type":"post","link":"https:\/\/grupnexus.com\/es\/tratamiento-testimonio-rosa-guardado\/","title":{"rendered":"Rosa Guardado: \u00abEn diez minutos te desaparecen las arrugas de expresi\u00f3n\u00bb"},"content":{"rendered":"<p>La Co-Founder de Eternum Events, Rosa Guardado, siempre debe mostrar una imagen impecable, tanto en su d\u00eda a d\u00eda como en los eventos que organiza, pero en ocasiones de forma natural no es posible conseguirlo cuando hay un constante estr\u00e9s de trabajo que provoca signos de fatiga en el rostro, o debido al paso del tiempo que potencia la aparici\u00f3n de las primeras arrugas de expresi\u00f3n. Por ello, Rosa ha confiado, una vez m\u00e1s, en el equipo de Cl\u00ednica Nexus para disfrutar de un aspecto radiante. A continuaci\u00f3n, nos explica los beneficios:<\/p>\n<p>\u201cSiempre me ha gustado mucho cuidarme, sobre todo desde que pas\u00e9 de los cuarenta. Lo comenc\u00e9 a hacer con frecuencia con m\u00e9todos y productos diarios para intentar veremos con el mejor aspecto posible. Sin embargo, las cremas antiaging que utilizo me ayudan a tener una piel firme no lo consegu\u00edan en la zona de la frente, donde mis l\u00edneas de expresi\u00f3n eran m\u00e1s marcadas, ya que soy una persona muy expresiva y tiendo a arrugar la frente. As\u00ed que, como estas arrugas me molestaban cada vez m\u00e1s, decid\u00ed acudir a Cl\u00ednica Nexus. He confiado en ellos en tratamientos anteriores y ahora ten\u00eda de nuevo la necesidad de ponerme en manos de los mejores profesionales. En una primera visita con la directora, Montse Monjo, me recomend\u00f3 el tratamiento por todos conocido, que produce una relajaci\u00f3n muscular, puesto que es un m\u00e9todo que elimina las arrugas de expresi\u00f3n y ayuda a prevenir las m\u00e1s profundas.\u201d<\/p>\n<p>\u201cEn cuanto al tratamiento, tan s\u00f3lo dura unos 15 minutos y consiste en la infiltraci\u00f3n de una prote\u00edna natural purificada que, tal y como coment\u00e1bamos, relaja los m\u00fasculos faciales. El efecto dura unos seis meses, elimina y previene las arrugas y l\u00edneas de expresi\u00f3n. Las sensaciones durante el tratamiento han sido las esperadas, puesto que es un m\u00e9todo indoloro, seguro y los resultados han sido excepcionales porque en una sola sesi\u00f3n ya se pueden comprobar sus beneficios. \u00a1Estoy muy contenta de verme la frente lisa y con una piel radiante! Destacar que, como buenos profesionales, pasadas las tres semanas me realizaron una revisi\u00f3n para comprobar que los resultados fueran los esperados.<\/p>\n<blockquote><p>\u00ab\u201cLo recomendar\u00eda a todos mis amigos y familia que quieran mejorar su imagen de la manera m\u00e1s efectiva, r\u00e1pida y sin dolor. \u00a1En diez minutos puedes tener un rostro envidiable!\u201d\u00bb<\/p><\/blockquote>\n<p><img loading=\"lazy\" class=\"size-full wp-image-30278 aligncenter\" src=\"https:\/\/grupnexus.com\/wp-content\/uploads\/2019\/08\/IMG-2786.jpg\" alt=\"\" width=\"494\" height=\"592\" srcset=\"https:\/\/grupnexus.com\/wp-content\/uploads\/2019\/08\/IMG-2786.jpg 494w, https:\/\/grupnexus.com\/wp-content\/uploads\/2019\/08\/IMG-2786-250x300.jpg 250w, https:\/\/grupnexus.com\/wp-content\/uploads\/2019\/08\/IMG-2786-360x431.jpg 360w, https:\/\/grupnexus.com\/wp-content\/uploads\/2019\/08\/IMG-2786-262x314.jpg 262w\" sizes=\"(max-width: 494px) 100vw, 494px\" \/><\/p>\n","protected":false},"excerpt":{"rendered":"<p>La Co-Founder de Eternum Events, Rosa Guardado, siempre debe mostrar una imagen impecable, tanto en su d\u00eda a d\u00eda como en los eventos que organiza, pero en ocasiones de forma natural no es posible conseguirlo cuando hay un constante estr\u00e9s de trabajo que provoca signos de fatiga en el rostro, o debido al paso del&#8230;<\/p>\n","protected":false},"author":6,"featured_media":30169,"comment_status":"closed","ping_status":"closed","sticky":false,"template":"","format":"standard","meta":[],"categories":[2,330,464],"tags":[],"yoast_head":"<!-- This site is optimized with the Yoast SEO plugin v18.6 - https:\/\/yoast.com\/wordpress\/plugins\/seo\/ -->\n<title>Rosa Guardado: &quot;En diez minutos te desaparecen las arrugas de expresi\u00f3n&quot;<\/title>\n<meta name=\"robots\" content=\"index, follow, max-snippet:-1, max-image-preview:large, max-video-preview:-1\" \/>\n<link rel=\"canonical\" href=\"https:\/\/grupnexus.com\/es\/tratamiento-testimonio-rosa-guardado\/\" \/>\n<meta property=\"og:locale\" content=\"es_ES\" \/>\n<meta property=\"og:type\" content=\"article\" \/>\n<meta property=\"og:title\" content=\"Rosa Guardado: &quot;En diez minutos te desaparecen las arrugas de expresi\u00f3n&quot;\" \/>\n<meta property=\"og:description\" content=\"La Co-Founder de Eternum Events, Rosa Guardado, siempre debe mostrar una imagen impecable, tanto en su d\u00eda a d\u00eda como en los eventos que organiza, pero en ocasiones de forma natural no es posible conseguirlo cuando hay un constante estr\u00e9s de trabajo que provoca signos de fatiga en el rostro, o debido al paso del...\" \/>\n<meta property=\"og:url\" content=\"https:\/\/grupnexus.com\/es\/tratamiento-testimonio-rosa-guardado\/\" \/>\n<meta property=\"og:site_name\" content=\"Cl\u00ednica Nexus\" \/>\n<meta property=\"article:published_time\" content=\"2019-08-02T12:16:28+00:00\" \/>\n<meta property=\"article:modified_time\" content=\"2022-05-13T10:16:45+00:00\" \/>\n<meta property=\"og:image\" content=\"https:\/\/grupnexus.com\/wp-content\/uploads\/2019\/08\/IMG-1715-min-scaled.jpg\" \/>\n\t<meta property=\"og:image:width\" content=\"2560\" \/>\n\t<meta property=\"og:image:height\" content=\"1920\" \/>\n\t<meta property=\"og:image:type\" content=\"image\/jpeg\" \/>\n<meta name=\"twitter:card\" content=\"summary\" \/>\n<meta name=\"twitter:label1\" content=\"Escrito por\" \/>\n\t<meta name=\"twitter:data1\" content=\"Cl\u00ednica Nexus\" \/>\n\t<meta name=\"twitter:label2\" content=\"Tiempo de lectura\" \/>\n\t<meta name=\"twitter:data2\" content=\"2 minutos\" \/>\n<script type=\"application\/ld+json\" class=\"yoast-schema-graph\">{\"@context\":\"https:\/\/schema.org\",\"@graph\":[{\"@type\":\"WebSite\",\"@id\":\"https:\/\/grupnexus.com\/es\/#website\",\"url\":\"https:\/\/grupnexus.com\/es\/\",\"name\":\"Cl\u00ednica Nexus\",\"description\":\"L\u00edders en Medicina Est\u00e8tica Avan\u00e7ada\",\"potentialAction\":[{\"@type\":\"SearchAction\",\"target\":{\"@type\":\"EntryPoint\",\"urlTemplate\":\"https:\/\/grupnexus.com\/es\/?s={search_term_string}\"},\"query-input\":\"required name=search_term_string\"}],\"inLanguage\":\"es\"},{\"@type\":\"ImageObject\",\"@id\":\"https:\/\/grupnexus.com\/es\/tratamiento-testimonio-rosa-guardado\/#primaryimage\",\"inLanguage\":\"es\",\"url\":\"https:\/\/grupnexus.com\/wp-content\/uploads\/2019\/08\/IMG-1715-min-scaled.jpg\",\"contentUrl\":\"https:\/\/grupnexus.com\/wp-content\/uploads\/2019\/08\/IMG-1715-min-scaled.jpg\",\"width\":2560,\"height\":1920},{\"@type\":\"WebPage\",\"@id\":\"https:\/\/grupnexus.com\/es\/tratamiento-testimonio-rosa-guardado\/#webpage\",\"url\":\"https:\/\/grupnexus.com\/es\/tratamiento-testimonio-rosa-guardado\/\",\"name\":\"Rosa Guardado: \\\"En diez minutos te desaparecen las arrugas de expresi\u00f3n\\\"\",\"isPartOf\":{\"@id\":\"https:\/\/grupnexus.com\/es\/#website\"},\"primaryImageOfPage\":{\"@id\":\"https:\/\/grupnexus.com\/es\/tratamiento-testimonio-rosa-guardado\/#primaryimage\"},\"datePublished\":\"2019-08-02T12:16:28+00:00\",\"dateModified\":\"2022-05-13T10:16:45+00:00\",\"author\":{\"@id\":\"https:\/\/grupnexus.com\/es\/#\/schema\/person\/7d42f30e6bd203d23a2c1613b51145c3\"},\"breadcrumb\":{\"@id\":\"https:\/\/grupnexus.com\/es\/tratamiento-testimonio-rosa-guardado\/#breadcrumb\"},\"inLanguage\":\"es\",\"potentialAction\":[{\"@type\":\"ReadAction\",\"target\":[\"https:\/\/grupnexus.com\/es\/tratamiento-testimonio-rosa-guardado\/\"]}]},{\"@type\":\"BreadcrumbList\",\"@id\":\"https:\/\/grupnexus.com\/es\/tratamiento-testimonio-rosa-guardado\/#breadcrumb\",\"itemListElement\":[{\"@type\":\"ListItem\",\"position\":1,\"name\":\"Portada\",\"item\":\"https:\/\/grupnexus.com\/es\/\"},{\"@type\":\"ListItem\",\"position\":2,\"name\":\"Rosa Guardado: &#8220;En diez minutos te desaparecen las arrugas de expresi\u00f3n&#8221;\"}]},{\"@type\":\"Person\",\"@id\":\"https:\/\/grupnexus.com\/es\/#\/schema\/person\/7d42f30e6bd203d23a2c1613b51145c3\",\"name\":\"Cl\u00ednica Nexus\",\"image\":{\"@type\":\"ImageObject\",\"@id\":\"https:\/\/grupnexus.com\/es\/#personlogo\",\"inLanguage\":\"es\",\"url\":\"https:\/\/secure.gravatar.com\/avatar\/f1f98ef0d641a3a6af0accea5a5971ef?s=96&d=mm&r=g\",\"contentUrl\":\"https:\/\/secure.gravatar.com\/avatar\/f1f98ef0d641a3a6af0accea5a5971ef?s=96&d=mm&r=g\",\"caption\":\"Cl\u00ednica Nexus\"}}]}<\/script>\n<!-- \/ Yoast SEO plugin. -->","yoast_head_json":{"title":"Rosa Guardado: \"En diez minutos te desaparecen las arrugas de expresi\u00f3n\"","robots":{"index":"index","follow":"follow","max-snippet":"max-snippet:-1","max-image-preview":"max-image-preview:large","max-video-preview":"max-video-preview:-1"},"canonical":"https:\/\/grupnexus.com\/es\/tratamiento-testimonio-rosa-guardado\/","og_locale":"es_ES","og_type":"article","og_title":"Rosa Guardado: \"En diez minutos te desaparecen las arrugas de expresi\u00f3n\"","og_description":"La Co-Founder de Eternum Events, Rosa Guardado, siempre debe mostrar una imagen impecable, tanto en su d\u00eda a d\u00eda como en los eventos que organiza, pero en ocasiones de forma natural no es posible conseguirlo cuando hay un constante estr\u00e9s de trabajo que provoca signos de fatiga en el rostro, o debido al paso del...","og_url":"https:\/\/grupnexus.com\/es\/tratamiento-testimonio-rosa-guardado\/","og_site_name":"Cl\u00ednica Nexus","article_published_time":"2019-08-02T12:16:28+00:00","article_modified_time":"2022-05-13T10:16:45+00:00","og_image":[{"width":2560,"height":1920,"url":"https:\/\/grupnexus.com\/wp-content\/uploads\/2019\/08\/IMG-1715-min-scaled.jpg","type":"image\/jpeg"}],"twitter_card":"summary","twitter_misc":{"Escrito por":"Cl\u00ednica Nexus","Tiempo de lectura":"2 minutos"},"schema":{"@context":"https:\/\/schema.org","@graph":[{"@type":"WebSite","@id":"https:\/\/grupnexus.com\/es\/#website","url":"https:\/\/grupnexus.com\/es\/","name":"Cl\u00ednica Nexus","description":"L\u00edders en Medicina Est\u00e8tica Avan\u00e7ada","potentialAction":[{"@type":"SearchAction","target":{"@type":"EntryPoint","urlTemplate":"https:\/\/grupnexus.com\/es\/?s={search_term_string}"},"query-input":"required name=search_term_string"}],"inLanguage":"es"},{"@type":"ImageObject","@id":"https:\/\/grupnexus.com\/es\/tratamiento-testimonio-rosa-guardado\/#primaryimage","inLanguage":"es","url":"https:\/\/grupnexus.com\/wp-content\/uploads\/2019\/08\/IMG-1715-min-scaled.jpg","contentUrl":"https:\/\/grupnexus.com\/wp-content\/uploads\/2019\/08\/IMG-1715-min-scaled.jpg","width":2560,"height":1920},{"@type":"WebPage","@id":"https:\/\/grupnexus.com\/es\/tratamiento-testimonio-rosa-guardado\/#webpage","url":"https:\/\/grupnexus.com\/es\/tratamiento-testimonio-rosa-guardado\/","name":"Rosa Guardado: \"En diez minutos te desaparecen las arrugas de expresi\u00f3n\"","isPartOf":{"@id":"https:\/\/grupnexus.com\/es\/#website"},"primaryImageOfPage":{"@id":"https:\/\/grupnexus.com\/es\/tratamiento-testimonio-rosa-guardado\/#primaryimage"},"datePublished":"2019-08-02T12:16:28+00:00","dateModified":"2022-05-13T10:16:45+00:00","author":{"@id":"https:\/\/grupnexus.com\/es\/#\/schema\/person\/7d42f30e6bd203d23a2c1613b51145c3"},"breadcrumb":{"@id":"https:\/\/grupnexus.com\/es\/tratamiento-testimonio-rosa-guardado\/#breadcrumb"},"inLanguage":"es","potentialAction":[{"@type":"ReadAction","target":["https:\/\/grupnexus.com\/es\/tratamiento-testimonio-rosa-guardado\/"]}]},{"@type":"BreadcrumbList","@id":"https:\/\/grupnexus.com\/es\/tratamiento-testimonio-rosa-guardado\/#breadcrumb","itemListElement":[{"@type":"ListItem","position":1,"name":"Portada","item":"https:\/\/grupnexus.com\/es\/"},{"@type":"ListItem","position":2,"name":"Rosa Guardado: &#8220;En diez minutos te desaparecen las arrugas de expresi\u00f3n&#8221;"}]},{"@type":"Person","@id":"https:\/\/grupnexus.com\/es\/#\/schema\/person\/7d42f30e6bd203d23a2c1613b51145c3","name":"Cl\u00ednica Nexus","image":{"@type":"ImageObject","@id":"https:\/\/grupnexus.com\/es\/#personlogo","inLanguage":"es","url":"https:\/\/secure.gravatar.com\/avatar\/f1f98ef0d641a3a6af0accea5a5971ef?s=96&d=mm&r=g","contentUrl":"https:\/\/secure.gravatar.com\/avatar\/f1f98ef0d641a3a6af0accea5a5971ef?s=96&d=mm&r=g","caption":"Cl\u00ednica Nexus"}}]}},"_links":{"self":[{"href":"https:\/\/grupnexus.com\/es\/wp-json\/wp\/v2\/posts\/30162"}],"collection":[{"href":"https:\/\/grupnexus.com\/es\/wp-json\/wp\/v2\/posts"}],"about":[{"href":"https:\/\/grupnexus.com\/es\/wp-json\/wp\/v2\/types\/post"}],"author":[{"embeddable":true,"href":"https:\/\/grupnexus.com\/es\/wp-json\/wp\/v2\/users\/6"}],"replies":[{"embeddable":true,"href":"https:\/\/grupnexus.com\/es\/wp-json\/wp\/v2\/comments?post=30162"}],"version-history":[{"count":5,"href":"https:\/\/grupnexus.com\/es\/wp-json\/wp\/v2\/posts\/30162\/revisions"}],"predecessor-version":[{"id":50381,"href":"https:\/\/grupnexus.com\/es\/wp-json\/wp\/v2\/posts\/30162\/revisions\/50381"}],"wp:featuredmedia":[{"embeddable":true,"href":"https:\/\/grupnexus.com\/es\/wp-json\/wp\/v2\/media\/30169"}],"wp:attachment":[{"href":"https:\/\/grupnexus.com\/es\/wp-json\/wp\/v2\/media?parent=30162"}],"wp:term":[{"taxonomy":"category","embeddable":true,"href":"https:\/\/grupnexus.com\/es\/wp-json\/wp\/v2\/categories?post=30162"},{"taxonomy":"post_tag","embeddable":true,"href":"https:\/\/grupnexus.com\/es\/wp-json\/wp\/v2\/tags?post=30162"}],"curies":[{"name":"wp","href":"https:\/\/api.w.org\/{rel}","templated":true}]}}