{"id":36662,"date":"2019-09-06T09:34:34","date_gmt":"2019-09-06T07:34:34","guid":{"rendered":"https:\/\/www.grupnexus.com\/?p=36662"},"modified":"2019-09-06T09:34:34","modified_gmt":"2019-09-06T07:34:34","slug":"comunicacion-interna-y-cohesion-de-equipo","status":"publish","type":"post","link":"https:\/\/grupnexus.com\/es\/comunicacion-interna-y-cohesion-de-equipo\/","title":{"rendered":"El fomento de la comunicaci\u00f3n interna y cohesi\u00f3n de equipo, una prioridad en Cl\u00ednica Nexus."},"content":{"rendered":"<h2>Somos una empresa saludable y trabajamos los valores, empezamos con el agradecimiento<\/h2>\n<h2>Ponemos al frente las personas y su bienestar<\/h2>\n<p>Mensualmente, la direcci\u00f3n de Cl\u00ednica Nexus convocamos a todo el personal para tratar<strong> temas de gesti\u00f3n, recursos humanos, marketing y sobre todo, darnos feedback sobre las novedades que vamos incorporando<\/strong>. La <strong>comunicaci\u00f3n interna<\/strong> es fundamental para trabajar conjuntamente los objetivos y conocer de primera mano el funcionamiento de la empresa donde se trabaja. Ir alineados con la <strong>filosof\u00eda empresarial,<\/strong> es el primer paso para consolidar una marca fuerte y competente.<\/p>\n<p><strong>Escuchar a las personas que est\u00e1n d\u00eda a d\u00eda con el y la paciente es primordial,<\/strong> para conocer las necesidades de las personas que acuden a la cl\u00ednica, que demandan, si hay algo que los y las inquieta y podemos ofrecerles una soluci\u00f3n. <strong>De esta manera podemos continuar liderando el sector, incorporando las novedades clave que el usuario solicita.<\/strong><\/p>\n<p>Pero <strong>tambi\u00e9n escuchamos nuestras profesionales porque nos importa saber c\u00f3mo se sienten<\/strong>, qu\u00e9 necesitan para facilitar su labor diaria y darles una formaci\u00f3n a medida para seguir creciendo como profesional.<\/p>\n<p><strong>Creamos cohesi\u00f3n de equipo, fomentamos un buen clima laboral e impulsamos acciones de responsabilidad social corporativa que haga de su trabajo, nuestra empresa, un espacio afable, motivador y entusiasta.<\/strong><\/p>\n<p>Este mes, despu\u00e9s de unas merecidas vacaciones, nos hemos reunido de nuevo y hemos puesto en marcha una nueva actividad, <strong>el trabajo de los valores.<\/strong> Cada mes, una de nosotros expondr\u00e1 un valor a trabajar entre todas. Ya sea exponi\u00e9ndolo, proyectando un v\u00eddeo, leyendo un fragmento de un libro, con un juego o una din\u00e1mica. Dejaremos volar la imaginaci\u00f3n y la creatividad para invitar a hacer conjuntamente algo que nos una.<\/p>\n<p>El primer valor ha sido <strong>el agradecimiento,<\/strong> dar las gracias, nada tan f\u00e1cil como eso y tan dif\u00edcil de llevar a cabo frecuentemente. <strong>La din\u00e1mica consiste en llenar \u00abla hucha de los agradecimientos\u00bb con notas que iremos escribiendo a lo largo del a\u00f1o<\/strong>. Notas de cada una de nosotras dirigidas a las compa\u00f1eras, que en un momento determinado nos han brindado una mano; o de situaciones que nos hacen ser agradecidas, como puede ser el reconocimiento al trabajo, cuando un\/a paciente nos transmite la ilusi\u00f3n que le hemos despertado de nuevo con los resultados que ha obtenido, la confianza depositada en nosotros, entre muchas otras que estamos seguras que encontraremos.<\/p>\n<p><img loading=\"lazy\" class=\"size-large wp-image-36666 aligncenter\" src=\"https:\/\/grupnexus.com\/wp-content\/uploads\/2019\/09\/Gracias_Nexus-1024x574.jpg\" alt=\"\" width=\"1024\" height=\"574\" srcset=\"https:\/\/grupnexus.com\/wp-content\/uploads\/2019\/09\/Gracias_Nexus-1024x574.jpg 1024w, https:\/\/grupnexus.com\/wp-content\/uploads\/2019\/09\/Gracias_Nexus-510x286.jpg 510w, https:\/\/grupnexus.com\/wp-content\/uploads\/2019\/09\/Gracias_Nexus-300x168.jpg 300w, https:\/\/grupnexus.com\/wp-content\/uploads\/2019\/09\/Gracias_Nexus-768x431.jpg 768w, https:\/\/grupnexus.com\/wp-content\/uploads\/2019\/09\/Gracias_Nexus-1140x639.jpg 1140w, https:\/\/grupnexus.com\/wp-content\/uploads\/2019\/09\/Gracias_Nexus-555x311.jpg 555w, https:\/\/grupnexus.com\/wp-content\/uploads\/2019\/09\/Gracias_Nexus-360x202.jpg 360w, https:\/\/grupnexus.com\/wp-content\/uploads\/2019\/09\/Gracias_Nexus-262x147.jpg 262w\" sizes=\"(max-width: 1024px) 100vw, 1024px\" \/><\/p>\n<p>&nbsp;<\/p>\n<p><strong>Cada tres meses abriremos la hucha y compartiremos entre todas las notas de agradecimiento que hemos ido guardando,<\/strong> y estamos seguras que agradeceremos de nuevo poder recordar cada uno de esos momentos.<\/p>\n<p><strong>La encargada del pr\u00f3ximo valor a trabajar ser\u00e1 Carmen, nuestra t\u00e9cnica en Depilaci\u00f3n L\u00e1ser.<\/strong> Ya tenemos ganas de saber qu\u00e9 nos prepara. Os mantendremos informados e informadas.<\/p>\n<p><strong>Las empresas saludables consiguen mayores resultados, no s\u00f3lo econ\u00f3micos, sino saludables y de bienestar personal.<\/strong><\/p>\n<p><strong>Haz de tu trabajo, tu motivaci\u00f3n e ilusi\u00f3n.<\/strong><\/p>\n<p><img loading=\"lazy\" class=\"size-large wp-image-36655 aligncenter\" src=\"https:\/\/grupnexus.com\/wp-content\/uploads\/2019\/09\/I\u2019m-grateful_Nexus-min-1024x768.jpg\" alt=\"\" width=\"1024\" height=\"768\" srcset=\"https:\/\/grupnexus.com\/wp-content\/uploads\/2019\/09\/I\u2019m-grateful_Nexus-min-1024x768.jpg 1024w, https:\/\/grupnexus.com\/wp-content\/uploads\/2019\/09\/I\u2019m-grateful_Nexus-min-510x383.jpg 510w, https:\/\/grupnexus.com\/wp-content\/uploads\/2019\/09\/I\u2019m-grateful_Nexus-min-300x225.jpg 300w, https:\/\/grupnexus.com\/wp-content\/uploads\/2019\/09\/I\u2019m-grateful_Nexus-min-768x576.jpg 768w, https:\/\/grupnexus.com\/wp-content\/uploads\/2019\/09\/I\u2019m-grateful_Nexus-min-1140x855.jpg 1140w, https:\/\/grupnexus.com\/wp-content\/uploads\/2019\/09\/I\u2019m-grateful_Nexus-min-555x416.jpg 555w, https:\/\/grupnexus.com\/wp-content\/uploads\/2019\/09\/I\u2019m-grateful_Nexus-min-360x270.jpg 360w, https:\/\/grupnexus.com\/wp-content\/uploads\/2019\/09\/I\u2019m-grateful_Nexus-min-262x197.jpg 262w\" sizes=\"(max-width: 1024px) 100vw, 1024px\" \/><\/p>\n","protected":false},"excerpt":{"rendered":"<p>Somos una empresa saludable y trabajamos los valores, empezamos con el agradecimiento Ponemos al frente las personas y su bienestar Mensualmente, la direcci\u00f3n de Cl\u00ednica Nexus convocamos a todo el personal para tratar temas de gesti\u00f3n, recursos humanos, marketing y sobre todo, darnos feedback sobre las novedades que vamos incorporando. La comunicaci\u00f3n interna es fundamental&#8230;<\/p>\n","protected":false},"author":6,"featured_media":36660,"comment_status":"closed","ping_status":"closed","sticky":false,"template":"","format":"standard","meta":[],"categories":[2,330,526],"tags":[],"yoast_head":"<!-- This site is optimized with the Yoast SEO plugin v18.6 - https:\/\/yoast.com\/wordpress\/plugins\/seo\/ -->\n<title>El fomento de la comunicaci\u00f3n interna y cohesi\u00f3n de equipo, una prioridad en Cl\u00ednica Nexus.<\/title>\n<meta name=\"robots\" content=\"index, follow, max-snippet:-1, max-image-preview:large, max-video-preview:-1\" \/>\n<link rel=\"canonical\" href=\"https:\/\/grupnexus.com\/es\/comunicacion-interna-y-cohesion-de-equipo\/\" \/>\n<meta property=\"og:locale\" content=\"es_ES\" \/>\n<meta property=\"og:type\" content=\"article\" \/>\n<meta property=\"og:title\" content=\"El fomento de la comunicaci\u00f3n interna y cohesi\u00f3n de equipo, una prioridad en Cl\u00ednica Nexus.\" \/>\n<meta property=\"og:description\" content=\"Somos una empresa saludable y trabajamos los valores, empezamos con el agradecimiento Ponemos al frente las personas y su bienestar Mensualmente, la direcci\u00f3n de Cl\u00ednica Nexus convocamos a todo el personal para tratar temas de gesti\u00f3n, recursos humanos, marketing y sobre todo, darnos feedback sobre las novedades que vamos incorporando. La comunicaci\u00f3n interna es fundamental...\" \/>\n<meta property=\"og:url\" content=\"https:\/\/grupnexus.com\/es\/comunicacion-interna-y-cohesion-de-equipo\/\" \/>\n<meta property=\"og:site_name\" content=\"Cl\u00ednica Nexus\" \/>\n<meta property=\"article:published_time\" content=\"2019-09-06T07:34:34+00:00\" \/>\n<meta property=\"og:image\" content=\"https:\/\/i0.wp.com\/grupnexus.com\/wp-content\/uploads\/2019\/09\/Agra\u00efment_Nexus.jpg?fit=936%2C740&#038;ssl=1\" \/>\n\t<meta property=\"og:image:width\" content=\"936\" \/>\n\t<meta property=\"og:image:height\" content=\"740\" \/>\n\t<meta property=\"og:image:type\" content=\"image\/jpeg\" \/>\n<meta name=\"twitter:card\" content=\"summary\" \/>\n<meta name=\"twitter:label1\" content=\"Escrito por\" \/>\n\t<meta name=\"twitter:data1\" content=\"Cl\u00ednica Nexus\" \/>\n\t<meta name=\"twitter:label2\" content=\"Tiempo de lectura\" \/>\n\t<meta name=\"twitter:data2\" content=\"3 minutos\" \/>\n<script type=\"application\/ld+json\" class=\"yoast-schema-graph\">{\"@context\":\"https:\/\/schema.org\",\"@graph\":[{\"@type\":\"WebSite\",\"@id\":\"https:\/\/grupnexus.com\/es\/#website\",\"url\":\"https:\/\/grupnexus.com\/es\/\",\"name\":\"Cl\u00ednica Nexus\",\"description\":\"L\u00edders en Medicina Est\u00e8tica Avan\u00e7ada\",\"potentialAction\":[{\"@type\":\"SearchAction\",\"target\":{\"@type\":\"EntryPoint\",\"urlTemplate\":\"https:\/\/grupnexus.com\/es\/?s={search_term_string}\"},\"query-input\":\"required name=search_term_string\"}],\"inLanguage\":\"es\"},{\"@type\":\"ImageObject\",\"@id\":\"https:\/\/grupnexus.com\/es\/comunicacion-interna-y-cohesion-de-equipo\/#primaryimage\",\"inLanguage\":\"es\",\"url\":\"https:\/\/grupnexus.com\/wp-content\/uploads\/2019\/09\/Agra\u00efment_Nexus.jpg\",\"contentUrl\":\"https:\/\/grupnexus.com\/wp-content\/uploads\/2019\/09\/Agra\u00efment_Nexus.jpg\",\"width\":936,\"height\":740},{\"@type\":\"WebPage\",\"@id\":\"https:\/\/grupnexus.com\/es\/comunicacion-interna-y-cohesion-de-equipo\/#webpage\",\"url\":\"https:\/\/grupnexus.com\/es\/comunicacion-interna-y-cohesion-de-equipo\/\",\"name\":\"El fomento de la comunicaci\u00f3n interna y cohesi\u00f3n de equipo, una prioridad en Cl\u00ednica Nexus.\",\"isPartOf\":{\"@id\":\"https:\/\/grupnexus.com\/es\/#website\"},\"primaryImageOfPage\":{\"@id\":\"https:\/\/grupnexus.com\/es\/comunicacion-interna-y-cohesion-de-equipo\/#primaryimage\"},\"datePublished\":\"2019-09-06T07:34:34+00:00\",\"dateModified\":\"2019-09-06T07:34:34+00:00\",\"author\":{\"@id\":\"https:\/\/grupnexus.com\/es\/#\/schema\/person\/7d42f30e6bd203d23a2c1613b51145c3\"},\"breadcrumb\":{\"@id\":\"https:\/\/grupnexus.com\/es\/comunicacion-interna-y-cohesion-de-equipo\/#breadcrumb\"},\"inLanguage\":\"es\",\"potentialAction\":[{\"@type\":\"ReadAction\",\"target\":[\"https:\/\/grupnexus.com\/es\/comunicacion-interna-y-cohesion-de-equipo\/\"]}]},{\"@type\":\"BreadcrumbList\",\"@id\":\"https:\/\/grupnexus.com\/es\/comunicacion-interna-y-cohesion-de-equipo\/#breadcrumb\",\"itemListElement\":[{\"@type\":\"ListItem\",\"position\":1,\"name\":\"Portada\",\"item\":\"https:\/\/grupnexus.com\/es\/\"},{\"@type\":\"ListItem\",\"position\":2,\"name\":\"El fomento de la comunicaci\u00f3n interna y cohesi\u00f3n de equipo, una prioridad en Cl\u00ednica Nexus.\"}]},{\"@type\":\"Person\",\"@id\":\"https:\/\/grupnexus.com\/es\/#\/schema\/person\/7d42f30e6bd203d23a2c1613b51145c3\",\"name\":\"Cl\u00ednica Nexus\",\"image\":{\"@type\":\"ImageObject\",\"@id\":\"https:\/\/grupnexus.com\/es\/#personlogo\",\"inLanguage\":\"es\",\"url\":\"https:\/\/secure.gravatar.com\/avatar\/f1f98ef0d641a3a6af0accea5a5971ef?s=96&d=mm&r=g\",\"contentUrl\":\"https:\/\/secure.gravatar.com\/avatar\/f1f98ef0d641a3a6af0accea5a5971ef?s=96&d=mm&r=g\",\"caption\":\"Cl\u00ednica Nexus\"}}]}<\/script>\n<!-- \/ Yoast SEO plugin. -->","yoast_head_json":{"title":"El fomento de la comunicaci\u00f3n interna y cohesi\u00f3n de equipo, una prioridad en Cl\u00ednica Nexus.","robots":{"index":"index","follow":"follow","max-snippet":"max-snippet:-1","max-image-preview":"max-image-preview:large","max-video-preview":"max-video-preview:-1"},"canonical":"https:\/\/grupnexus.com\/es\/comunicacion-interna-y-cohesion-de-equipo\/","og_locale":"es_ES","og_type":"article","og_title":"El fomento de la comunicaci\u00f3n interna y cohesi\u00f3n de equipo, una prioridad en Cl\u00ednica Nexus.","og_description":"Somos una empresa saludable y trabajamos los valores, empezamos con el agradecimiento Ponemos al frente las personas y su bienestar Mensualmente, la direcci\u00f3n de Cl\u00ednica Nexus convocamos a todo el personal para tratar temas de gesti\u00f3n, recursos humanos, marketing y sobre todo, darnos feedback sobre las novedades que vamos incorporando. La comunicaci\u00f3n interna es fundamental...","og_url":"https:\/\/grupnexus.com\/es\/comunicacion-interna-y-cohesion-de-equipo\/","og_site_name":"Cl\u00ednica Nexus","article_published_time":"2019-09-06T07:34:34+00:00","og_image":[{"width":936,"height":740,"url":"https:\/\/i0.wp.com\/grupnexus.com\/wp-content\/uploads\/2019\/09\/Agra\u00efment_Nexus.jpg?fit=936%2C740&ssl=1","type":"image\/jpeg"}],"twitter_card":"summary","twitter_misc":{"Escrito por":"Cl\u00ednica Nexus","Tiempo de lectura":"3 minutos"},"schema":{"@context":"https:\/\/schema.org","@graph":[{"@type":"WebSite","@id":"https:\/\/grupnexus.com\/es\/#website","url":"https:\/\/grupnexus.com\/es\/","name":"Cl\u00ednica Nexus","description":"L\u00edders en Medicina Est\u00e8tica Avan\u00e7ada","potentialAction":[{"@type":"SearchAction","target":{"@type":"EntryPoint","urlTemplate":"https:\/\/grupnexus.com\/es\/?s={search_term_string}"},"query-input":"required name=search_term_string"}],"inLanguage":"es"},{"@type":"ImageObject","@id":"https:\/\/grupnexus.com\/es\/comunicacion-interna-y-cohesion-de-equipo\/#primaryimage","inLanguage":"es","url":"https:\/\/grupnexus.com\/wp-content\/uploads\/2019\/09\/Agra\u00efment_Nexus.jpg","contentUrl":"https:\/\/grupnexus.com\/wp-content\/uploads\/2019\/09\/Agra\u00efment_Nexus.jpg","width":936,"height":740},{"@type":"WebPage","@id":"https:\/\/grupnexus.com\/es\/comunicacion-interna-y-cohesion-de-equipo\/#webpage","url":"https:\/\/grupnexus.com\/es\/comunicacion-interna-y-cohesion-de-equipo\/","name":"El fomento de la comunicaci\u00f3n interna y cohesi\u00f3n de equipo, una prioridad en Cl\u00ednica Nexus.","isPartOf":{"@id":"https:\/\/grupnexus.com\/es\/#website"},"primaryImageOfPage":{"@id":"https:\/\/grupnexus.com\/es\/comunicacion-interna-y-cohesion-de-equipo\/#primaryimage"},"datePublished":"2019-09-06T07:34:34+00:00","dateModified":"2019-09-06T07:34:34+00:00","author":{"@id":"https:\/\/grupnexus.com\/es\/#\/schema\/person\/7d42f30e6bd203d23a2c1613b51145c3"},"breadcrumb":{"@id":"https:\/\/grupnexus.com\/es\/comunicacion-interna-y-cohesion-de-equipo\/#breadcrumb"},"inLanguage":"es","potentialAction":[{"@type":"ReadAction","target":["https:\/\/grupnexus.com\/es\/comunicacion-interna-y-cohesion-de-equipo\/"]}]},{"@type":"BreadcrumbList","@id":"https:\/\/grupnexus.com\/es\/comunicacion-interna-y-cohesion-de-equipo\/#breadcrumb","itemListElement":[{"@type":"ListItem","position":1,"name":"Portada","item":"https:\/\/grupnexus.com\/es\/"},{"@type":"ListItem","position":2,"name":"El fomento de la comunicaci\u00f3n interna y cohesi\u00f3n de equipo, una prioridad en Cl\u00ednica Nexus."}]},{"@type":"Person","@id":"https:\/\/grupnexus.com\/es\/#\/schema\/person\/7d42f30e6bd203d23a2c1613b51145c3","name":"Cl\u00ednica Nexus","image":{"@type":"ImageObject","@id":"https:\/\/grupnexus.com\/es\/#personlogo","inLanguage":"es","url":"https:\/\/secure.gravatar.com\/avatar\/f1f98ef0d641a3a6af0accea5a5971ef?s=96&d=mm&r=g","contentUrl":"https:\/\/secure.gravatar.com\/avatar\/f1f98ef0d641a3a6af0accea5a5971ef?s=96&d=mm&r=g","caption":"Cl\u00ednica Nexus"}}]}},"_links":{"self":[{"href":"https:\/\/grupnexus.com\/es\/wp-json\/wp\/v2\/posts\/36662"}],"collection":[{"href":"https:\/\/grupnexus.com\/es\/wp-json\/wp\/v2\/posts"}],"about":[{"href":"https:\/\/grupnexus.com\/es\/wp-json\/wp\/v2\/types\/post"}],"author":[{"embeddable":true,"href":"https:\/\/grupnexus.com\/es\/wp-json\/wp\/v2\/users\/6"}],"replies":[{"embeddable":true,"href":"https:\/\/grupnexus.com\/es\/wp-json\/wp\/v2\/comments?post=36662"}],"version-history":[{"count":2,"href":"https:\/\/grupnexus.com\/es\/wp-json\/wp\/v2\/posts\/36662\/revisions"}],"predecessor-version":[{"id":36669,"href":"https:\/\/grupnexus.com\/es\/wp-json\/wp\/v2\/posts\/36662\/revisions\/36669"}],"wp:featuredmedia":[{"embeddable":true,"href":"https:\/\/grupnexus.com\/es\/wp-json\/wp\/v2\/media\/36660"}],"wp:attachment":[{"href":"https:\/\/grupnexus.com\/es\/wp-json\/wp\/v2\/media?parent=36662"}],"wp:term":[{"taxonomy":"category","embeddable":true,"href":"https:\/\/grupnexus.com\/es\/wp-json\/wp\/v2\/categories?post=36662"},{"taxonomy":"post_tag","embeddable":true,"href":"https:\/\/grupnexus.com\/es\/wp-json\/wp\/v2\/tags?post=36662"}],"curies":[{"name":"wp","href":"https:\/\/api.w.org\/{rel}","templated":true}]}}