{"id":39474,"date":"2019-10-17T18:11:50","date_gmt":"2019-10-17T16:11:50","guid":{"rendered":"https:\/\/www.grupnexus.com\/clinica-nexus-collabora-de-nou-amb-la-marato-de-donants-de-sang-de-lleida\/"},"modified":"2019-12-09T12:49:39","modified_gmt":"2019-12-09T10:49:39","slug":"clinica-nexus-colabora-de-nuevo-con-la-marato-de-donantes-de-sangre-de-lleida","status":"publish","type":"post","link":"https:\/\/grupnexus.com\/es\/clinica-nexus-colabora-de-nuevo-con-la-marato-de-donantes-de-sangre-de-lleida\/","title":{"rendered":"Cl\u00ednica Nexus colabora de nuevo con la Marat\u00f3 de Donants de Sang de Lleida"},"content":{"rendered":"<p>Mi\u00e9rcoles, 16 de octubre, el Banc de Sang y Teixits del Departament de Salut ha organizado la 16\u00aa edici\u00f3n de la Marat\u00f3n de Donants de Sang. Este a\u00f1o con el lema \u00abT\u00fa s\u00ed que eres importante\u00bb, porque cada una de las personas que se acercaron durante el d\u00eda en la Biblioteca P\u00fablica, como todas aquellas que dan sangre durante todo el a\u00f1o, son realmente valiosas e importantes para aumentar y conservar el n\u00famero de donaciones. Recordemos que a lo largo del a\u00f1o hay momentos en que la reserva de sangre es escasa y hay vidas que dependen de \u00e9stas.<\/p>\n<p>Montse Monjo, directora gerente de Cl\u00ednica Nexus, y donante de sangre desde hace a\u00f1os, asisti\u00f3 a la inauguraci\u00f3n del acto. Donde coincidi\u00f3 con los miembros de la organizaci\u00f3n y el Sr. Postu, imagen de la Campa\u00f1a. Durante esta tambi\u00e9n se cont\u00f3 con la interpretaci\u00f3n a la lengua de signos catalana a cargo de la asociaci\u00f3n \u201cDeixa\u2019ns signar\u201d.<\/p>\n<p>Empresas privadas, como Cl\u00ednica Nexus, la Associaci\u00f3 de Donants de Sang del Segri\u00e0, junto con el Ayuntamiento de Lleida, la Biblioteca P\u00fablica de Lleida, entre otras entidades han colaborado activamente en la causa.<\/p>\n<p><img loading=\"lazy\" class=\"wp-image-39440 aligncenter\" src=\"https:\/\/grupnexus.com\/wp-content\/uploads\/2019\/10\/IMG-5115-1-1024x802.jpg\" alt=\"\" width=\"1160\" height=\"909\" srcset=\"https:\/\/grupnexus.com\/wp-content\/uploads\/2019\/10\/IMG-5115-1-1024x802.jpg 1024w, https:\/\/grupnexus.com\/wp-content\/uploads\/2019\/10\/IMG-5115-1-510x399.jpg 510w, https:\/\/grupnexus.com\/wp-content\/uploads\/2019\/10\/IMG-5115-1-300x235.jpg 300w, https:\/\/grupnexus.com\/wp-content\/uploads\/2019\/10\/IMG-5115-1-768x601.jpg 768w, https:\/\/grupnexus.com\/wp-content\/uploads\/2019\/10\/IMG-5115-1-1140x893.jpg 1140w, https:\/\/grupnexus.com\/wp-content\/uploads\/2019\/10\/IMG-5115-1-555x435.jpg 555w, https:\/\/grupnexus.com\/wp-content\/uploads\/2019\/10\/IMG-5115-1-360x282.jpg 360w, https:\/\/grupnexus.com\/wp-content\/uploads\/2019\/10\/IMG-5115-1-262x205.jpg 262w, https:\/\/grupnexus.com\/wp-content\/uploads\/2019\/10\/IMG-5115-1.jpg 1410w\" sizes=\"(max-width: 1160px) 100vw, 1160px\" \/><\/p>\n<p><img loading=\"lazy\" class=\"wp-image-39438 aligncenter\" src=\"https:\/\/grupnexus.com\/wp-content\/uploads\/2019\/10\/IMG-5112-1024x768.jpg\" alt=\"\" width=\"1131\" height=\"848\" srcset=\"https:\/\/grupnexus.com\/wp-content\/uploads\/2019\/10\/IMG-5112-1024x768.jpg 1024w, https:\/\/grupnexus.com\/wp-content\/uploads\/2019\/10\/IMG-5112-510x383.jpg 510w, https:\/\/grupnexus.com\/wp-content\/uploads\/2019\/10\/IMG-5112-300x225.jpg 300w, https:\/\/grupnexus.com\/wp-content\/uploads\/2019\/10\/IMG-5112-768x576.jpg 768w, https:\/\/grupnexus.com\/wp-content\/uploads\/2019\/10\/IMG-5112-1140x855.jpg 1140w, https:\/\/grupnexus.com\/wp-content\/uploads\/2019\/10\/IMG-5112-555x416.jpg 555w, https:\/\/grupnexus.com\/wp-content\/uploads\/2019\/10\/IMG-5112-360x270.jpg 360w, https:\/\/grupnexus.com\/wp-content\/uploads\/2019\/10\/IMG-5112-262x197.jpg 262w, https:\/\/grupnexus.com\/wp-content\/uploads\/2019\/10\/IMG-5112.jpg 2000w\" sizes=\"(max-width: 1131px) 100vw, 1131px\" \/><\/p>\n<p><img loading=\"lazy\" class=\"wp-image-39436 aligncenter\" src=\"https:\/\/grupnexus.com\/wp-content\/uploads\/2019\/10\/IMG-5110-1-768x1024.jpg\" alt=\"\" width=\"941\" height=\"1255\" srcset=\"https:\/\/grupnexus.com\/wp-content\/uploads\/2019\/10\/IMG-5110-1-768x1024.jpg 768w, https:\/\/grupnexus.com\/wp-content\/uploads\/2019\/10\/IMG-5110-1-510x680.jpg 510w, https:\/\/grupnexus.com\/wp-content\/uploads\/2019\/10\/IMG-5110-1-225x300.jpg 225w, https:\/\/grupnexus.com\/wp-content\/uploads\/2019\/10\/IMG-5110-1-576x768.jpg 576w, https:\/\/grupnexus.com\/wp-content\/uploads\/2019\/10\/IMG-5110-1-555x740.jpg 555w, https:\/\/grupnexus.com\/wp-content\/uploads\/2019\/10\/IMG-5110-1-360x480.jpg 360w, https:\/\/grupnexus.com\/wp-content\/uploads\/2019\/10\/IMG-5110-1-262x349.jpg 262w, https:\/\/grupnexus.com\/wp-content\/uploads\/2019\/10\/IMG-5110-1.jpg 907w\" sizes=\"(max-width: 941px) 100vw, 941px\" \/><\/p>\n","protected":false},"excerpt":{"rendered":"<p>Mi\u00e9rcoles, 16 de octubre, el Banc de Sang y Teixits del Departament de Salut ha organizado la 16\u00aa edici\u00f3n de la Marat\u00f3n de Donants de Sang. Este a\u00f1o con el lema \u00abT\u00fa s\u00ed que eres importante\u00bb, porque cada una de las personas que se acercaron durante el d\u00eda en la Biblioteca P\u00fablica, como todas aquellas&#8230;<\/p>\n","protected":false},"author":6,"featured_media":39435,"comment_status":"closed","ping_status":"closed","sticky":false,"template":"","format":"standard","meta":[],"categories":[2,330,358,7],"tags":[],"yoast_head":"<!-- This site is optimized with the Yoast SEO plugin v18.6 - https:\/\/yoast.com\/wordpress\/plugins\/seo\/ -->\n<title>Cl\u00ednica Nexus colabora de nuevo con la Marat\u00f3 de Donants de Sang de Lleida<\/title>\n<meta name=\"robots\" content=\"index, follow, max-snippet:-1, max-image-preview:large, max-video-preview:-1\" \/>\n<link rel=\"canonical\" href=\"https:\/\/grupnexus.com\/es\/clinica-nexus-colabora-de-nuevo-con-la-marato-de-donantes-de-sangre-de-lleida\/\" \/>\n<meta property=\"og:locale\" content=\"es_ES\" \/>\n<meta property=\"og:type\" content=\"article\" \/>\n<meta property=\"og:title\" content=\"Cl\u00ednica Nexus colabora de nuevo con la Marat\u00f3 de Donants de Sang de Lleida\" \/>\n<meta property=\"og:description\" content=\"Mi\u00e9rcoles, 16 de octubre, el Banc de Sang y Teixits del Departament de Salut ha organizado la 16\u00aa edici\u00f3n de la Marat\u00f3n de Donants de Sang. Este a\u00f1o con el lema \u00abT\u00fa s\u00ed que eres importante\u00bb, porque cada una de las personas que se acercaron durante el d\u00eda en la Biblioteca P\u00fablica, como todas aquellas...\" \/>\n<meta property=\"og:url\" content=\"https:\/\/grupnexus.com\/es\/clinica-nexus-colabora-de-nuevo-con-la-marato-de-donantes-de-sangre-de-lleida\/\" \/>\n<meta property=\"og:site_name\" content=\"Cl\u00ednica Nexus\" \/>\n<meta property=\"article:published_time\" content=\"2019-10-17T16:11:50+00:00\" \/>\n<meta property=\"article:modified_time\" content=\"2019-12-09T10:49:39+00:00\" \/>\n<meta property=\"og:image\" content=\"https:\/\/i0.wp.com\/grupnexus.com\/wp-content\/uploads\/2019\/10\/68895026-42ed-4ca7-b4ad-f0465a3d8aaa-1.jpg?fit=1064%2C800&#038;ssl=1\" \/>\n\t<meta property=\"og:image:width\" content=\"1064\" \/>\n\t<meta property=\"og:image:height\" content=\"800\" \/>\n\t<meta property=\"og:image:type\" content=\"image\/jpeg\" \/>\n<meta name=\"twitter:card\" content=\"summary\" \/>\n<meta name=\"twitter:label1\" content=\"Escrito por\" \/>\n\t<meta name=\"twitter:data1\" content=\"Cl\u00ednica Nexus\" \/>\n\t<meta name=\"twitter:label2\" content=\"Tiempo de lectura\" \/>\n\t<meta name=\"twitter:data2\" content=\"1 minuto\" \/>\n<script type=\"application\/ld+json\" class=\"yoast-schema-graph\">{\"@context\":\"https:\/\/schema.org\",\"@graph\":[{\"@type\":\"WebSite\",\"@id\":\"https:\/\/grupnexus.com\/es\/#website\",\"url\":\"https:\/\/grupnexus.com\/es\/\",\"name\":\"Cl\u00ednica Nexus\",\"description\":\"L\u00edders en Medicina Est\u00e8tica Avan\u00e7ada\",\"potentialAction\":[{\"@type\":\"SearchAction\",\"target\":{\"@type\":\"EntryPoint\",\"urlTemplate\":\"https:\/\/grupnexus.com\/es\/?s={search_term_string}\"},\"query-input\":\"required name=search_term_string\"}],\"inLanguage\":\"es\"},{\"@type\":\"ImageObject\",\"@id\":\"https:\/\/grupnexus.com\/es\/clinica-nexus-colabora-de-nuevo-con-la-marato-de-donantes-de-sangre-de-lleida\/#primaryimage\",\"inLanguage\":\"es\",\"url\":\"https:\/\/grupnexus.com\/wp-content\/uploads\/2019\/10\/68895026-42ed-4ca7-b4ad-f0465a3d8aaa-1.jpg\",\"contentUrl\":\"https:\/\/grupnexus.com\/wp-content\/uploads\/2019\/10\/68895026-42ed-4ca7-b4ad-f0465a3d8aaa-1.jpg\",\"width\":1064,\"height\":800},{\"@type\":\"WebPage\",\"@id\":\"https:\/\/grupnexus.com\/es\/clinica-nexus-colabora-de-nuevo-con-la-marato-de-donantes-de-sangre-de-lleida\/#webpage\",\"url\":\"https:\/\/grupnexus.com\/es\/clinica-nexus-colabora-de-nuevo-con-la-marato-de-donantes-de-sangre-de-lleida\/\",\"name\":\"Cl\u00ednica Nexus colabora de nuevo con la Marat\u00f3 de Donants de Sang de Lleida\",\"isPartOf\":{\"@id\":\"https:\/\/grupnexus.com\/es\/#website\"},\"primaryImageOfPage\":{\"@id\":\"https:\/\/grupnexus.com\/es\/clinica-nexus-colabora-de-nuevo-con-la-marato-de-donantes-de-sangre-de-lleida\/#primaryimage\"},\"datePublished\":\"2019-10-17T16:11:50+00:00\",\"dateModified\":\"2019-12-09T10:49:39+00:00\",\"author\":{\"@id\":\"https:\/\/grupnexus.com\/es\/#\/schema\/person\/7d42f30e6bd203d23a2c1613b51145c3\"},\"breadcrumb\":{\"@id\":\"https:\/\/grupnexus.com\/es\/clinica-nexus-colabora-de-nuevo-con-la-marato-de-donantes-de-sangre-de-lleida\/#breadcrumb\"},\"inLanguage\":\"es\",\"potentialAction\":[{\"@type\":\"ReadAction\",\"target\":[\"https:\/\/grupnexus.com\/es\/clinica-nexus-colabora-de-nuevo-con-la-marato-de-donantes-de-sangre-de-lleida\/\"]}]},{\"@type\":\"BreadcrumbList\",\"@id\":\"https:\/\/grupnexus.com\/es\/clinica-nexus-colabora-de-nuevo-con-la-marato-de-donantes-de-sangre-de-lleida\/#breadcrumb\",\"itemListElement\":[{\"@type\":\"ListItem\",\"position\":1,\"name\":\"Portada\",\"item\":\"https:\/\/grupnexus.com\/es\/\"},{\"@type\":\"ListItem\",\"position\":2,\"name\":\"Cl\u00ednica Nexus colabora de nuevo con la Marat\u00f3 de Donants de Sang de Lleida\"}]},{\"@type\":\"Person\",\"@id\":\"https:\/\/grupnexus.com\/es\/#\/schema\/person\/7d42f30e6bd203d23a2c1613b51145c3\",\"name\":\"Cl\u00ednica Nexus\",\"image\":{\"@type\":\"ImageObject\",\"@id\":\"https:\/\/grupnexus.com\/es\/#personlogo\",\"inLanguage\":\"es\",\"url\":\"https:\/\/secure.gravatar.com\/avatar\/f1f98ef0d641a3a6af0accea5a5971ef?s=96&d=mm&r=g\",\"contentUrl\":\"https:\/\/secure.gravatar.com\/avatar\/f1f98ef0d641a3a6af0accea5a5971ef?s=96&d=mm&r=g\",\"caption\":\"Cl\u00ednica Nexus\"}}]}<\/script>\n<!-- \/ Yoast SEO plugin. -->","yoast_head_json":{"title":"Cl\u00ednica Nexus colabora de nuevo con la Marat\u00f3 de Donants de Sang de Lleida","robots":{"index":"index","follow":"follow","max-snippet":"max-snippet:-1","max-image-preview":"max-image-preview:large","max-video-preview":"max-video-preview:-1"},"canonical":"https:\/\/grupnexus.com\/es\/clinica-nexus-colabora-de-nuevo-con-la-marato-de-donantes-de-sangre-de-lleida\/","og_locale":"es_ES","og_type":"article","og_title":"Cl\u00ednica Nexus colabora de nuevo con la Marat\u00f3 de Donants de Sang de Lleida","og_description":"Mi\u00e9rcoles, 16 de octubre, el Banc de Sang y Teixits del Departament de Salut ha organizado la 16\u00aa edici\u00f3n de la Marat\u00f3n de Donants de Sang. Este a\u00f1o con el lema \u00abT\u00fa s\u00ed que eres importante\u00bb, porque cada una de las personas que se acercaron durante el d\u00eda en la Biblioteca P\u00fablica, como todas aquellas...","og_url":"https:\/\/grupnexus.com\/es\/clinica-nexus-colabora-de-nuevo-con-la-marato-de-donantes-de-sangre-de-lleida\/","og_site_name":"Cl\u00ednica Nexus","article_published_time":"2019-10-17T16:11:50+00:00","article_modified_time":"2019-12-09T10:49:39+00:00","og_image":[{"width":1064,"height":800,"url":"https:\/\/i0.wp.com\/grupnexus.com\/wp-content\/uploads\/2019\/10\/68895026-42ed-4ca7-b4ad-f0465a3d8aaa-1.jpg?fit=1064%2C800&ssl=1","type":"image\/jpeg"}],"twitter_card":"summary","twitter_misc":{"Escrito por":"Cl\u00ednica Nexus","Tiempo de lectura":"1 minuto"},"schema":{"@context":"https:\/\/schema.org","@graph":[{"@type":"WebSite","@id":"https:\/\/grupnexus.com\/es\/#website","url":"https:\/\/grupnexus.com\/es\/","name":"Cl\u00ednica Nexus","description":"L\u00edders en Medicina Est\u00e8tica Avan\u00e7ada","potentialAction":[{"@type":"SearchAction","target":{"@type":"EntryPoint","urlTemplate":"https:\/\/grupnexus.com\/es\/?s={search_term_string}"},"query-input":"required name=search_term_string"}],"inLanguage":"es"},{"@type":"ImageObject","@id":"https:\/\/grupnexus.com\/es\/clinica-nexus-colabora-de-nuevo-con-la-marato-de-donantes-de-sangre-de-lleida\/#primaryimage","inLanguage":"es","url":"https:\/\/grupnexus.com\/wp-content\/uploads\/2019\/10\/68895026-42ed-4ca7-b4ad-f0465a3d8aaa-1.jpg","contentUrl":"https:\/\/grupnexus.com\/wp-content\/uploads\/2019\/10\/68895026-42ed-4ca7-b4ad-f0465a3d8aaa-1.jpg","width":1064,"height":800},{"@type":"WebPage","@id":"https:\/\/grupnexus.com\/es\/clinica-nexus-colabora-de-nuevo-con-la-marato-de-donantes-de-sangre-de-lleida\/#webpage","url":"https:\/\/grupnexus.com\/es\/clinica-nexus-colabora-de-nuevo-con-la-marato-de-donantes-de-sangre-de-lleida\/","name":"Cl\u00ednica Nexus colabora de nuevo con la Marat\u00f3 de Donants de Sang de Lleida","isPartOf":{"@id":"https:\/\/grupnexus.com\/es\/#website"},"primaryImageOfPage":{"@id":"https:\/\/grupnexus.com\/es\/clinica-nexus-colabora-de-nuevo-con-la-marato-de-donantes-de-sangre-de-lleida\/#primaryimage"},"datePublished":"2019-10-17T16:11:50+00:00","dateModified":"2019-12-09T10:49:39+00:00","author":{"@id":"https:\/\/grupnexus.com\/es\/#\/schema\/person\/7d42f30e6bd203d23a2c1613b51145c3"},"breadcrumb":{"@id":"https:\/\/grupnexus.com\/es\/clinica-nexus-colabora-de-nuevo-con-la-marato-de-donantes-de-sangre-de-lleida\/#breadcrumb"},"inLanguage":"es","potentialAction":[{"@type":"ReadAction","target":["https:\/\/grupnexus.com\/es\/clinica-nexus-colabora-de-nuevo-con-la-marato-de-donantes-de-sangre-de-lleida\/"]}]},{"@type":"BreadcrumbList","@id":"https:\/\/grupnexus.com\/es\/clinica-nexus-colabora-de-nuevo-con-la-marato-de-donantes-de-sangre-de-lleida\/#breadcrumb","itemListElement":[{"@type":"ListItem","position":1,"name":"Portada","item":"https:\/\/grupnexus.com\/es\/"},{"@type":"ListItem","position":2,"name":"Cl\u00ednica Nexus colabora de nuevo con la Marat\u00f3 de Donants de Sang de Lleida"}]},{"@type":"Person","@id":"https:\/\/grupnexus.com\/es\/#\/schema\/person\/7d42f30e6bd203d23a2c1613b51145c3","name":"Cl\u00ednica Nexus","image":{"@type":"ImageObject","@id":"https:\/\/grupnexus.com\/es\/#personlogo","inLanguage":"es","url":"https:\/\/secure.gravatar.com\/avatar\/f1f98ef0d641a3a6af0accea5a5971ef?s=96&d=mm&r=g","contentUrl":"https:\/\/secure.gravatar.com\/avatar\/f1f98ef0d641a3a6af0accea5a5971ef?s=96&d=mm&r=g","caption":"Cl\u00ednica Nexus"}}]}},"_links":{"self":[{"href":"https:\/\/grupnexus.com\/es\/wp-json\/wp\/v2\/posts\/39474"}],"collection":[{"href":"https:\/\/grupnexus.com\/es\/wp-json\/wp\/v2\/posts"}],"about":[{"href":"https:\/\/grupnexus.com\/es\/wp-json\/wp\/v2\/types\/post"}],"author":[{"embeddable":true,"href":"https:\/\/grupnexus.com\/es\/wp-json\/wp\/v2\/users\/6"}],"replies":[{"embeddable":true,"href":"https:\/\/grupnexus.com\/es\/wp-json\/wp\/v2\/comments?post=39474"}],"version-history":[{"count":2,"href":"https:\/\/grupnexus.com\/es\/wp-json\/wp\/v2\/posts\/39474\/revisions"}],"predecessor-version":[{"id":39477,"href":"https:\/\/grupnexus.com\/es\/wp-json\/wp\/v2\/posts\/39474\/revisions\/39477"}],"wp:featuredmedia":[{"embeddable":true,"href":"https:\/\/grupnexus.com\/es\/wp-json\/wp\/v2\/media\/39435"}],"wp:attachment":[{"href":"https:\/\/grupnexus.com\/es\/wp-json\/wp\/v2\/media?parent=39474"}],"wp:term":[{"taxonomy":"category","embeddable":true,"href":"https:\/\/grupnexus.com\/es\/wp-json\/wp\/v2\/categories?post=39474"},{"taxonomy":"post_tag","embeddable":true,"href":"https:\/\/grupnexus.com\/es\/wp-json\/wp\/v2\/tags?post=39474"}],"curies":[{"name":"wp","href":"https:\/\/api.w.org\/{rel}","templated":true}]}}