{"id":40676,"date":"2019-11-13T12:41:09","date_gmt":"2019-11-13T10:41:09","guid":{"rendered":"https:\/\/www.grupnexus.com\/fira-de-nuvis-estand-clinica-nexus\/"},"modified":"2019-11-13T14:31:49","modified_gmt":"2019-11-13T12:31:49","slug":"fira-de-nuvis-estand-clinica-nexus","status":"publish","type":"post","link":"https:\/\/grupnexus.com\/es\/fira-de-nuvis-estand-clinica-nexus\/","title":{"rendered":"Cl\u00ednica Nexus, especialistas en medicina est\u00e9tica en Fira de Nuvis"},"content":{"rendered":"<p>Este fin de semana, 9 y 10 de noviembre, los novios de Lleida se han acercado a Fira de Nuvis.<\/p>\n<p>Cl\u00ednica Nexus, en exclusiva en <strong>tratamientos medico-est\u00e9ticos,<\/strong> inform\u00f3 a los visitantes sobre todos los tratamientos id\u00f3neos para estar espectacular el d\u00eda de su boda. En un stand donde se respiraba tecnolog\u00eda y confort, sencillez y elegancia, amabilidad y profesionalidad. En definitiva, nuestra esencia.<\/p>\n<p><img loading=\"lazy\" class=\"aligncenter wp-image-40578 size-large\" src=\"https:\/\/grupnexus.com\/wp-content\/uploads\/2019\/11\/estand-1024x768.jpg\" alt=\"\" width=\"1024\" height=\"768\" srcset=\"https:\/\/grupnexus.com\/wp-content\/uploads\/2019\/11\/estand.jpg 1024w, https:\/\/grupnexus.com\/wp-content\/uploads\/2019\/11\/estand-510x383.jpg 510w, https:\/\/grupnexus.com\/wp-content\/uploads\/2019\/11\/estand-300x225.jpg 300w, https:\/\/grupnexus.com\/wp-content\/uploads\/2019\/11\/estand-768x576.jpg 768w, https:\/\/grupnexus.com\/wp-content\/uploads\/2019\/11\/estand-555x416.jpg 555w, https:\/\/grupnexus.com\/wp-content\/uploads\/2019\/11\/estand-360x270.jpg 360w, https:\/\/grupnexus.com\/wp-content\/uploads\/2019\/11\/estand-262x197.jpg 262w\" sizes=\"(max-width: 1024px) 100vw, 1024px\" \/><\/p>\n<p>Hay que anticiparse y prever con tiempo, como tambi\u00e9n lo haces escogiendo espacios, fot\u00f3grafos y dem\u00e1s, como debes cuidarte para lucir una piel radiante y el cuerpo ideal el d\u00eda m\u00e1s importante de tu vida.<\/p>\n<p>Hemos preparado <a href=\"https:\/\/grupnexus.com\/es\/tratamientos\/packs\/packs-novios\/\">programas de 5 meses<\/a> espec\u00edficos para novia, novio y madrinas o damas de honor. <strong>Tratamientos faciales y corporales<\/strong> que te cuidan interiormente y se notan en tu belleza externa. Todos ellos espec\u00edficos para cuando tengas que acudir a una boda.<\/p>\n<p>Cambios naturales, mejoras sutiles y eliminar todo lo que no te gusta puedes conseguirlo con un plan de tratamiento personalizado para ti. Porque t\u00fa eres \u00fanico y \u00fanica.<\/p>\n<p>Disfruta de todo el proceso con tiempo, sin estr\u00e9s ni angustia. \u00a1Y a unos precios incre\u00edbles!<\/p>\n<p><strong>Estas son nuestras propuestas con precios especiales Fira de Nuvis, que puedes contratar hasta el pr\u00f3ximo d\u00eda 22 de noviembre y disfrutarlas cuando te vaya mejor.<\/strong><\/p>\n<p><img loading=\"lazy\" class=\"size-large wp-image-40671 aligncenter\" src=\"https:\/\/grupnexus.com\/wp-content\/uploads\/2019\/11\/promo-complet-678x1024.jpg\" alt=\"\" width=\"678\" height=\"1024\" srcset=\"https:\/\/grupnexus.com\/wp-content\/uploads\/2019\/11\/promo-complet-678x1024.jpg 678w, https:\/\/grupnexus.com\/wp-content\/uploads\/2019\/11\/promo-complet-510x770.jpg 510w, https:\/\/grupnexus.com\/wp-content\/uploads\/2019\/11\/promo-complet-199x300.jpg 199w, https:\/\/grupnexus.com\/wp-content\/uploads\/2019\/11\/promo-complet-768x1160.jpg 768w, https:\/\/grupnexus.com\/wp-content\/uploads\/2019\/11\/promo-complet-509x768.jpg 509w, https:\/\/grupnexus.com\/wp-content\/uploads\/2019\/11\/promo-complet-1140x1721.jpg 1140w, https:\/\/grupnexus.com\/wp-content\/uploads\/2019\/11\/promo-complet-555x838.jpg 555w, https:\/\/grupnexus.com\/wp-content\/uploads\/2019\/11\/promo-complet-360x544.jpg 360w, https:\/\/grupnexus.com\/wp-content\/uploads\/2019\/11\/promo-complet-262x396.jpg 262w, https:\/\/grupnexus.com\/wp-content\/uploads\/2019\/11\/promo-complet.jpg 1204w\" sizes=\"(max-width: 678px) 100vw, 678px\" \/><\/p>\n<p>&nbsp;<\/p>\n<p>El sorteo de 200\u20acuronexus bati\u00f3 records de nuevo, con m\u00e1s de 450 participantes. El Sr. Postu y la Postu Sister fueron los encargados de sacar el boleto ganador, y la afortunada de este a\u00f1o es Montse Sent\u00eds.<\/p>\n<p><img loading=\"lazy\" class=\"size-large wp-image-40582 aligncenter\" src=\"https:\/\/grupnexus.com\/wp-content\/uploads\/2019\/11\/postu-1024x576.jpg\" alt=\"\" width=\"1024\" height=\"576\" srcset=\"https:\/\/grupnexus.com\/wp-content\/uploads\/2019\/11\/postu.jpg 1024w, https:\/\/grupnexus.com\/wp-content\/uploads\/2019\/11\/postu-510x287.jpg 510w, https:\/\/grupnexus.com\/wp-content\/uploads\/2019\/11\/postu-300x169.jpg 300w, https:\/\/grupnexus.com\/wp-content\/uploads\/2019\/11\/postu-768x432.jpg 768w, https:\/\/grupnexus.com\/wp-content\/uploads\/2019\/11\/postu-555x312.jpg 555w, https:\/\/grupnexus.com\/wp-content\/uploads\/2019\/11\/postu-360x203.jpg 360w, https:\/\/grupnexus.com\/wp-content\/uploads\/2019\/11\/postu-262x147.jpg 262w\" sizes=\"(max-width: 1024px) 100vw, 1024px\" \/><\/p>\n<p>&nbsp;<\/p>\n<p>Y la cata de pan con chocolate especial dieta de Lipodiet, tambi\u00e9n encant\u00f3 por su sabor y textura crujiente.<\/p>\n<p><img loading=\"lazy\" class=\"size-large wp-image-40580 aligncenter\" src=\"https:\/\/grupnexus.com\/wp-content\/uploads\/2019\/11\/lipodiet-1024x683.jpg\" alt=\"\" width=\"1024\" height=\"683\" srcset=\"https:\/\/grupnexus.com\/wp-content\/uploads\/2019\/11\/lipodiet.jpg 1024w, https:\/\/grupnexus.com\/wp-content\/uploads\/2019\/11\/lipodiet-510x340.jpg 510w, https:\/\/grupnexus.com\/wp-content\/uploads\/2019\/11\/lipodiet-300x200.jpg 300w, https:\/\/grupnexus.com\/wp-content\/uploads\/2019\/11\/lipodiet-768x512.jpg 768w, https:\/\/grupnexus.com\/wp-content\/uploads\/2019\/11\/lipodiet-555x370.jpg 555w, https:\/\/grupnexus.com\/wp-content\/uploads\/2019\/11\/lipodiet-360x240.jpg 360w, https:\/\/grupnexus.com\/wp-content\/uploads\/2019\/11\/lipodiet-262x175.jpg 262w\" sizes=\"(max-width: 1024px) 100vw, 1024px\" \/><\/p>\n<p>Un a\u00f1o m\u00e1s, gracias a todo el equipo Nexus que lo ha hecho posible, y gracias a todos y todas, que hab\u00e9is confiado en nosotros.<\/p>\n","protected":false},"excerpt":{"rendered":"<p>Este fin de semana, 9 y 10 de noviembre, los novios de Lleida se han acercado a Fira de Nuvis. Cl\u00ednica Nexus, en exclusiva en tratamientos medico-est\u00e9ticos, inform\u00f3 a los visitantes sobre todos los tratamientos id\u00f3neos para estar espectacular el d\u00eda de su boda. En un stand donde se respiraba tecnolog\u00eda y confort, sencillez y&#8230;<\/p>\n","protected":false},"author":6,"featured_media":40674,"comment_status":"closed","ping_status":"closed","sticky":false,"template":"","format":"standard","meta":[],"categories":[2,330,7],"tags":[],"yoast_head":"<!-- This site is optimized with the Yoast SEO plugin v18.6 - https:\/\/yoast.com\/wordpress\/plugins\/seo\/ -->\n<title>Cl\u00ednica Nexus, especialistas en medicina est\u00e9tica en Fira de Nuvis<\/title>\n<meta name=\"robots\" content=\"index, follow, max-snippet:-1, max-image-preview:large, max-video-preview:-1\" \/>\n<link rel=\"canonical\" href=\"https:\/\/grupnexus.com\/es\/fira-de-nuvis-estand-clinica-nexus\/\" \/>\n<meta property=\"og:locale\" content=\"es_ES\" \/>\n<meta property=\"og:type\" content=\"article\" \/>\n<meta property=\"og:title\" content=\"Cl\u00ednica Nexus, especialistas en medicina est\u00e9tica en Fira de Nuvis\" \/>\n<meta property=\"og:description\" content=\"Este fin de semana, 9 y 10 de noviembre, los novios de Lleida se han acercado a Fira de Nuvis. Cl\u00ednica Nexus, en exclusiva en tratamientos medico-est\u00e9ticos, inform\u00f3 a los visitantes sobre todos los tratamientos id\u00f3neos para estar espectacular el d\u00eda de su boda. En un stand donde se respiraba tecnolog\u00eda y confort, sencillez y...\" \/>\n<meta property=\"og:url\" content=\"https:\/\/grupnexus.com\/es\/fira-de-nuvis-estand-clinica-nexus\/\" \/>\n<meta property=\"og:site_name\" content=\"Cl\u00ednica Nexus\" \/>\n<meta property=\"article:published_time\" content=\"2019-11-13T10:41:09+00:00\" \/>\n<meta property=\"article:modified_time\" content=\"2019-11-13T12:31:49+00:00\" \/>\n<meta property=\"og:image\" content=\"https:\/\/i0.wp.com\/grupnexus.com\/wp-content\/uploads\/2019\/11\/team.jpg?fit=1024%2C768&#038;ssl=1\" \/>\n\t<meta property=\"og:image:width\" content=\"1024\" \/>\n\t<meta property=\"og:image:height\" content=\"768\" \/>\n\t<meta property=\"og:image:type\" content=\"image\/jpeg\" \/>\n<meta name=\"twitter:card\" content=\"summary\" \/>\n<meta name=\"twitter:label1\" content=\"Escrito por\" \/>\n\t<meta name=\"twitter:data1\" content=\"Cl\u00ednica Nexus\" \/>\n\t<meta name=\"twitter:label2\" content=\"Tiempo de lectura\" \/>\n\t<meta name=\"twitter:data2\" content=\"2 minutos\" \/>\n<script type=\"application\/ld+json\" class=\"yoast-schema-graph\">{\"@context\":\"https:\/\/schema.org\",\"@graph\":[{\"@type\":\"WebSite\",\"@id\":\"https:\/\/grupnexus.com\/es\/#website\",\"url\":\"https:\/\/grupnexus.com\/es\/\",\"name\":\"Cl\u00ednica Nexus\",\"description\":\"L\u00edders en Medicina Est\u00e8tica Avan\u00e7ada\",\"potentialAction\":[{\"@type\":\"SearchAction\",\"target\":{\"@type\":\"EntryPoint\",\"urlTemplate\":\"https:\/\/grupnexus.com\/es\/?s={search_term_string}\"},\"query-input\":\"required name=search_term_string\"}],\"inLanguage\":\"es\"},{\"@type\":\"ImageObject\",\"@id\":\"https:\/\/grupnexus.com\/es\/fira-de-nuvis-estand-clinica-nexus\/#primaryimage\",\"inLanguage\":\"es\",\"url\":\"https:\/\/grupnexus.com\/wp-content\/uploads\/2019\/11\/team.jpg\",\"contentUrl\":\"https:\/\/grupnexus.com\/wp-content\/uploads\/2019\/11\/team.jpg\",\"width\":1024,\"height\":768},{\"@type\":\"WebPage\",\"@id\":\"https:\/\/grupnexus.com\/es\/fira-de-nuvis-estand-clinica-nexus\/#webpage\",\"url\":\"https:\/\/grupnexus.com\/es\/fira-de-nuvis-estand-clinica-nexus\/\",\"name\":\"Cl\u00ednica Nexus, especialistas en medicina est\u00e9tica en Fira de Nuvis\",\"isPartOf\":{\"@id\":\"https:\/\/grupnexus.com\/es\/#website\"},\"primaryImageOfPage\":{\"@id\":\"https:\/\/grupnexus.com\/es\/fira-de-nuvis-estand-clinica-nexus\/#primaryimage\"},\"datePublished\":\"2019-11-13T10:41:09+00:00\",\"dateModified\":\"2019-11-13T12:31:49+00:00\",\"author\":{\"@id\":\"https:\/\/grupnexus.com\/es\/#\/schema\/person\/7d42f30e6bd203d23a2c1613b51145c3\"},\"breadcrumb\":{\"@id\":\"https:\/\/grupnexus.com\/es\/fira-de-nuvis-estand-clinica-nexus\/#breadcrumb\"},\"inLanguage\":\"es\",\"potentialAction\":[{\"@type\":\"ReadAction\",\"target\":[\"https:\/\/grupnexus.com\/es\/fira-de-nuvis-estand-clinica-nexus\/\"]}]},{\"@type\":\"BreadcrumbList\",\"@id\":\"https:\/\/grupnexus.com\/es\/fira-de-nuvis-estand-clinica-nexus\/#breadcrumb\",\"itemListElement\":[{\"@type\":\"ListItem\",\"position\":1,\"name\":\"Portada\",\"item\":\"https:\/\/grupnexus.com\/es\/\"},{\"@type\":\"ListItem\",\"position\":2,\"name\":\"Cl\u00ednica Nexus, especialistas en medicina est\u00e9tica en Fira de Nuvis\"}]},{\"@type\":\"Person\",\"@id\":\"https:\/\/grupnexus.com\/es\/#\/schema\/person\/7d42f30e6bd203d23a2c1613b51145c3\",\"name\":\"Cl\u00ednica Nexus\",\"image\":{\"@type\":\"ImageObject\",\"@id\":\"https:\/\/grupnexus.com\/es\/#personlogo\",\"inLanguage\":\"es\",\"url\":\"https:\/\/secure.gravatar.com\/avatar\/f1f98ef0d641a3a6af0accea5a5971ef?s=96&d=mm&r=g\",\"contentUrl\":\"https:\/\/secure.gravatar.com\/avatar\/f1f98ef0d641a3a6af0accea5a5971ef?s=96&d=mm&r=g\",\"caption\":\"Cl\u00ednica Nexus\"}}]}<\/script>\n<!-- \/ Yoast SEO plugin. -->","yoast_head_json":{"title":"Cl\u00ednica Nexus, especialistas en medicina est\u00e9tica en Fira de Nuvis","robots":{"index":"index","follow":"follow","max-snippet":"max-snippet:-1","max-image-preview":"max-image-preview:large","max-video-preview":"max-video-preview:-1"},"canonical":"https:\/\/grupnexus.com\/es\/fira-de-nuvis-estand-clinica-nexus\/","og_locale":"es_ES","og_type":"article","og_title":"Cl\u00ednica Nexus, especialistas en medicina est\u00e9tica en Fira de Nuvis","og_description":"Este fin de semana, 9 y 10 de noviembre, los novios de Lleida se han acercado a Fira de Nuvis. Cl\u00ednica Nexus, en exclusiva en tratamientos medico-est\u00e9ticos, inform\u00f3 a los visitantes sobre todos los tratamientos id\u00f3neos para estar espectacular el d\u00eda de su boda. En un stand donde se respiraba tecnolog\u00eda y confort, sencillez y...","og_url":"https:\/\/grupnexus.com\/es\/fira-de-nuvis-estand-clinica-nexus\/","og_site_name":"Cl\u00ednica Nexus","article_published_time":"2019-11-13T10:41:09+00:00","article_modified_time":"2019-11-13T12:31:49+00:00","og_image":[{"width":1024,"height":768,"url":"https:\/\/i0.wp.com\/grupnexus.com\/wp-content\/uploads\/2019\/11\/team.jpg?fit=1024%2C768&ssl=1","type":"image\/jpeg"}],"twitter_card":"summary","twitter_misc":{"Escrito por":"Cl\u00ednica Nexus","Tiempo de lectura":"2 minutos"},"schema":{"@context":"https:\/\/schema.org","@graph":[{"@type":"WebSite","@id":"https:\/\/grupnexus.com\/es\/#website","url":"https:\/\/grupnexus.com\/es\/","name":"Cl\u00ednica Nexus","description":"L\u00edders en Medicina Est\u00e8tica Avan\u00e7ada","potentialAction":[{"@type":"SearchAction","target":{"@type":"EntryPoint","urlTemplate":"https:\/\/grupnexus.com\/es\/?s={search_term_string}"},"query-input":"required name=search_term_string"}],"inLanguage":"es"},{"@type":"ImageObject","@id":"https:\/\/grupnexus.com\/es\/fira-de-nuvis-estand-clinica-nexus\/#primaryimage","inLanguage":"es","url":"https:\/\/grupnexus.com\/wp-content\/uploads\/2019\/11\/team.jpg","contentUrl":"https:\/\/grupnexus.com\/wp-content\/uploads\/2019\/11\/team.jpg","width":1024,"height":768},{"@type":"WebPage","@id":"https:\/\/grupnexus.com\/es\/fira-de-nuvis-estand-clinica-nexus\/#webpage","url":"https:\/\/grupnexus.com\/es\/fira-de-nuvis-estand-clinica-nexus\/","name":"Cl\u00ednica Nexus, especialistas en medicina est\u00e9tica en Fira de Nuvis","isPartOf":{"@id":"https:\/\/grupnexus.com\/es\/#website"},"primaryImageOfPage":{"@id":"https:\/\/grupnexus.com\/es\/fira-de-nuvis-estand-clinica-nexus\/#primaryimage"},"datePublished":"2019-11-13T10:41:09+00:00","dateModified":"2019-11-13T12:31:49+00:00","author":{"@id":"https:\/\/grupnexus.com\/es\/#\/schema\/person\/7d42f30e6bd203d23a2c1613b51145c3"},"breadcrumb":{"@id":"https:\/\/grupnexus.com\/es\/fira-de-nuvis-estand-clinica-nexus\/#breadcrumb"},"inLanguage":"es","potentialAction":[{"@type":"ReadAction","target":["https:\/\/grupnexus.com\/es\/fira-de-nuvis-estand-clinica-nexus\/"]}]},{"@type":"BreadcrumbList","@id":"https:\/\/grupnexus.com\/es\/fira-de-nuvis-estand-clinica-nexus\/#breadcrumb","itemListElement":[{"@type":"ListItem","position":1,"name":"Portada","item":"https:\/\/grupnexus.com\/es\/"},{"@type":"ListItem","position":2,"name":"Cl\u00ednica Nexus, especialistas en medicina est\u00e9tica en Fira de Nuvis"}]},{"@type":"Person","@id":"https:\/\/grupnexus.com\/es\/#\/schema\/person\/7d42f30e6bd203d23a2c1613b51145c3","name":"Cl\u00ednica Nexus","image":{"@type":"ImageObject","@id":"https:\/\/grupnexus.com\/es\/#personlogo","inLanguage":"es","url":"https:\/\/secure.gravatar.com\/avatar\/f1f98ef0d641a3a6af0accea5a5971ef?s=96&d=mm&r=g","contentUrl":"https:\/\/secure.gravatar.com\/avatar\/f1f98ef0d641a3a6af0accea5a5971ef?s=96&d=mm&r=g","caption":"Cl\u00ednica Nexus"}}]}},"_links":{"self":[{"href":"https:\/\/grupnexus.com\/es\/wp-json\/wp\/v2\/posts\/40676"}],"collection":[{"href":"https:\/\/grupnexus.com\/es\/wp-json\/wp\/v2\/posts"}],"about":[{"href":"https:\/\/grupnexus.com\/es\/wp-json\/wp\/v2\/types\/post"}],"author":[{"embeddable":true,"href":"https:\/\/grupnexus.com\/es\/wp-json\/wp\/v2\/users\/6"}],"replies":[{"embeddable":true,"href":"https:\/\/grupnexus.com\/es\/wp-json\/wp\/v2\/comments?post=40676"}],"version-history":[{"count":2,"href":"https:\/\/grupnexus.com\/es\/wp-json\/wp\/v2\/posts\/40676\/revisions"}],"predecessor-version":[{"id":40686,"href":"https:\/\/grupnexus.com\/es\/wp-json\/wp\/v2\/posts\/40676\/revisions\/40686"}],"wp:featuredmedia":[{"embeddable":true,"href":"https:\/\/grupnexus.com\/es\/wp-json\/wp\/v2\/media\/40674"}],"wp:attachment":[{"href":"https:\/\/grupnexus.com\/es\/wp-json\/wp\/v2\/media?parent=40676"}],"wp:term":[{"taxonomy":"category","embeddable":true,"href":"https:\/\/grupnexus.com\/es\/wp-json\/wp\/v2\/categories?post=40676"},{"taxonomy":"post_tag","embeddable":true,"href":"https:\/\/grupnexus.com\/es\/wp-json\/wp\/v2\/tags?post=40676"}],"curies":[{"name":"wp","href":"https:\/\/api.w.org\/{rel}","templated":true}]}}