{"id":41427,"date":"2019-12-04T10:16:59","date_gmt":"2019-12-04T08:16:59","guid":{"rendered":"https:\/\/www.grupnexus.com\/?p=41427"},"modified":"2019-12-09T12:42:34","modified_gmt":"2019-12-09T10:42:34","slug":"trasplante-capilar-testimonio-francesc-martinez","status":"publish","type":"post","link":"https:\/\/grupnexus.com\/es\/trasplante-capilar-testimonio-francesc-martinez\/","title":{"rendered":"Francesc Mart\u00ednez: \u00abGracias al trasplante capilar de Cl\u00ednica Nexus, he vuelto a ser yo mismo\u00bb"},"content":{"rendered":"<p>La ca\u00edda del cabello es un problema que afecta a muchos j\u00f3venes y a la mitad de los hombres a partir de los 50 a\u00f1os; una situaci\u00f3n que influye en la autoestima y la imagen de muchos de ellos. Consciente de esta necesidad que cada vez va m\u00e1s en aumento, <strong>en Cl\u00ednica Nexus hemos cerrado acuerdos de colaboraci\u00f3n con cl\u00ednicas y profesionales referentes de este \u00e1mbito, en Barcelona y Estambul (Turqu\u00eda), con exclusividad en Lleida y provincia,<\/strong> y as\u00ed dar respuesta y un servicio minucioso a los pacientes que nos lo piden.<\/p>\n<p>Ofrecemos las dos t\u00e9cnicas m\u00e1s efectivas, <strong>FUE Zafiro y DHI<\/strong>, realizadas siempre por un equipo m\u00e9dico especializado, con m\u00e1s de 15 a\u00f1os de experiencia. En este caso se llev\u00f3 a cabo la t\u00e9cnica Fue Zafiro en la <strong>Cl\u00ednica Estechic. Surgery &amp; Hair Trasplant de Estambul (Turqu\u00eda).<\/strong><\/p>\n<p>Nuestro testimonio de hoy, Francesc Mart\u00ednez, hac\u00eda tiempo que lo ten\u00eda en mente, y con 60 a\u00f1os ha querido sentirse mejor consigo mismo realiz\u00e1ndose la intervenci\u00f3n. A continuaci\u00f3n, nos cuenta su experiencia:<\/p>\n<p><strong>\u00abEntre los 40-45 a\u00f1os me empez\u00f3 a caer el cabello<\/strong>, primero por la parte delantera y luego la coronilla. Aunque no me afectaba, mi familia me animaba a hacerme la intervenci\u00f3n, pero no me lo planteaba seriamente. Y no ha sido hasta ahora, que tengo 60 a\u00f1os, que he dado el paso a realizarme el trasplante capilar, <strong>gracias a Cl\u00ednica Nexus y la directora del centro, Montse Monjo.<\/strong> La idea surgi\u00f3 cuando fui a una de mis sesiones de depilaci\u00f3n l\u00e1ser m\u00e9dica y le expliqu\u00e9 a Montse mi caso. Entonces, el equipo m\u00e9dico me hizo un diagn\u00f3stico capilar espec\u00edfico, valorando que efectivamente, era el m\u00e1s adecuado para solucionar de manera definitiva mi alopecia. Me explicaron y asesoraron sobre las ventajas de esta intervenci\u00f3n y de la profesionalidad del equipo de la cl\u00ednica colaboradora de Turqu\u00eda. <strong>\u00a1Saber que Cl\u00ednica Nexus me acompa\u00f1ar\u00eda durante todo el proceso, me dio toda la seguridad que necesitaba! \u00ab<\/strong><\/p>\n<p>\u00abLa intervenci\u00f3n es una <strong>t\u00e9cnica que extrae fol\u00edculos del \u00e1rea donante<\/strong> (la nuca superior) sin da\u00f1ar el bulbo, se seleccionan los mejores y <strong>se injertan en la zona receptora<\/strong>, en mi caso en la parte delantera y la coronilla. Se realiza bajo <strong>anestesia local<\/strong> y la duraci\u00f3n de mi intervenci\u00f3n fue considerable, ya que me pusieron m\u00e1s de 5000 fol\u00edculos capilares. En cuanto al <strong>m\u00e9todo, es totalmente seguro y casi indoloro<\/strong>, sientes alguna molestia, pero realmente es incomodidad porque est\u00e1s con la misma posici\u00f3n durante varias horas. \u00bb<\/p>\n<p>\u00abAunque los resultados finales se ven al a\u00f1o, a los 4 meses ya son muy apreciables y se va viendo una mejora gradual <em>in crescendo<\/em> d\u00eda tras d\u00eda. Estoy muy contento porque <strong>en un mes y medio voy viendo como crece el cabello<\/strong> en las zonas donde no ten\u00eda. Para reforzar las ra\u00edces y los implantes, estoy utilizando unos <strong>champ\u00fas especiales <\/strong>y realiz\u00e1ndome sesiones mensuales de<strong> Plasma rico en factores de crecimiento en Cl\u00ednica Nexus. \u00ab<\/strong><\/p>\n<blockquote><p>\u00abLo recomiendo a todas aquellas personas que no se sientan bien teniendo poco cabello, ya que si te pones en manos de profesionales experimentados es una intervenci\u00f3n muy efectiva, con resultados definitivos y sin riesgos.\u00bb<\/p><\/blockquote>\n","protected":false},"excerpt":{"rendered":"<p>La ca\u00edda del cabello es un problema que afecta a muchos j\u00f3venes y a la mitad de los hombres a partir de los 50 a\u00f1os; una situaci\u00f3n que influye en la autoestima y la imagen de muchos de ellos. Consciente de esta necesidad que cada vez va m\u00e1s en aumento, en Cl\u00ednica Nexus hemos cerrado&#8230;<\/p>\n","protected":false},"author":6,"featured_media":0,"comment_status":"closed","ping_status":"closed","sticky":false,"template":"","format":"video","meta":[],"categories":[2,330,464],"tags":[],"yoast_head":"<!-- This site is optimized with the Yoast SEO plugin v18.6 - https:\/\/yoast.com\/wordpress\/plugins\/seo\/ -->\n<title>Trasplante capilar Lleida: testimonio Francesc Martinez<\/title>\n<meta name=\"robots\" content=\"index, follow, max-snippet:-1, max-image-preview:large, max-video-preview:-1\" \/>\n<link rel=\"canonical\" href=\"https:\/\/grupnexus.com\/es\/trasplante-capilar-testimonio-francesc-martinez\/\" \/>\n<meta property=\"og:locale\" content=\"es_ES\" \/>\n<meta property=\"og:type\" content=\"article\" \/>\n<meta property=\"og:title\" content=\"Trasplante capilar Lleida: testimonio Francesc Martinez\" \/>\n<meta property=\"og:description\" content=\"La ca\u00edda del cabello es un problema que afecta a muchos j\u00f3venes y a la mitad de los hombres a partir de los 50 a\u00f1os; una situaci\u00f3n que influye en la autoestima y la imagen de muchos de ellos. Consciente de esta necesidad que cada vez va m\u00e1s en aumento, en Cl\u00ednica Nexus hemos cerrado...\" \/>\n<meta property=\"og:url\" content=\"https:\/\/grupnexus.com\/es\/trasplante-capilar-testimonio-francesc-martinez\/\" \/>\n<meta property=\"og:site_name\" content=\"Cl\u00ednica Nexus\" \/>\n<meta property=\"article:published_time\" content=\"2019-12-04T08:16:59+00:00\" \/>\n<meta property=\"article:modified_time\" content=\"2019-12-09T10:42:34+00:00\" \/>\n<meta name=\"twitter:card\" content=\"summary\" \/>\n<meta name=\"twitter:label1\" content=\"Escrito por\" \/>\n\t<meta name=\"twitter:data1\" content=\"Cl\u00ednica Nexus\" \/>\n\t<meta name=\"twitter:label2\" content=\"Tiempo de lectura\" \/>\n\t<meta name=\"twitter:data2\" content=\"3 minutos\" \/>\n<script type=\"application\/ld+json\" class=\"yoast-schema-graph\">{\"@context\":\"https:\/\/schema.org\",\"@graph\":[{\"@type\":\"WebSite\",\"@id\":\"https:\/\/grupnexus.com\/es\/#website\",\"url\":\"https:\/\/grupnexus.com\/es\/\",\"name\":\"Cl\u00ednica Nexus\",\"description\":\"L\u00edders en Medicina Est\u00e8tica Avan\u00e7ada\",\"potentialAction\":[{\"@type\":\"SearchAction\",\"target\":{\"@type\":\"EntryPoint\",\"urlTemplate\":\"https:\/\/grupnexus.com\/es\/?s={search_term_string}\"},\"query-input\":\"required name=search_term_string\"}],\"inLanguage\":\"es\"},{\"@type\":\"WebPage\",\"@id\":\"https:\/\/grupnexus.com\/es\/trasplante-capilar-testimonio-francesc-martinez\/#webpage\",\"url\":\"https:\/\/grupnexus.com\/es\/trasplante-capilar-testimonio-francesc-martinez\/\",\"name\":\"Trasplante capilar Lleida: testimonio Francesc Martinez\",\"isPartOf\":{\"@id\":\"https:\/\/grupnexus.com\/es\/#website\"},\"datePublished\":\"2019-12-04T08:16:59+00:00\",\"dateModified\":\"2019-12-09T10:42:34+00:00\",\"author\":{\"@id\":\"https:\/\/grupnexus.com\/es\/#\/schema\/person\/7d42f30e6bd203d23a2c1613b51145c3\"},\"breadcrumb\":{\"@id\":\"https:\/\/grupnexus.com\/es\/trasplante-capilar-testimonio-francesc-martinez\/#breadcrumb\"},\"inLanguage\":\"es\",\"potentialAction\":[{\"@type\":\"ReadAction\",\"target\":[\"https:\/\/grupnexus.com\/es\/trasplante-capilar-testimonio-francesc-martinez\/\"]}]},{\"@type\":\"BreadcrumbList\",\"@id\":\"https:\/\/grupnexus.com\/es\/trasplante-capilar-testimonio-francesc-martinez\/#breadcrumb\",\"itemListElement\":[{\"@type\":\"ListItem\",\"position\":1,\"name\":\"Portada\",\"item\":\"https:\/\/grupnexus.com\/es\/\"},{\"@type\":\"ListItem\",\"position\":2,\"name\":\"Francesc Mart\u00ednez: &#8220;Gracias al trasplante capilar de Cl\u00ednica Nexus, he vuelto a ser yo mismo&#8221;\"}]},{\"@type\":\"Person\",\"@id\":\"https:\/\/grupnexus.com\/es\/#\/schema\/person\/7d42f30e6bd203d23a2c1613b51145c3\",\"name\":\"Cl\u00ednica Nexus\",\"image\":{\"@type\":\"ImageObject\",\"@id\":\"https:\/\/grupnexus.com\/es\/#personlogo\",\"inLanguage\":\"es\",\"url\":\"https:\/\/secure.gravatar.com\/avatar\/f1f98ef0d641a3a6af0accea5a5971ef?s=96&d=mm&r=g\",\"contentUrl\":\"https:\/\/secure.gravatar.com\/avatar\/f1f98ef0d641a3a6af0accea5a5971ef?s=96&d=mm&r=g\",\"caption\":\"Cl\u00ednica Nexus\"}}]}<\/script>\n<!-- \/ Yoast SEO plugin. -->","yoast_head_json":{"title":"Trasplante capilar Lleida: testimonio Francesc Martinez","robots":{"index":"index","follow":"follow","max-snippet":"max-snippet:-1","max-image-preview":"max-image-preview:large","max-video-preview":"max-video-preview:-1"},"canonical":"https:\/\/grupnexus.com\/es\/trasplante-capilar-testimonio-francesc-martinez\/","og_locale":"es_ES","og_type":"article","og_title":"Trasplante capilar Lleida: testimonio Francesc Martinez","og_description":"La ca\u00edda del cabello es un problema que afecta a muchos j\u00f3venes y a la mitad de los hombres a partir de los 50 a\u00f1os; una situaci\u00f3n que influye en la autoestima y la imagen de muchos de ellos. Consciente de esta necesidad que cada vez va m\u00e1s en aumento, en Cl\u00ednica Nexus hemos cerrado...","og_url":"https:\/\/grupnexus.com\/es\/trasplante-capilar-testimonio-francesc-martinez\/","og_site_name":"Cl\u00ednica Nexus","article_published_time":"2019-12-04T08:16:59+00:00","article_modified_time":"2019-12-09T10:42:34+00:00","twitter_card":"summary","twitter_misc":{"Escrito por":"Cl\u00ednica Nexus","Tiempo de lectura":"3 minutos"},"schema":{"@context":"https:\/\/schema.org","@graph":[{"@type":"WebSite","@id":"https:\/\/grupnexus.com\/es\/#website","url":"https:\/\/grupnexus.com\/es\/","name":"Cl\u00ednica Nexus","description":"L\u00edders en Medicina Est\u00e8tica Avan\u00e7ada","potentialAction":[{"@type":"SearchAction","target":{"@type":"EntryPoint","urlTemplate":"https:\/\/grupnexus.com\/es\/?s={search_term_string}"},"query-input":"required name=search_term_string"}],"inLanguage":"es"},{"@type":"WebPage","@id":"https:\/\/grupnexus.com\/es\/trasplante-capilar-testimonio-francesc-martinez\/#webpage","url":"https:\/\/grupnexus.com\/es\/trasplante-capilar-testimonio-francesc-martinez\/","name":"Trasplante capilar Lleida: testimonio Francesc Martinez","isPartOf":{"@id":"https:\/\/grupnexus.com\/es\/#website"},"datePublished":"2019-12-04T08:16:59+00:00","dateModified":"2019-12-09T10:42:34+00:00","author":{"@id":"https:\/\/grupnexus.com\/es\/#\/schema\/person\/7d42f30e6bd203d23a2c1613b51145c3"},"breadcrumb":{"@id":"https:\/\/grupnexus.com\/es\/trasplante-capilar-testimonio-francesc-martinez\/#breadcrumb"},"inLanguage":"es","potentialAction":[{"@type":"ReadAction","target":["https:\/\/grupnexus.com\/es\/trasplante-capilar-testimonio-francesc-martinez\/"]}]},{"@type":"BreadcrumbList","@id":"https:\/\/grupnexus.com\/es\/trasplante-capilar-testimonio-francesc-martinez\/#breadcrumb","itemListElement":[{"@type":"ListItem","position":1,"name":"Portada","item":"https:\/\/grupnexus.com\/es\/"},{"@type":"ListItem","position":2,"name":"Francesc Mart\u00ednez: &#8220;Gracias al trasplante capilar de Cl\u00ednica Nexus, he vuelto a ser yo mismo&#8221;"}]},{"@type":"Person","@id":"https:\/\/grupnexus.com\/es\/#\/schema\/person\/7d42f30e6bd203d23a2c1613b51145c3","name":"Cl\u00ednica Nexus","image":{"@type":"ImageObject","@id":"https:\/\/grupnexus.com\/es\/#personlogo","inLanguage":"es","url":"https:\/\/secure.gravatar.com\/avatar\/f1f98ef0d641a3a6af0accea5a5971ef?s=96&d=mm&r=g","contentUrl":"https:\/\/secure.gravatar.com\/avatar\/f1f98ef0d641a3a6af0accea5a5971ef?s=96&d=mm&r=g","caption":"Cl\u00ednica Nexus"}}]}},"_links":{"self":[{"href":"https:\/\/grupnexus.com\/es\/wp-json\/wp\/v2\/posts\/41427"}],"collection":[{"href":"https:\/\/grupnexus.com\/es\/wp-json\/wp\/v2\/posts"}],"about":[{"href":"https:\/\/grupnexus.com\/es\/wp-json\/wp\/v2\/types\/post"}],"author":[{"embeddable":true,"href":"https:\/\/grupnexus.com\/es\/wp-json\/wp\/v2\/users\/6"}],"replies":[{"embeddable":true,"href":"https:\/\/grupnexus.com\/es\/wp-json\/wp\/v2\/comments?post=41427"}],"version-history":[{"count":4,"href":"https:\/\/grupnexus.com\/es\/wp-json\/wp\/v2\/posts\/41427\/revisions"}],"predecessor-version":[{"id":41681,"href":"https:\/\/grupnexus.com\/es\/wp-json\/wp\/v2\/posts\/41427\/revisions\/41681"}],"wp:attachment":[{"href":"https:\/\/grupnexus.com\/es\/wp-json\/wp\/v2\/media?parent=41427"}],"wp:term":[{"taxonomy":"category","embeddable":true,"href":"https:\/\/grupnexus.com\/es\/wp-json\/wp\/v2\/categories?post=41427"},{"taxonomy":"post_tag","embeddable":true,"href":"https:\/\/grupnexus.com\/es\/wp-json\/wp\/v2\/tags?post=41427"}],"curies":[{"name":"wp","href":"https:\/\/api.w.org\/{rel}","templated":true}]}}