{"id":41964,"date":"2019-12-16T16:08:53","date_gmt":"2019-12-16T14:08:53","guid":{"rendered":"https:\/\/www.grupnexus.com\/pujada-seu-vella-2019-marato-2019\/"},"modified":"2019-12-16T16:14:32","modified_gmt":"2019-12-16T14:14:32","slug":"pujada-seu-vella-2019-marato-2019","status":"publish","type":"post","link":"https:\/\/grupnexus.com\/es\/pujada-seu-vella-2019-marato-2019\/","title":{"rendered":"NexusSolidari a favor de la Marat\u00f3 de TV3 y la XXXIX Pujada a la Seu Vella"},"content":{"rendered":"<p>El fin de semana del 14 y 15 de diciembre, <strong>NexusSolidari<\/strong> ha colaborado, una vez m\u00e1s, en acciones ben\u00e9ficas y solidarias a favor de la <strong>Marat\u00f3 de TV3 y CatRadio<\/strong> de este a\u00f1o, a favor de las enfermedades minoritarias.<\/p>\n<p>Por un lado, gracias a la organizaci\u00f3n de diversas <strong>acciones por parte de guarder\u00edas de Lleida, Mollerussa y T\u00e0rrega<\/strong>, Cl\u00ednica Nexus ha contribuido en sus rifas y sorteos con tarjetas regalos a canjear por tratamientos. El dinero recaudado por las escuelas se ha destinado a la Marat\u00f3.<\/p>\n<p>Por otra parte, el domingo 15 de diciembre, se celebraba la <strong>39\u00aa Pujada a la Seu Vella<\/strong>. Los donativos aportados por personas, instituciones y empresas como nosotros han conseguido una <strong>aportaci\u00f3n \u00edntegra de m\u00e1s de 800 \u20ac para la Marat\u00f3<\/strong>.<\/p>\n<p><img loading=\"lazy\" class=\"aligncenter size-full wp-image-41957\" src=\"https:\/\/grupnexus.com\/wp-content\/uploads\/2019\/12\/Pujada-Seu-Vella.jpg\" alt=\"Pujada seu vella\" width=\"764\" height=\"507\" srcset=\"https:\/\/grupnexus.com\/wp-content\/uploads\/2019\/12\/Pujada-Seu-Vella.jpg 764w, https:\/\/grupnexus.com\/wp-content\/uploads\/2019\/12\/Pujada-Seu-Vella-510x338.jpg 510w, https:\/\/grupnexus.com\/wp-content\/uploads\/2019\/12\/Pujada-Seu-Vella-300x199.jpg 300w, https:\/\/grupnexus.com\/wp-content\/uploads\/2019\/12\/Pujada-Seu-Vella-555x368.jpg 555w, https:\/\/grupnexus.com\/wp-content\/uploads\/2019\/12\/Pujada-Seu-Vella-360x240.jpg 360w, https:\/\/grupnexus.com\/wp-content\/uploads\/2019\/12\/Pujada-Seu-Vella-262x175.jpg 262w\" sizes=\"(max-width: 764px) 100vw, 764px\" \/><\/p>\n<p><strong>M\u00e1s de 9 millones daba el recuento del marcador en esta 28\u00aa edici\u00f3n<\/strong>, y Cl\u00ednica Nexus orgullosa de poder aportar nuestro granito de arena. Peque\u00f1as acciones promueven grandes resultados, y tal como dec\u00eda el lema de este a\u00f1o: <strong>\u00abUna minor\u00eda que hacen una mayor\u00eda\u00bb.<\/strong><\/p>\n<p>Dos lecturas para este lema, la primera es que la m\u00e1s m\u00ednima aportaci\u00f3n suma y juntos hemos conseguido este gran logro; y la segunda lectura es que las enfermedades minoritarias, a pesar de ser poco frecuentes (m\u00e1ximo 5 personas por cada 10.000 habitantes), se estima que el conjunto de personas afectadas por este tipo de enfermedades son unas 400.000 en Catalu\u00f1a, 3 millones en Espa\u00f1a y 30 millones en Europa aproximadamente, por tanto, un n\u00famero considerable de personas las padecen.<\/p>\n<p>&nbsp;<\/p>\n<p><strong>Son enfermedades graves, cr\u00f3nicas y alguna vez discapacitantes, de ah\u00ed que luchamos para que una investigaci\u00f3n digna haga que no sean tan dif\u00edciles de diagnosticar ni de tratar.<\/strong><\/p>\n<p>&nbsp;<\/p>\n<p><img loading=\"lazy\" class=\"aligncenter size-full wp-image-41959\" src=\"https:\/\/grupnexus.com\/wp-content\/uploads\/2019\/12\/Cartell-Marat\u00f3-2019.png\" alt=\"Marat\u00f3 2019\" width=\"1014\" height=\"570\" srcset=\"https:\/\/grupnexus.com\/wp-content\/uploads\/2019\/12\/Cartell-Marat\u00f3-2019.png 1014w, https:\/\/grupnexus.com\/wp-content\/uploads\/2019\/12\/Cartell-Marat\u00f3-2019-510x287.png 510w, https:\/\/grupnexus.com\/wp-content\/uploads\/2019\/12\/Cartell-Marat\u00f3-2019-300x169.png 300w, https:\/\/grupnexus.com\/wp-content\/uploads\/2019\/12\/Cartell-Marat\u00f3-2019-768x432.png 768w, https:\/\/grupnexus.com\/wp-content\/uploads\/2019\/12\/Cartell-Marat\u00f3-2019-555x312.png 555w, https:\/\/grupnexus.com\/wp-content\/uploads\/2019\/12\/Cartell-Marat\u00f3-2019-360x202.png 360w, https:\/\/grupnexus.com\/wp-content\/uploads\/2019\/12\/Cartell-Marat\u00f3-2019-262x147.png 262w\" sizes=\"(max-width: 1014px) 100vw, 1014px\" \/><\/p>\n","protected":false},"excerpt":{"rendered":"<p>El fin de semana del 14 y 15 de diciembre, NexusSolidari ha colaborado, una vez m\u00e1s, en acciones ben\u00e9ficas y solidarias a favor de la Marat\u00f3 de TV3 y CatRadio de este a\u00f1o, a favor de las enfermedades minoritarias. Por un lado, gracias a la organizaci\u00f3n de diversas acciones por parte de guarder\u00edas de Lleida,&#8230;<\/p>\n","protected":false},"author":6,"featured_media":41962,"comment_status":"closed","ping_status":"closed","sticky":false,"template":"","format":"standard","meta":[],"categories":[2,330,358],"tags":[],"yoast_head":"<!-- This site is optimized with the Yoast SEO plugin v18.6 - https:\/\/yoast.com\/wordpress\/plugins\/seo\/ -->\n<title>NexusSolidari a favor de la Marat\u00f3 de TV3 y la XXXIX Pujada a la Seu Vella<\/title>\n<meta name=\"robots\" content=\"index, follow, max-snippet:-1, max-image-preview:large, max-video-preview:-1\" \/>\n<link rel=\"canonical\" href=\"https:\/\/grupnexus.com\/es\/pujada-seu-vella-2019-marato-2019\/\" \/>\n<meta property=\"og:locale\" content=\"es_ES\" \/>\n<meta property=\"og:type\" content=\"article\" \/>\n<meta property=\"og:title\" content=\"NexusSolidari a favor de la Marat\u00f3 de TV3 y la XXXIX Pujada a la Seu Vella\" \/>\n<meta property=\"og:description\" content=\"El fin de semana del 14 y 15 de diciembre, NexusSolidari ha colaborado, una vez m\u00e1s, en acciones ben\u00e9ficas y solidarias a favor de la Marat\u00f3 de TV3 y CatRadio de este a\u00f1o, a favor de las enfermedades minoritarias. Por un lado, gracias a la organizaci\u00f3n de diversas acciones por parte de guarder\u00edas de Lleida,...\" \/>\n<meta property=\"og:url\" content=\"https:\/\/grupnexus.com\/es\/pujada-seu-vella-2019-marato-2019\/\" \/>\n<meta property=\"og:site_name\" content=\"Cl\u00ednica Nexus\" \/>\n<meta property=\"article:published_time\" content=\"2019-12-16T14:08:53+00:00\" \/>\n<meta property=\"article:modified_time\" content=\"2019-12-16T14:14:32+00:00\" \/>\n<meta property=\"og:image\" content=\"https:\/\/i0.wp.com\/grupnexus.com\/wp-content\/uploads\/2019\/12\/Cartell-Marat\u00f3-2019_2.png?fit=992%2C558&#038;ssl=1\" \/>\n\t<meta property=\"og:image:width\" content=\"992\" \/>\n\t<meta property=\"og:image:height\" content=\"558\" \/>\n\t<meta property=\"og:image:type\" content=\"image\/png\" \/>\n<meta name=\"twitter:card\" content=\"summary\" \/>\n<meta name=\"twitter:label1\" content=\"Escrito por\" \/>\n\t<meta name=\"twitter:data1\" content=\"Cl\u00ednica Nexus\" \/>\n\t<meta name=\"twitter:label2\" content=\"Tiempo de lectura\" \/>\n\t<meta name=\"twitter:data2\" content=\"1 minuto\" \/>\n<script type=\"application\/ld+json\" class=\"yoast-schema-graph\">{\"@context\":\"https:\/\/schema.org\",\"@graph\":[{\"@type\":\"WebSite\",\"@id\":\"https:\/\/grupnexus.com\/es\/#website\",\"url\":\"https:\/\/grupnexus.com\/es\/\",\"name\":\"Cl\u00ednica Nexus\",\"description\":\"L\u00edders en Medicina Est\u00e8tica Avan\u00e7ada\",\"potentialAction\":[{\"@type\":\"SearchAction\",\"target\":{\"@type\":\"EntryPoint\",\"urlTemplate\":\"https:\/\/grupnexus.com\/es\/?s={search_term_string}\"},\"query-input\":\"required name=search_term_string\"}],\"inLanguage\":\"es\"},{\"@type\":\"ImageObject\",\"@id\":\"https:\/\/grupnexus.com\/es\/pujada-seu-vella-2019-marato-2019\/#primaryimage\",\"inLanguage\":\"es\",\"url\":\"https:\/\/grupnexus.com\/wp-content\/uploads\/2019\/12\/Cartell-Marat\u00f3-2019_2.png\",\"contentUrl\":\"https:\/\/grupnexus.com\/wp-content\/uploads\/2019\/12\/Cartell-Marat\u00f3-2019_2.png\",\"width\":992,\"height\":558,\"caption\":\"Recaudaci\u00f3 marat\u00f3\"},{\"@type\":\"WebPage\",\"@id\":\"https:\/\/grupnexus.com\/es\/pujada-seu-vella-2019-marato-2019\/#webpage\",\"url\":\"https:\/\/grupnexus.com\/es\/pujada-seu-vella-2019-marato-2019\/\",\"name\":\"NexusSolidari a favor de la Marat\u00f3 de TV3 y la XXXIX Pujada a la Seu Vella\",\"isPartOf\":{\"@id\":\"https:\/\/grupnexus.com\/es\/#website\"},\"primaryImageOfPage\":{\"@id\":\"https:\/\/grupnexus.com\/es\/pujada-seu-vella-2019-marato-2019\/#primaryimage\"},\"datePublished\":\"2019-12-16T14:08:53+00:00\",\"dateModified\":\"2019-12-16T14:14:32+00:00\",\"author\":{\"@id\":\"https:\/\/grupnexus.com\/es\/#\/schema\/person\/7d42f30e6bd203d23a2c1613b51145c3\"},\"breadcrumb\":{\"@id\":\"https:\/\/grupnexus.com\/es\/pujada-seu-vella-2019-marato-2019\/#breadcrumb\"},\"inLanguage\":\"es\",\"potentialAction\":[{\"@type\":\"ReadAction\",\"target\":[\"https:\/\/grupnexus.com\/es\/pujada-seu-vella-2019-marato-2019\/\"]}]},{\"@type\":\"BreadcrumbList\",\"@id\":\"https:\/\/grupnexus.com\/es\/pujada-seu-vella-2019-marato-2019\/#breadcrumb\",\"itemListElement\":[{\"@type\":\"ListItem\",\"position\":1,\"name\":\"Portada\",\"item\":\"https:\/\/grupnexus.com\/es\/\"},{\"@type\":\"ListItem\",\"position\":2,\"name\":\"NexusSolidari a favor de la Marat\u00f3 de TV3 y la XXXIX Pujada a la Seu Vella\"}]},{\"@type\":\"Person\",\"@id\":\"https:\/\/grupnexus.com\/es\/#\/schema\/person\/7d42f30e6bd203d23a2c1613b51145c3\",\"name\":\"Cl\u00ednica Nexus\",\"image\":{\"@type\":\"ImageObject\",\"@id\":\"https:\/\/grupnexus.com\/es\/#personlogo\",\"inLanguage\":\"es\",\"url\":\"https:\/\/secure.gravatar.com\/avatar\/f1f98ef0d641a3a6af0accea5a5971ef?s=96&d=mm&r=g\",\"contentUrl\":\"https:\/\/secure.gravatar.com\/avatar\/f1f98ef0d641a3a6af0accea5a5971ef?s=96&d=mm&r=g\",\"caption\":\"Cl\u00ednica Nexus\"}}]}<\/script>\n<!-- \/ Yoast SEO plugin. -->","yoast_head_json":{"title":"NexusSolidari a favor de la Marat\u00f3 de TV3 y la XXXIX Pujada a la Seu Vella","robots":{"index":"index","follow":"follow","max-snippet":"max-snippet:-1","max-image-preview":"max-image-preview:large","max-video-preview":"max-video-preview:-1"},"canonical":"https:\/\/grupnexus.com\/es\/pujada-seu-vella-2019-marato-2019\/","og_locale":"es_ES","og_type":"article","og_title":"NexusSolidari a favor de la Marat\u00f3 de TV3 y la XXXIX Pujada a la Seu Vella","og_description":"El fin de semana del 14 y 15 de diciembre, NexusSolidari ha colaborado, una vez m\u00e1s, en acciones ben\u00e9ficas y solidarias a favor de la Marat\u00f3 de TV3 y CatRadio de este a\u00f1o, a favor de las enfermedades minoritarias. Por un lado, gracias a la organizaci\u00f3n de diversas acciones por parte de guarder\u00edas de Lleida,...","og_url":"https:\/\/grupnexus.com\/es\/pujada-seu-vella-2019-marato-2019\/","og_site_name":"Cl\u00ednica Nexus","article_published_time":"2019-12-16T14:08:53+00:00","article_modified_time":"2019-12-16T14:14:32+00:00","og_image":[{"width":992,"height":558,"url":"https:\/\/i0.wp.com\/grupnexus.com\/wp-content\/uploads\/2019\/12\/Cartell-Marat\u00f3-2019_2.png?fit=992%2C558&ssl=1","type":"image\/png"}],"twitter_card":"summary","twitter_misc":{"Escrito por":"Cl\u00ednica Nexus","Tiempo de lectura":"1 minuto"},"schema":{"@context":"https:\/\/schema.org","@graph":[{"@type":"WebSite","@id":"https:\/\/grupnexus.com\/es\/#website","url":"https:\/\/grupnexus.com\/es\/","name":"Cl\u00ednica Nexus","description":"L\u00edders en Medicina Est\u00e8tica Avan\u00e7ada","potentialAction":[{"@type":"SearchAction","target":{"@type":"EntryPoint","urlTemplate":"https:\/\/grupnexus.com\/es\/?s={search_term_string}"},"query-input":"required name=search_term_string"}],"inLanguage":"es"},{"@type":"ImageObject","@id":"https:\/\/grupnexus.com\/es\/pujada-seu-vella-2019-marato-2019\/#primaryimage","inLanguage":"es","url":"https:\/\/grupnexus.com\/wp-content\/uploads\/2019\/12\/Cartell-Marat\u00f3-2019_2.png","contentUrl":"https:\/\/grupnexus.com\/wp-content\/uploads\/2019\/12\/Cartell-Marat\u00f3-2019_2.png","width":992,"height":558,"caption":"Recaudaci\u00f3 marat\u00f3"},{"@type":"WebPage","@id":"https:\/\/grupnexus.com\/es\/pujada-seu-vella-2019-marato-2019\/#webpage","url":"https:\/\/grupnexus.com\/es\/pujada-seu-vella-2019-marato-2019\/","name":"NexusSolidari a favor de la Marat\u00f3 de TV3 y la XXXIX Pujada a la Seu Vella","isPartOf":{"@id":"https:\/\/grupnexus.com\/es\/#website"},"primaryImageOfPage":{"@id":"https:\/\/grupnexus.com\/es\/pujada-seu-vella-2019-marato-2019\/#primaryimage"},"datePublished":"2019-12-16T14:08:53+00:00","dateModified":"2019-12-16T14:14:32+00:00","author":{"@id":"https:\/\/grupnexus.com\/es\/#\/schema\/person\/7d42f30e6bd203d23a2c1613b51145c3"},"breadcrumb":{"@id":"https:\/\/grupnexus.com\/es\/pujada-seu-vella-2019-marato-2019\/#breadcrumb"},"inLanguage":"es","potentialAction":[{"@type":"ReadAction","target":["https:\/\/grupnexus.com\/es\/pujada-seu-vella-2019-marato-2019\/"]}]},{"@type":"BreadcrumbList","@id":"https:\/\/grupnexus.com\/es\/pujada-seu-vella-2019-marato-2019\/#breadcrumb","itemListElement":[{"@type":"ListItem","position":1,"name":"Portada","item":"https:\/\/grupnexus.com\/es\/"},{"@type":"ListItem","position":2,"name":"NexusSolidari a favor de la Marat\u00f3 de TV3 y la XXXIX Pujada a la Seu Vella"}]},{"@type":"Person","@id":"https:\/\/grupnexus.com\/es\/#\/schema\/person\/7d42f30e6bd203d23a2c1613b51145c3","name":"Cl\u00ednica Nexus","image":{"@type":"ImageObject","@id":"https:\/\/grupnexus.com\/es\/#personlogo","inLanguage":"es","url":"https:\/\/secure.gravatar.com\/avatar\/f1f98ef0d641a3a6af0accea5a5971ef?s=96&d=mm&r=g","contentUrl":"https:\/\/secure.gravatar.com\/avatar\/f1f98ef0d641a3a6af0accea5a5971ef?s=96&d=mm&r=g","caption":"Cl\u00ednica Nexus"}}]}},"_links":{"self":[{"href":"https:\/\/grupnexus.com\/es\/wp-json\/wp\/v2\/posts\/41964"}],"collection":[{"href":"https:\/\/grupnexus.com\/es\/wp-json\/wp\/v2\/posts"}],"about":[{"href":"https:\/\/grupnexus.com\/es\/wp-json\/wp\/v2\/types\/post"}],"author":[{"embeddable":true,"href":"https:\/\/grupnexus.com\/es\/wp-json\/wp\/v2\/users\/6"}],"replies":[{"embeddable":true,"href":"https:\/\/grupnexus.com\/es\/wp-json\/wp\/v2\/comments?post=41964"}],"version-history":[{"count":2,"href":"https:\/\/grupnexus.com\/es\/wp-json\/wp\/v2\/posts\/41964\/revisions"}],"predecessor-version":[{"id":41967,"href":"https:\/\/grupnexus.com\/es\/wp-json\/wp\/v2\/posts\/41964\/revisions\/41967"}],"wp:featuredmedia":[{"embeddable":true,"href":"https:\/\/grupnexus.com\/es\/wp-json\/wp\/v2\/media\/41962"}],"wp:attachment":[{"href":"https:\/\/grupnexus.com\/es\/wp-json\/wp\/v2\/media?parent=41964"}],"wp:term":[{"taxonomy":"category","embeddable":true,"href":"https:\/\/grupnexus.com\/es\/wp-json\/wp\/v2\/categories?post=41964"},{"taxonomy":"post_tag","embeddable":true,"href":"https:\/\/grupnexus.com\/es\/wp-json\/wp\/v2\/tags?post=41964"}],"curies":[{"name":"wp","href":"https:\/\/api.w.org\/{rel}","templated":true}]}}