{"id":42712,"date":"2020-01-16T19:39:15","date_gmt":"2020-01-16T17:39:15","guid":{"rendered":"https:\/\/www.grupnexus.com\/?p=42712"},"modified":"2020-01-17T14:39:39","modified_gmt":"2020-01-17T12:39:39","slug":"implantes-capilares-al-alza","status":"publish","type":"post","link":"https:\/\/grupnexus.com\/es\/implantes-capilares-al-alza\/","title":{"rendered":"Implantes capilares al alza"},"content":{"rendered":"<p>&nbsp;<\/p>\n<ul>\n<li><strong>El Diario Segre hace eco hoy de uno de los tratamientos m\u00e1s demandados en cirug\u00eda est\u00e9tica, pidi\u00e9ndonos la opini\u00f3n como expertos.<\/strong><\/li>\n<li><strong>La alopecia la padece m\u00e1s del 50% de los hombres espa\u00f1oles, y cada vez m\u00e1s mujeres entre treinta y cuarenta a\u00f1os.<\/strong><\/li>\n<\/ul>\n<p>&nbsp;<\/p>\n<p>Hoy, el Diario Segre publica toda una p\u00e1gina informando sobre uno de los tratamientos al alza actualmente, los implantes capilares. El tratamiento de cirug\u00eda est\u00e9tica por excelencia, que tiene m\u00e1s demanda por parte del p\u00fablico masculino.<\/p>\n<p>Como bien sab\u00e9is, en Cl\u00ednica Nexus apostamos por la innovaci\u00f3n, nos anticipamos a las necesidades de nuestros pacientes y lo hacemos siempre bajo unos est\u00e1ndares de calidad m\u00e1xima y servicio integral cada vez que ponemos en marcha un nuevo servicio, es por este motivo que no s\u00f3lo ofrecemos el tratamiento de trasplante capilar, sino que podemos abordar el caso con anterioridad y hacer un seguimiento posterior. As\u00ed pues, efectuamos un <a href=\"https:\/\/grupnexus.com\/es\/tratamientos\/unidad-capilar\/\">estudio detallado de las causas de la alopecia<\/a>. Adem\u00e1s de la pertinente Historia Cl\u00ednica y exploraci\u00f3n cl\u00ednica, efectuamos un estudio tricosc\u00f3pico, un test anal\u00edtico hormonal, y finalmente <strong>unas pruebas gen\u00e9ticas espec\u00edficas que nos permiten confeccionar el mejor tratamiento personalizado y combinado para solucionar el problema.<\/strong><\/p>\n<p>En Cl\u00ednica Nexus disponemos de una <strong>Unidad Capilar especializada<\/strong>, formada por m\u00e9dicos <strong>con m\u00e1s de 15 a\u00f1os de experiencia<\/strong> en las t\u00e9cnicas de trasplante capilar. Actualmente las que m\u00e1s realizamos son la t\u00e9cnica FUE Zafiro y la DHI, entre otros. Y damos la oportunidad de elegir donde m\u00e1s convenga al paciente, entre Barcelona o Estambul, en este \u00faltimo caso se realiza en la prestigiosa Cl\u00ednica Florence Nightingale, considerada la m\u00e1s avanzada y lujosa de Turqu\u00eda. Siempre con el pre y post operatorio en Cl\u00ednica Nexus Lleida y un acompa\u00f1amiento en todo momento durante el proceso.<\/p>\n<p><em>Fe de errata del Diario Segre:<\/em> Cl\u00ednica Nexus quiere hacer constar que las im\u00e1genes publicadas en la noticia en papel no corresponden, en ning\u00fan caso, a Cl\u00ednica Nexus. El diario ha subsanado el error a\u00f1adiendo las propias de Cl\u00ednica Nexus en la noticia en formato digital.<\/p>\n<p>&nbsp;<\/p>\n<p>Enlace noticia digital:<\/p>\n<p><a href=\"https:\/\/www.segre.com\/noticies\/guia\/2020\/01\/16\/implants_capil_lars_l_alca_96641_1111.html\" target=\"_blank\" rel=\"noopener noreferrer\">https:\/\/www.segre.com\/noticies\/guia\/2020\/01\/16\/implants_capil_lars_l_alca_96641_1111.html<\/a><\/p>\n<p><a href=\"https:\/\/grupnexus.com\/wp-content\/uploads\/2020\/01\/Captura-de-pantalla-2020-01-16-a-las-16.32.28-1.png\" target=\"_blank\" rel=\"noopener noreferrer\">Descargar noticia<\/a><\/p>\n<p>&nbsp;<\/p>\n<p><img loading=\"lazy\" class=\"aligncenter wp-image-42722 size-full\" src=\"https:\/\/grupnexus.com\/wp-content\/uploads\/2020\/01\/clinicanexus2_c0fa1aa2-1.jpg\" alt=\"\" width=\"978\" height=\"411\" srcset=\"https:\/\/grupnexus.com\/wp-content\/uploads\/2020\/01\/clinicanexus2_c0fa1aa2-1.jpg 978w, https:\/\/grupnexus.com\/wp-content\/uploads\/2020\/01\/clinicanexus2_c0fa1aa2-1-510x214.jpg 510w, https:\/\/grupnexus.com\/wp-content\/uploads\/2020\/01\/clinicanexus2_c0fa1aa2-1-300x126.jpg 300w, https:\/\/grupnexus.com\/wp-content\/uploads\/2020\/01\/clinicanexus2_c0fa1aa2-1-768x323.jpg 768w, https:\/\/grupnexus.com\/wp-content\/uploads\/2020\/01\/clinicanexus2_c0fa1aa2-1-555x233.jpg 555w, https:\/\/grupnexus.com\/wp-content\/uploads\/2020\/01\/clinicanexus2_c0fa1aa2-1-360x151.jpg 360w, https:\/\/grupnexus.com\/wp-content\/uploads\/2020\/01\/clinicanexus2_c0fa1aa2-1-262x110.jpg 262w\" sizes=\"(max-width: 978px) 100vw, 978px\" \/><\/p>\n<p>&nbsp;<\/p>\n<p>&nbsp;<\/p>\n<p><img loading=\"lazy\" class=\"aligncenter wp-image-42744 size-full\" src=\"https:\/\/grupnexus.com\/wp-content\/uploads\/2020\/01\/Quiro\u0300fan.jpg\" alt=\"\" width=\"823\" height=\"823\" srcset=\"https:\/\/grupnexus.com\/wp-content\/uploads\/2020\/01\/Quiro\u0300fan.jpg 823w, https:\/\/grupnexus.com\/wp-content\/uploads\/2020\/01\/Quiro\u0300fan-400x400.jpg 400w, https:\/\/grupnexus.com\/wp-content\/uploads\/2020\/01\/Quiro\u0300fan-100x100.jpg 100w, https:\/\/grupnexus.com\/wp-content\/uploads\/2020\/01\/Quiro\u0300fan-510x510.jpg 510w, https:\/\/grupnexus.com\/wp-content\/uploads\/2020\/01\/Quiro\u0300fan-150x150.jpg 150w, https:\/\/grupnexus.com\/wp-content\/uploads\/2020\/01\/Quiro\u0300fan-300x300.jpg 300w, https:\/\/grupnexus.com\/wp-content\/uploads\/2020\/01\/Quiro\u0300fan-768x768.jpg 768w, https:\/\/grupnexus.com\/wp-content\/uploads\/2020\/01\/Quiro\u0300fan-60x60.jpg 60w, https:\/\/grupnexus.com\/wp-content\/uploads\/2020\/01\/Quiro\u0300fan-43x43.jpg 43w, https:\/\/grupnexus.com\/wp-content\/uploads\/2020\/01\/Quiro\u0300fan-555x555.jpg 555w, https:\/\/grupnexus.com\/wp-content\/uploads\/2020\/01\/Quiro\u0300fan-360x360.jpg 360w, https:\/\/grupnexus.com\/wp-content\/uploads\/2020\/01\/Quiro\u0300fan-262x262.jpg 262w\" sizes=\"(max-width: 823px) 100vw, 823px\" \/><\/p>\n<p><img loading=\"lazy\" class=\"aligncenter wp-image-42714 size-full\" src=\"https:\/\/grupnexus.com\/wp-content\/uploads\/2020\/01\/quirfan2_9c38c102-1.jpg\" alt=\"\" width=\"990\" height=\"984\" srcset=\"https:\/\/grupnexus.com\/wp-content\/uploads\/2020\/01\/quirfan2_9c38c102-1.jpg 990w, https:\/\/grupnexus.com\/wp-content\/uploads\/2020\/01\/quirfan2_9c38c102-1-100x100.jpg 100w, https:\/\/grupnexus.com\/wp-content\/uploads\/2020\/01\/quirfan2_9c38c102-1-510x507.jpg 510w, https:\/\/grupnexus.com\/wp-content\/uploads\/2020\/01\/quirfan2_9c38c102-1-150x150.jpg 150w, https:\/\/grupnexus.com\/wp-content\/uploads\/2020\/01\/quirfan2_9c38c102-1-300x298.jpg 300w, https:\/\/grupnexus.com\/wp-content\/uploads\/2020\/01\/quirfan2_9c38c102-1-768x763.jpg 768w, https:\/\/grupnexus.com\/wp-content\/uploads\/2020\/01\/quirfan2_9c38c102-1-60x60.jpg 60w, https:\/\/grupnexus.com\/wp-content\/uploads\/2020\/01\/quirfan2_9c38c102-1-43x43.jpg 43w, https:\/\/grupnexus.com\/wp-content\/uploads\/2020\/01\/quirfan2_9c38c102-1-555x552.jpg 555w, https:\/\/grupnexus.com\/wp-content\/uploads\/2020\/01\/quirfan2_9c38c102-1-360x358.jpg 360w, https:\/\/grupnexus.com\/wp-content\/uploads\/2020\/01\/quirfan2_9c38c102-1-262x260.jpg 262w\" sizes=\"(max-width: 990px) 100vw, 990px\" \/><\/p>\n<p>&nbsp;<\/p>\n","protected":false},"excerpt":{"rendered":"<p>&nbsp; El Diario Segre hace eco hoy de uno de los tratamientos m\u00e1s demandados en cirug\u00eda est\u00e9tica, pidi\u00e9ndonos la opini\u00f3n como expertos. La alopecia la padece m\u00e1s del 50% de los hombres espa\u00f1oles, y cada vez m\u00e1s mujeres entre treinta y cuarenta a\u00f1os. &nbsp; Hoy, el Diario Segre publica toda una p\u00e1gina informando sobre uno&#8230;<\/p>\n","protected":false},"author":5,"featured_media":42721,"comment_status":"closed","ping_status":"closed","sticky":false,"template":"","format":"standard","meta":[],"categories":[2,330,7,461],"tags":[],"yoast_head":"<!-- This site is optimized with the Yoast SEO plugin v18.6 - https:\/\/yoast.com\/wordpress\/plugins\/seo\/ -->\n<title>Implantes capilares en Lleida<\/title>\n<meta name=\"description\" content=\"Disponemos de una Unidad Capilar especializada en las t\u00e9cnicas de trasplante capilar. T\u00e9cnica FUE Zafiro y la DHI. Trasplantes en Barcelona o Estambul\" \/>\n<meta name=\"robots\" content=\"index, follow, max-snippet:-1, max-image-preview:large, max-video-preview:-1\" \/>\n<link rel=\"canonical\" href=\"https:\/\/grupnexus.com\/es\/implantes-capilares-al-alza\/\" \/>\n<meta property=\"og:locale\" content=\"es_ES\" \/>\n<meta property=\"og:type\" content=\"article\" \/>\n<meta property=\"og:title\" content=\"Implantes capilares en Lleida\" \/>\n<meta property=\"og:description\" content=\"Disponemos de una Unidad Capilar especializada en las t\u00e9cnicas de trasplante capilar. T\u00e9cnica FUE Zafiro y la DHI. Trasplantes en Barcelona o Estambul\" \/>\n<meta property=\"og:url\" content=\"https:\/\/grupnexus.com\/es\/implantes-capilares-al-alza\/\" \/>\n<meta property=\"og:site_name\" content=\"Cl\u00ednica Nexus\" \/>\n<meta property=\"article:published_time\" content=\"2020-01-16T17:39:15+00:00\" \/>\n<meta property=\"article:modified_time\" content=\"2020-01-17T12:39:39+00:00\" \/>\n<meta property=\"og:image\" content=\"https:\/\/i0.wp.com\/grupnexus.com\/wp-content\/uploads\/2020\/01\/clinicanexus1_aa49b96e-1.jpg?fit=990%2C495&#038;ssl=1\" \/>\n\t<meta property=\"og:image:width\" content=\"990\" \/>\n\t<meta property=\"og:image:height\" content=\"495\" \/>\n\t<meta property=\"og:image:type\" content=\"image\/jpeg\" \/>\n<meta name=\"twitter:card\" content=\"summary\" \/>\n<meta name=\"twitter:label1\" content=\"Escrito por\" \/>\n\t<meta name=\"twitter:data1\" content=\"Nexus\" \/>\n\t<meta name=\"twitter:label2\" content=\"Tiempo de lectura\" \/>\n\t<meta name=\"twitter:data2\" content=\"2 minutos\" \/>\n<script type=\"application\/ld+json\" class=\"yoast-schema-graph\">{\"@context\":\"https:\/\/schema.org\",\"@graph\":[{\"@type\":\"WebSite\",\"@id\":\"https:\/\/grupnexus.com\/es\/#website\",\"url\":\"https:\/\/grupnexus.com\/es\/\",\"name\":\"Cl\u00ednica Nexus\",\"description\":\"L\u00edders en Medicina Est\u00e8tica Avan\u00e7ada\",\"potentialAction\":[{\"@type\":\"SearchAction\",\"target\":{\"@type\":\"EntryPoint\",\"urlTemplate\":\"https:\/\/grupnexus.com\/es\/?s={search_term_string}\"},\"query-input\":\"required name=search_term_string\"}],\"inLanguage\":\"es\"},{\"@type\":\"ImageObject\",\"@id\":\"https:\/\/grupnexus.com\/es\/implantes-capilares-al-alza\/#primaryimage\",\"inLanguage\":\"es\",\"url\":\"https:\/\/grupnexus.com\/wp-content\/uploads\/2020\/01\/clinicanexus1_aa49b96e-1.jpg\",\"contentUrl\":\"https:\/\/grupnexus.com\/wp-content\/uploads\/2020\/01\/clinicanexus1_aa49b96e-1.jpg\",\"width\":990,\"height\":495},{\"@type\":\"WebPage\",\"@id\":\"https:\/\/grupnexus.com\/es\/implantes-capilares-al-alza\/#webpage\",\"url\":\"https:\/\/grupnexus.com\/es\/implantes-capilares-al-alza\/\",\"name\":\"Implantes capilares en Lleida\",\"isPartOf\":{\"@id\":\"https:\/\/grupnexus.com\/es\/#website\"},\"primaryImageOfPage\":{\"@id\":\"https:\/\/grupnexus.com\/es\/implantes-capilares-al-alza\/#primaryimage\"},\"datePublished\":\"2020-01-16T17:39:15+00:00\",\"dateModified\":\"2020-01-17T12:39:39+00:00\",\"author\":{\"@id\":\"https:\/\/grupnexus.com\/es\/#\/schema\/person\/e766a805d9eadac3ecbb8c0d3dcd3355\"},\"description\":\"Disponemos de una Unidad Capilar especializada en las t\u00e9cnicas de trasplante capilar. T\u00e9cnica FUE Zafiro y la DHI. Trasplantes en Barcelona o Estambul\",\"breadcrumb\":{\"@id\":\"https:\/\/grupnexus.com\/es\/implantes-capilares-al-alza\/#breadcrumb\"},\"inLanguage\":\"es\",\"potentialAction\":[{\"@type\":\"ReadAction\",\"target\":[\"https:\/\/grupnexus.com\/es\/implantes-capilares-al-alza\/\"]}]},{\"@type\":\"BreadcrumbList\",\"@id\":\"https:\/\/grupnexus.com\/es\/implantes-capilares-al-alza\/#breadcrumb\",\"itemListElement\":[{\"@type\":\"ListItem\",\"position\":1,\"name\":\"Portada\",\"item\":\"https:\/\/grupnexus.com\/es\/\"},{\"@type\":\"ListItem\",\"position\":2,\"name\":\"Implantes capilares al alza\"}]},{\"@type\":\"Person\",\"@id\":\"https:\/\/grupnexus.com\/es\/#\/schema\/person\/e766a805d9eadac3ecbb8c0d3dcd3355\",\"name\":\"Nexus\",\"image\":{\"@type\":\"ImageObject\",\"@id\":\"https:\/\/grupnexus.com\/es\/#personlogo\",\"inLanguage\":\"es\",\"url\":\"https:\/\/secure.gravatar.com\/avatar\/8d9fa4540dd1ce6a7ed07044eb5f16c9?s=96&d=mm&r=g\",\"contentUrl\":\"https:\/\/secure.gravatar.com\/avatar\/8d9fa4540dd1ce6a7ed07044eb5f16c9?s=96&d=mm&r=g\",\"caption\":\"Nexus\"}}]}<\/script>\n<!-- \/ Yoast SEO plugin. -->","yoast_head_json":{"title":"Implantes capilares en Lleida","description":"Disponemos de una Unidad Capilar especializada en las t\u00e9cnicas de trasplante capilar. T\u00e9cnica FUE Zafiro y la DHI. Trasplantes en Barcelona o Estambul","robots":{"index":"index","follow":"follow","max-snippet":"max-snippet:-1","max-image-preview":"max-image-preview:large","max-video-preview":"max-video-preview:-1"},"canonical":"https:\/\/grupnexus.com\/es\/implantes-capilares-al-alza\/","og_locale":"es_ES","og_type":"article","og_title":"Implantes capilares en Lleida","og_description":"Disponemos de una Unidad Capilar especializada en las t\u00e9cnicas de trasplante capilar. T\u00e9cnica FUE Zafiro y la DHI. Trasplantes en Barcelona o Estambul","og_url":"https:\/\/grupnexus.com\/es\/implantes-capilares-al-alza\/","og_site_name":"Cl\u00ednica Nexus","article_published_time":"2020-01-16T17:39:15+00:00","article_modified_time":"2020-01-17T12:39:39+00:00","og_image":[{"width":990,"height":495,"url":"https:\/\/i0.wp.com\/grupnexus.com\/wp-content\/uploads\/2020\/01\/clinicanexus1_aa49b96e-1.jpg?fit=990%2C495&ssl=1","type":"image\/jpeg"}],"twitter_card":"summary","twitter_misc":{"Escrito por":"Nexus","Tiempo de lectura":"2 minutos"},"schema":{"@context":"https:\/\/schema.org","@graph":[{"@type":"WebSite","@id":"https:\/\/grupnexus.com\/es\/#website","url":"https:\/\/grupnexus.com\/es\/","name":"Cl\u00ednica Nexus","description":"L\u00edders en Medicina Est\u00e8tica Avan\u00e7ada","potentialAction":[{"@type":"SearchAction","target":{"@type":"EntryPoint","urlTemplate":"https:\/\/grupnexus.com\/es\/?s={search_term_string}"},"query-input":"required name=search_term_string"}],"inLanguage":"es"},{"@type":"ImageObject","@id":"https:\/\/grupnexus.com\/es\/implantes-capilares-al-alza\/#primaryimage","inLanguage":"es","url":"https:\/\/grupnexus.com\/wp-content\/uploads\/2020\/01\/clinicanexus1_aa49b96e-1.jpg","contentUrl":"https:\/\/grupnexus.com\/wp-content\/uploads\/2020\/01\/clinicanexus1_aa49b96e-1.jpg","width":990,"height":495},{"@type":"WebPage","@id":"https:\/\/grupnexus.com\/es\/implantes-capilares-al-alza\/#webpage","url":"https:\/\/grupnexus.com\/es\/implantes-capilares-al-alza\/","name":"Implantes capilares en Lleida","isPartOf":{"@id":"https:\/\/grupnexus.com\/es\/#website"},"primaryImageOfPage":{"@id":"https:\/\/grupnexus.com\/es\/implantes-capilares-al-alza\/#primaryimage"},"datePublished":"2020-01-16T17:39:15+00:00","dateModified":"2020-01-17T12:39:39+00:00","author":{"@id":"https:\/\/grupnexus.com\/es\/#\/schema\/person\/e766a805d9eadac3ecbb8c0d3dcd3355"},"description":"Disponemos de una Unidad Capilar especializada en las t\u00e9cnicas de trasplante capilar. T\u00e9cnica FUE Zafiro y la DHI. Trasplantes en Barcelona o Estambul","breadcrumb":{"@id":"https:\/\/grupnexus.com\/es\/implantes-capilares-al-alza\/#breadcrumb"},"inLanguage":"es","potentialAction":[{"@type":"ReadAction","target":["https:\/\/grupnexus.com\/es\/implantes-capilares-al-alza\/"]}]},{"@type":"BreadcrumbList","@id":"https:\/\/grupnexus.com\/es\/implantes-capilares-al-alza\/#breadcrumb","itemListElement":[{"@type":"ListItem","position":1,"name":"Portada","item":"https:\/\/grupnexus.com\/es\/"},{"@type":"ListItem","position":2,"name":"Implantes capilares al alza"}]},{"@type":"Person","@id":"https:\/\/grupnexus.com\/es\/#\/schema\/person\/e766a805d9eadac3ecbb8c0d3dcd3355","name":"Nexus","image":{"@type":"ImageObject","@id":"https:\/\/grupnexus.com\/es\/#personlogo","inLanguage":"es","url":"https:\/\/secure.gravatar.com\/avatar\/8d9fa4540dd1ce6a7ed07044eb5f16c9?s=96&d=mm&r=g","contentUrl":"https:\/\/secure.gravatar.com\/avatar\/8d9fa4540dd1ce6a7ed07044eb5f16c9?s=96&d=mm&r=g","caption":"Nexus"}}]}},"_links":{"self":[{"href":"https:\/\/grupnexus.com\/es\/wp-json\/wp\/v2\/posts\/42712"}],"collection":[{"href":"https:\/\/grupnexus.com\/es\/wp-json\/wp\/v2\/posts"}],"about":[{"href":"https:\/\/grupnexus.com\/es\/wp-json\/wp\/v2\/types\/post"}],"author":[{"embeddable":true,"href":"https:\/\/grupnexus.com\/es\/wp-json\/wp\/v2\/users\/5"}],"replies":[{"embeddable":true,"href":"https:\/\/grupnexus.com\/es\/wp-json\/wp\/v2\/comments?post=42712"}],"version-history":[{"count":8,"href":"https:\/\/grupnexus.com\/es\/wp-json\/wp\/v2\/posts\/42712\/revisions"}],"predecessor-version":[{"id":42766,"href":"https:\/\/grupnexus.com\/es\/wp-json\/wp\/v2\/posts\/42712\/revisions\/42766"}],"wp:featuredmedia":[{"embeddable":true,"href":"https:\/\/grupnexus.com\/es\/wp-json\/wp\/v2\/media\/42721"}],"wp:attachment":[{"href":"https:\/\/grupnexus.com\/es\/wp-json\/wp\/v2\/media?parent=42712"}],"wp:term":[{"taxonomy":"category","embeddable":true,"href":"https:\/\/grupnexus.com\/es\/wp-json\/wp\/v2\/categories?post=42712"},{"taxonomy":"post_tag","embeddable":true,"href":"https:\/\/grupnexus.com\/es\/wp-json\/wp\/v2\/tags?post=42712"}],"curies":[{"name":"wp","href":"https:\/\/api.w.org\/{rel}","templated":true}]}}