{"id":42976,"date":"2020-01-28T10:31:00","date_gmt":"2020-01-28T08:31:00","guid":{"rendered":"https:\/\/www.grupnexus.com\/depilacio-laser-medica-testimoni-paco-belloc\/"},"modified":"2020-10-16T15:43:48","modified_gmt":"2020-10-16T13:43:48","slug":"depilacion-laser-medica-testimonio-paco-belloc","status":"publish","type":"post","link":"https:\/\/grupnexus.com\/es\/depilacion-laser-medica-testimonio-paco-belloc\/","title":{"rendered":"Paco Belloc: \u00abCon s\u00f3lo 3 sesiones de Depilaci\u00f3n L\u00e1ser M\u00e9dica de vanguardia de Cl\u00ednica Nexus, el pelo de mi torso ha desaparecido definitivamente\u00bb"},"content":{"rendered":"<p>El locutor de radio, <strong>Paco Belloc<\/strong> es un nuevo nexfriend que ha confiado en nosotros en el tratamiento de <strong>Depilaci\u00f3n L\u00e1ser M\u00e9dica de vanguardia de Cl\u00ednica Nexus<\/strong>. Anteriormente hab\u00eda vivido varias experiencias negativas con el tratamiento en otros centros poco cualificados. A continuaci\u00f3n, conoce su testimonio:<\/p>\n<p>\u00abMe gusta cuidarme y sentirme bien. Por eso, decid\u00ed <strong>quitarme el pelo del torso y, a la vez, ganar en comodidad<\/strong>. Prob\u00e9 diferentes centros, pero no obtuve los resultados esperados. Despu\u00e9s de varias sesiones, no notaba que el pelo desapareciera. As\u00ed que me recomendaron Cl\u00ednica Nexus, y la verdad que desde el primer momento me transmitieron mucha confianza, tanto por la amabilidad de todo el equipo como por el gran asesoramiento de la directora, Montse Monje. \u00bb<\/p>\n<p>\u00abEl l\u00e1ser que utilizaron en mi tratamiento fue <strong>el l\u00e1ser de \u00faltima generaci\u00f3n<\/strong> en Depilaci\u00f3n M\u00e9dica Masculina. El m\u00e9todo consiste en una emisi\u00f3n de luz que utiliza el pelo como hilo conductor para llegar al fol\u00edculo piloso, donde \u00e9sta es absorbida por la melanina del pelo y transformada en calor, el cual destruye el fol\u00edculo e impide que \u00e9ste vuelva a reproducirse. El tratamiento es totalmente <strong>seguro, no da\u00f1a la piel<\/strong> y pr\u00e1cticamente <strong>indoloro<\/strong>. En s\u00f3lo tres sesiones ya no tengo pelo en el pecho. <strong>\u00a1Estoy muy contento con los resultados!<\/strong><\/p>\n<p>Adem\u00e1s de presumir de torso sin pelo tambi\u00e9n puedo presumir de <strong>abdomen sin grasa<\/strong>, ya que he compaginado la depilaci\u00f3n l\u00e1ser m\u00e9dica con la <strong>Criolip\u00f2lisi M\u00e9dica Cooltech<\/strong>, el tratamiento por excelencia para <strong>eliminar la grasa localizada<\/strong> abdominal que tanto me molestaba. \u00bb<\/p>\n<blockquote><p>\u00ab<strong>Lo recomendar\u00eda a todo el mundo<\/strong>, pero en especial me gustar\u00eda alentar a los hombres, y sobre todo a los que practican deporte, porque se sentir\u00e1n mucho m\u00e1s c\u00f3modos y en pocas sesiones conseguir\u00e1n eliminar el pelo permanentemente. Y si adem\u00e1s se animan con la Criolip\u00f2lisi de Nexus, <strong>pues a lucir torso sin prejuicios ni complejos. \u00ab<\/strong><\/p><\/blockquote>\n<p>&nbsp;<\/p>\n<h3 style=\"text-align: center;\">\u00a1Reserva ya este tratamiento en Nexus!<\/h3>\n<h3 style=\"text-align: center;\"><a href=\"https:\/\/grupnexus.com\/es\/producte\/depilacion-laser-medica\/\">Click aqu\u00ed para reservar el tratamiento de Depilaci\u00f3n L\u00e1ser M\u00e9dica<\/a><\/h3>\n<p><img loading=\"lazy\" class=\"aligncenter size-large wp-image-42973\" src=\"https:\/\/grupnexus.com\/wp-content\/uploads\/2020\/01\/2-1024x861.jpg\" alt=\"Depilaci\u00f3 l\u00e0ser M\u00e8dica Lleida\" width=\"1024\" height=\"861\" srcset=\"https:\/\/grupnexus.com\/wp-content\/uploads\/2020\/01\/2.jpg 1024w, https:\/\/grupnexus.com\/wp-content\/uploads\/2020\/01\/2-510x429.jpg 510w, https:\/\/grupnexus.com\/wp-content\/uploads\/2020\/01\/2-300x252.jpg 300w, https:\/\/grupnexus.com\/wp-content\/uploads\/2020\/01\/2-768x646.jpg 768w, https:\/\/grupnexus.com\/wp-content\/uploads\/2020\/01\/2-555x467.jpg 555w, https:\/\/grupnexus.com\/wp-content\/uploads\/2020\/01\/2-360x303.jpg 360w, https:\/\/grupnexus.com\/wp-content\/uploads\/2020\/01\/2-262x220.jpg 262w\" sizes=\"(max-width: 1024px) 100vw, 1024px\" \/><\/p>\n","protected":false},"excerpt":{"rendered":"<p>El locutor de radio, Paco Belloc es un nuevo nexfriend que ha confiado en nosotros en el tratamiento de Depilaci\u00f3n L\u00e1ser M\u00e9dica de vanguardia de Cl\u00ednica Nexus. Anteriormente hab\u00eda vivido varias experiencias negativas con el tratamiento en otros centros poco cualificados. A continuaci\u00f3n, conoce su testimonio: \u00abMe gusta cuidarme y sentirme bien. Por eso, decid\u00ed&#8230;<\/p>\n","protected":false},"author":6,"featured_media":42972,"comment_status":"closed","ping_status":"closed","sticky":false,"template":"","format":"standard","meta":[],"categories":[2,330,464],"tags":[],"yoast_head":"<!-- This site is optimized with the Yoast SEO plugin v18.6 - https:\/\/yoast.com\/wordpress\/plugins\/seo\/ -->\n<title>Depilaci\u00f3n l\u00e1ser m\u00e9dica en Lleida: Testimonio Paco Belloc<\/title>\n<meta name=\"description\" content=\"Tratamiento de Depilaci\u00f3n L\u00e1ser M\u00e9dica de vanguardia de Cl\u00ednica Nexus. L\u00e1ser de \u00faltima generaci\u00f3n en Depilaci\u00f3n M\u00e9dica Masculina.\" \/>\n<meta name=\"robots\" content=\"index, follow, max-snippet:-1, max-image-preview:large, max-video-preview:-1\" \/>\n<link rel=\"canonical\" href=\"https:\/\/grupnexus.com\/es\/depilacion-laser-medica-testimonio-paco-belloc\/\" \/>\n<meta property=\"og:locale\" content=\"es_ES\" \/>\n<meta property=\"og:type\" content=\"article\" \/>\n<meta property=\"og:title\" content=\"Depilaci\u00f3n l\u00e1ser m\u00e9dica en Lleida: Testimonio Paco Belloc\" \/>\n<meta property=\"og:description\" content=\"Tratamiento de Depilaci\u00f3n L\u00e1ser M\u00e9dica de vanguardia de Cl\u00ednica Nexus. L\u00e1ser de \u00faltima generaci\u00f3n en Depilaci\u00f3n M\u00e9dica Masculina.\" \/>\n<meta property=\"og:url\" content=\"https:\/\/grupnexus.com\/es\/depilacion-laser-medica-testimonio-paco-belloc\/\" \/>\n<meta property=\"og:site_name\" content=\"Cl\u00ednica Nexus\" \/>\n<meta property=\"article:published_time\" content=\"2020-01-28T08:31:00+00:00\" \/>\n<meta property=\"article:modified_time\" content=\"2020-10-16T13:43:48+00:00\" \/>\n<meta property=\"og:image\" content=\"https:\/\/i0.wp.com\/grupnexus.com\/wp-content\/uploads\/2020\/01\/1.jpg?fit=842%2C1024&#038;ssl=1\" \/>\n\t<meta property=\"og:image:width\" content=\"842\" \/>\n\t<meta property=\"og:image:height\" content=\"1024\" \/>\n\t<meta property=\"og:image:type\" content=\"image\/jpeg\" \/>\n<meta name=\"twitter:card\" content=\"summary\" \/>\n<meta name=\"twitter:label1\" content=\"Escrito por\" \/>\n\t<meta name=\"twitter:data1\" content=\"Cl\u00ednica Nexus\" \/>\n\t<meta name=\"twitter:label2\" content=\"Tiempo de lectura\" \/>\n\t<meta name=\"twitter:data2\" content=\"2 minutos\" \/>\n<script type=\"application\/ld+json\" class=\"yoast-schema-graph\">{\"@context\":\"https:\/\/schema.org\",\"@graph\":[{\"@type\":\"WebSite\",\"@id\":\"https:\/\/grupnexus.com\/es\/#website\",\"url\":\"https:\/\/grupnexus.com\/es\/\",\"name\":\"Cl\u00ednica Nexus\",\"description\":\"L\u00edders en Medicina Est\u00e8tica Avan\u00e7ada\",\"potentialAction\":[{\"@type\":\"SearchAction\",\"target\":{\"@type\":\"EntryPoint\",\"urlTemplate\":\"https:\/\/grupnexus.com\/es\/?s={search_term_string}\"},\"query-input\":\"required name=search_term_string\"}],\"inLanguage\":\"es\"},{\"@type\":\"ImageObject\",\"@id\":\"https:\/\/grupnexus.com\/es\/depilacion-laser-medica-testimonio-paco-belloc\/#primaryimage\",\"inLanguage\":\"es\",\"url\":\"https:\/\/grupnexus.com\/wp-content\/uploads\/2020\/01\/1.jpg\",\"contentUrl\":\"https:\/\/grupnexus.com\/wp-content\/uploads\/2020\/01\/1.jpg\",\"width\":842,\"height\":1024},{\"@type\":\"WebPage\",\"@id\":\"https:\/\/grupnexus.com\/es\/depilacion-laser-medica-testimonio-paco-belloc\/#webpage\",\"url\":\"https:\/\/grupnexus.com\/es\/depilacion-laser-medica-testimonio-paco-belloc\/\",\"name\":\"Depilaci\u00f3n l\u00e1ser m\u00e9dica en Lleida: Testimonio Paco Belloc\",\"isPartOf\":{\"@id\":\"https:\/\/grupnexus.com\/es\/#website\"},\"primaryImageOfPage\":{\"@id\":\"https:\/\/grupnexus.com\/es\/depilacion-laser-medica-testimonio-paco-belloc\/#primaryimage\"},\"datePublished\":\"2020-01-28T08:31:00+00:00\",\"dateModified\":\"2020-10-16T13:43:48+00:00\",\"author\":{\"@id\":\"https:\/\/grupnexus.com\/es\/#\/schema\/person\/7d42f30e6bd203d23a2c1613b51145c3\"},\"description\":\"Tratamiento de Depilaci\u00f3n L\u00e1ser M\u00e9dica de vanguardia de Cl\u00ednica Nexus. L\u00e1ser de \u00faltima generaci\u00f3n en Depilaci\u00f3n M\u00e9dica Masculina.\",\"breadcrumb\":{\"@id\":\"https:\/\/grupnexus.com\/es\/depilacion-laser-medica-testimonio-paco-belloc\/#breadcrumb\"},\"inLanguage\":\"es\",\"potentialAction\":[{\"@type\":\"ReadAction\",\"target\":[\"https:\/\/grupnexus.com\/es\/depilacion-laser-medica-testimonio-paco-belloc\/\"]}]},{\"@type\":\"BreadcrumbList\",\"@id\":\"https:\/\/grupnexus.com\/es\/depilacion-laser-medica-testimonio-paco-belloc\/#breadcrumb\",\"itemListElement\":[{\"@type\":\"ListItem\",\"position\":1,\"name\":\"Portada\",\"item\":\"https:\/\/grupnexus.com\/es\/\"},{\"@type\":\"ListItem\",\"position\":2,\"name\":\"Paco Belloc: &#8220;Con s\u00f3lo 3 sesiones de Depilaci\u00f3n L\u00e1ser M\u00e9dica de vanguardia de Cl\u00ednica Nexus, el pelo de mi torso ha desaparecido definitivamente&#8221;\"}]},{\"@type\":\"Person\",\"@id\":\"https:\/\/grupnexus.com\/es\/#\/schema\/person\/7d42f30e6bd203d23a2c1613b51145c3\",\"name\":\"Cl\u00ednica Nexus\",\"image\":{\"@type\":\"ImageObject\",\"@id\":\"https:\/\/grupnexus.com\/es\/#personlogo\",\"inLanguage\":\"es\",\"url\":\"https:\/\/secure.gravatar.com\/avatar\/f1f98ef0d641a3a6af0accea5a5971ef?s=96&d=mm&r=g\",\"contentUrl\":\"https:\/\/secure.gravatar.com\/avatar\/f1f98ef0d641a3a6af0accea5a5971ef?s=96&d=mm&r=g\",\"caption\":\"Cl\u00ednica Nexus\"}}]}<\/script>\n<!-- \/ Yoast SEO plugin. -->","yoast_head_json":{"title":"Depilaci\u00f3n l\u00e1ser m\u00e9dica en Lleida: Testimonio Paco Belloc","description":"Tratamiento de Depilaci\u00f3n L\u00e1ser M\u00e9dica de vanguardia de Cl\u00ednica Nexus. L\u00e1ser de \u00faltima generaci\u00f3n en Depilaci\u00f3n M\u00e9dica Masculina.","robots":{"index":"index","follow":"follow","max-snippet":"max-snippet:-1","max-image-preview":"max-image-preview:large","max-video-preview":"max-video-preview:-1"},"canonical":"https:\/\/grupnexus.com\/es\/depilacion-laser-medica-testimonio-paco-belloc\/","og_locale":"es_ES","og_type":"article","og_title":"Depilaci\u00f3n l\u00e1ser m\u00e9dica en Lleida: Testimonio Paco Belloc","og_description":"Tratamiento de Depilaci\u00f3n L\u00e1ser M\u00e9dica de vanguardia de Cl\u00ednica Nexus. L\u00e1ser de \u00faltima generaci\u00f3n en Depilaci\u00f3n M\u00e9dica Masculina.","og_url":"https:\/\/grupnexus.com\/es\/depilacion-laser-medica-testimonio-paco-belloc\/","og_site_name":"Cl\u00ednica Nexus","article_published_time":"2020-01-28T08:31:00+00:00","article_modified_time":"2020-10-16T13:43:48+00:00","og_image":[{"width":842,"height":1024,"url":"https:\/\/i0.wp.com\/grupnexus.com\/wp-content\/uploads\/2020\/01\/1.jpg?fit=842%2C1024&ssl=1","type":"image\/jpeg"}],"twitter_card":"summary","twitter_misc":{"Escrito por":"Cl\u00ednica Nexus","Tiempo de lectura":"2 minutos"},"schema":{"@context":"https:\/\/schema.org","@graph":[{"@type":"WebSite","@id":"https:\/\/grupnexus.com\/es\/#website","url":"https:\/\/grupnexus.com\/es\/","name":"Cl\u00ednica Nexus","description":"L\u00edders en Medicina Est\u00e8tica Avan\u00e7ada","potentialAction":[{"@type":"SearchAction","target":{"@type":"EntryPoint","urlTemplate":"https:\/\/grupnexus.com\/es\/?s={search_term_string}"},"query-input":"required name=search_term_string"}],"inLanguage":"es"},{"@type":"ImageObject","@id":"https:\/\/grupnexus.com\/es\/depilacion-laser-medica-testimonio-paco-belloc\/#primaryimage","inLanguage":"es","url":"https:\/\/grupnexus.com\/wp-content\/uploads\/2020\/01\/1.jpg","contentUrl":"https:\/\/grupnexus.com\/wp-content\/uploads\/2020\/01\/1.jpg","width":842,"height":1024},{"@type":"WebPage","@id":"https:\/\/grupnexus.com\/es\/depilacion-laser-medica-testimonio-paco-belloc\/#webpage","url":"https:\/\/grupnexus.com\/es\/depilacion-laser-medica-testimonio-paco-belloc\/","name":"Depilaci\u00f3n l\u00e1ser m\u00e9dica en Lleida: Testimonio Paco Belloc","isPartOf":{"@id":"https:\/\/grupnexus.com\/es\/#website"},"primaryImageOfPage":{"@id":"https:\/\/grupnexus.com\/es\/depilacion-laser-medica-testimonio-paco-belloc\/#primaryimage"},"datePublished":"2020-01-28T08:31:00+00:00","dateModified":"2020-10-16T13:43:48+00:00","author":{"@id":"https:\/\/grupnexus.com\/es\/#\/schema\/person\/7d42f30e6bd203d23a2c1613b51145c3"},"description":"Tratamiento de Depilaci\u00f3n L\u00e1ser M\u00e9dica de vanguardia de Cl\u00ednica Nexus. L\u00e1ser de \u00faltima generaci\u00f3n en Depilaci\u00f3n M\u00e9dica Masculina.","breadcrumb":{"@id":"https:\/\/grupnexus.com\/es\/depilacion-laser-medica-testimonio-paco-belloc\/#breadcrumb"},"inLanguage":"es","potentialAction":[{"@type":"ReadAction","target":["https:\/\/grupnexus.com\/es\/depilacion-laser-medica-testimonio-paco-belloc\/"]}]},{"@type":"BreadcrumbList","@id":"https:\/\/grupnexus.com\/es\/depilacion-laser-medica-testimonio-paco-belloc\/#breadcrumb","itemListElement":[{"@type":"ListItem","position":1,"name":"Portada","item":"https:\/\/grupnexus.com\/es\/"},{"@type":"ListItem","position":2,"name":"Paco Belloc: &#8220;Con s\u00f3lo 3 sesiones de Depilaci\u00f3n L\u00e1ser M\u00e9dica de vanguardia de Cl\u00ednica Nexus, el pelo de mi torso ha desaparecido definitivamente&#8221;"}]},{"@type":"Person","@id":"https:\/\/grupnexus.com\/es\/#\/schema\/person\/7d42f30e6bd203d23a2c1613b51145c3","name":"Cl\u00ednica Nexus","image":{"@type":"ImageObject","@id":"https:\/\/grupnexus.com\/es\/#personlogo","inLanguage":"es","url":"https:\/\/secure.gravatar.com\/avatar\/f1f98ef0d641a3a6af0accea5a5971ef?s=96&d=mm&r=g","contentUrl":"https:\/\/secure.gravatar.com\/avatar\/f1f98ef0d641a3a6af0accea5a5971ef?s=96&d=mm&r=g","caption":"Cl\u00ednica Nexus"}}]}},"_links":{"self":[{"href":"https:\/\/grupnexus.com\/es\/wp-json\/wp\/v2\/posts\/42976"}],"collection":[{"href":"https:\/\/grupnexus.com\/es\/wp-json\/wp\/v2\/posts"}],"about":[{"href":"https:\/\/grupnexus.com\/es\/wp-json\/wp\/v2\/types\/post"}],"author":[{"embeddable":true,"href":"https:\/\/grupnexus.com\/es\/wp-json\/wp\/v2\/users\/6"}],"replies":[{"embeddable":true,"href":"https:\/\/grupnexus.com\/es\/wp-json\/wp\/v2\/comments?post=42976"}],"version-history":[{"count":4,"href":"https:\/\/grupnexus.com\/es\/wp-json\/wp\/v2\/posts\/42976\/revisions"}],"predecessor-version":[{"id":45649,"href":"https:\/\/grupnexus.com\/es\/wp-json\/wp\/v2\/posts\/42976\/revisions\/45649"}],"wp:featuredmedia":[{"embeddable":true,"href":"https:\/\/grupnexus.com\/es\/wp-json\/wp\/v2\/media\/42972"}],"wp:attachment":[{"href":"https:\/\/grupnexus.com\/es\/wp-json\/wp\/v2\/media?parent=42976"}],"wp:term":[{"taxonomy":"category","embeddable":true,"href":"https:\/\/grupnexus.com\/es\/wp-json\/wp\/v2\/categories?post=42976"},{"taxonomy":"post_tag","embeddable":true,"href":"https:\/\/grupnexus.com\/es\/wp-json\/wp\/v2\/tags?post=42976"}],"curies":[{"name":"wp","href":"https:\/\/api.w.org\/{rel}","templated":true}]}}