{"id":43073,"date":"2020-02-12T10:36:06","date_gmt":"2020-02-12T08:36:06","guid":{"rendered":"https:\/\/www.grupnexus.com\/faqs-sobre-el-trasplantament-capillar\/"},"modified":"2023-02-28T16:28:13","modified_gmt":"2023-02-28T14:28:13","slug":"faqs-sobre-el-trasplante-capilar","status":"publish","type":"post","link":"https:\/\/grupnexus.com\/es\/faqs-sobre-el-trasplante-capilar\/","title":{"rendered":"FAQS sobre el Trasplante Capilar"},"content":{"rendered":"<p>La gen\u00e9tica, las alteraciones hormonales, la mala alimentaci\u00f3n y el estr\u00e9s son los <strong>principales causantes de la alopecia<\/strong>. Esta es <strong>motivo de preocupaci\u00f3n de cada vez para m\u00e1s personas <\/strong>hoy en d\u00eda, indistintamente del sexo y la edad.<\/p>\n<p>Existen <strong>t\u00e9cnicas y tratamientos de prevenci\u00f3n y mejora<\/strong>, aunque para que realmente se vea un resultado, <strong>se aconseja saber antes la causa de la p\u00e9rdida de cabello<\/strong> y realizar el <strong>test gen\u00e9tico TrichoTest<sup>TM<\/sup><\/strong>. Con el resultado de este podemos saber qu\u00e9 plan de tratamiento, con <strong>f\u00f3rmulas personalizadas a base de principios activos<\/strong>, es el m\u00e1s indicado en cada caso. Sin este, seguramente has probado infinidad de productos t\u00f3picos y orales, pero no has notado cambios, o cambios muy \u00ednfimos. No es que no sean eficientes, es que no son los que necesitas en tu caso.<\/p>\n<h3>Si ya est\u00e1s en un estado avanzado de alopecia, la mejor soluci\u00f3n, si est\u00e1 indicado en tu caso, es el trasplante capilar.<\/h3>\n<p>Quiz\u00e1s te lo est\u00e1s planteando y has empezado a informarte. <strong>Las dudas m\u00e1s frecuentes son el precio, elegir Turqu\u00eda o no y, cuanto tardar\u00e9 en ver los resultados. En el caso de la mujer, adem\u00e1s se a\u00f1ade otra, que es la que m\u00e1s le preocupa: \u00bfme tengo que rasurar el cabello?<\/strong><\/p>\n<h3>Te resolvemos tus dudas:<\/h3>\n<ol>\n<li><strong> \u00bfPorqu\u00e9 Turqu\u00eda es tan barato? \u00bfPuedo confiar en las cl\u00ednicas de all\u00ed? <\/strong>Debes saber que Turqu\u00eda se ha posicionado como referente en trasplante capilar gracias a que el Estado promueve el Turismo M\u00e9dico con ayudas, de ah\u00ed que el precio sea tan competitivo, haya tanta demanda y consiguientemente, se hayan especializado en este tipo de intervenciones, por lo tanto, puedes confiar. Ahora bien, como en todas partes, hay grandes profesionales, pero tambi\u00e9n existe el intrusismo. As\u00ed pues, ante todo debes confirmar la profesionalidad y experiencia. <strong>Cl\u00ednica Nexus lo ha hecho por ti, nos hemos trasladado a Turqu\u00eda, hemos hecho un estudio valorativo y finalmente hemos establecido un acuerdo con Estechic, una sociedad hispano-italiana situada en Estambul, con m\u00e1s de 15 a\u00f1os de experiencia, y que opera en la cl\u00ednica Florence Nightingale, considerada de las m\u00e1s exclusivas y prestigiosas. Acreditada por la Joint Comission International, la certificaci\u00f3n de calidad hospitalaria m\u00e1s exigente actualmente.<\/strong><\/li>\n<li><strong> \u00bfY si no quiero o no puedo viajar hasta all\u00ed? <\/strong>Tambi\u00e9n te damos la opci\u00f3n a realizarte la intervenci\u00f3n <strong>en Barcelona, \u200b\u200bde la mano de cirujanos especializados.<\/strong><\/li>\n<li><strong> \u00bfQu\u00e9 t\u00e9cnicas son las mejores?<\/strong> Despu\u00e9s de una valoraci\u00f3n previa y dependiendo de tu caso, las mejores t\u00e9cnicas son FUE Zafiro o DHI.<\/li>\n<\/ol>\n<p>En cuanto a la <strong>T\u00e9cnica FUE Zafiro<\/strong> consiste en extraer fol\u00edculos del \u00e1rea donante (generalmente nuca) sin da\u00f1ar el bulbo, se seleccionan los mejores y se injertan en la zona receptora. Se utilizan hojas de zafiro para obtener un proceso de recuperaci\u00f3n m\u00e1s r\u00e1pido, ya que la apertura de microcanales es m\u00e1s peque\u00f1a y precisa, dando un resultado m\u00e1s denso de pelo y una apariencia m\u00e1s natural.<\/p>\n<p>Y la <strong>T\u00e9cnica DHI<\/strong>, se realiza mediante un l\u00e1piz espec\u00edfico, se implanta el fol\u00edculo de manera directa una vez extra\u00eddo, reduciendo el tiempo durante el cual \u00e9ste est\u00e1 en condiciones externas. <strong>Se aconseja en caso de no querer rasurar el cabello en la zona receptora, as\u00ed pues, es el m\u00e9todo m\u00e1s elegido por mujeres<\/strong>. Tambi\u00e9n se aconseja en casos de riesgo de sangrado. Hay que tener en cuenta, que suele realizarse en \u00e1reas con menos p\u00e9rdida de cabello.<\/p>\n<p>Ambas se realizan bajo anestesia local, y la duraci\u00f3n de la intervenci\u00f3n puede oscilar entre 6 a 9 horas, dependiendo de los bulbos a trasplantar.<\/p>\n<ol start=\"4\">\n<li><strong> \u00bfQu\u00e9 me garantiza seguridad a la hora de decidirme? <\/strong>El trasplante capilar es una cirug\u00eda, por lo tanto, tienes que saber d\u00f3nde te lo hacen, si son m\u00e9dicos quienes practican la intervenci\u00f3n y si te lo hacen en un quir\u00f3fano o sala que cumpla la normativa higi\u00e9nico-sanitaria. Nosotros te lo garantizamos. Rechaza lugares donde te lo hagan solo t\u00e9cnicos y en una consulta.<\/li>\n<li><strong> \u00bfCu\u00e1l es el precio real de este tipo de intervenciones?<\/strong> El precio var\u00eda seg\u00fan si lo haces en Turqu\u00eda o en Espa\u00f1a, por el motivo que te explic\u00e1bamos al inicio. En Espa\u00f1a el precio medio en cl\u00ednicas profesionales es a partir de los 3.000 \u20ac. Debes tener en cuenta que algunas cl\u00ednicas te limitan el n\u00famero de fol\u00edculos que te implantan. En nuestro caso, el precio es desde 2.600 \u20ac con el m\u00e1ximo de fol\u00edculos. Puedes visitar nuestra web para ver qu\u00e9 incluye si viajas a Turqu\u00eda.<\/li>\n<li><strong> \u00bfCu\u00e1ndo empiezo a ver resultados?<\/strong> Los resultados se empiezan a ver a partir del 4\u00ba-6\u00ba mes despu\u00e9s de la intervenci\u00f3n. El postoperatorio es clave en el \u00e9xito del resultado, aqu\u00ed deben informarte bien sobre qu\u00e9 hacer durante el proceso. Existen tratamientos postoperatorios, como sesiones con PRP (Plasma Rico en Plaquetas) que refuerzan el crecimiento del nuevo cabello y contribuyen a un resultado espectacular.<\/li>\n<\/ol>\n<p>&nbsp;<\/p>\n<p><em>\u00a1Da el paso, y vuelve a ser t\u00fa!<\/em><\/p>\n<p><em>Pide una primera visita informativa gratuita con nosotros, y valoraremos tu caso personalmente.<\/em><\/p>\n<p>&nbsp;<\/p>\n<p style=\"text-align: center;\"><a href=\"https:\/\/grupnexus.com\/wp-content\/uploads\/2020\/02\/magazinefebrer2020castella.pdf\" target=\"_blank\" rel=\"noopener noreferrer\">Descargar la publicaci\u00f3n en pdf.<\/a><\/p>\n","protected":false},"excerpt":{"rendered":"<p>La gen\u00e9tica, las alteraciones hormonales, la mala alimentaci\u00f3n y el estr\u00e9s son los principales causantes de la alopecia. Esta es motivo de preocupaci\u00f3n de cada vez para m\u00e1s personas hoy en d\u00eda, indistintamente del sexo y la edad. Existen t\u00e9cnicas y tratamientos de prevenci\u00f3n y mejora, aunque para que realmente se vea un resultado, se&#8230;<\/p>\n","protected":false},"author":6,"featured_media":43067,"comment_status":"closed","ping_status":"closed","sticky":false,"template":"","format":"standard","meta":[],"categories":[2,330],"tags":[],"yoast_head":"<!-- This site is optimized with the Yoast SEO plugin v18.6 - https:\/\/yoast.com\/wordpress\/plugins\/seo\/ -->\n<title>FAQS sobre el Trasplante Capilar<\/title>\n<meta name=\"robots\" content=\"index, follow, max-snippet:-1, max-image-preview:large, max-video-preview:-1\" \/>\n<link rel=\"canonical\" href=\"https:\/\/grupnexus.com\/es\/faqs-sobre-el-trasplante-capilar\/\" \/>\n<meta property=\"og:locale\" content=\"es_ES\" \/>\n<meta property=\"og:type\" content=\"article\" \/>\n<meta property=\"og:title\" content=\"FAQS sobre el Trasplante Capilar\" \/>\n<meta property=\"og:description\" content=\"La gen\u00e9tica, las alteraciones hormonales, la mala alimentaci\u00f3n y el estr\u00e9s son los principales causantes de la alopecia. Esta es motivo de preocupaci\u00f3n de cada vez para m\u00e1s personas hoy en d\u00eda, indistintamente del sexo y la edad. Existen t\u00e9cnicas y tratamientos de prevenci\u00f3n y mejora, aunque para que realmente se vea un resultado, se...\" \/>\n<meta property=\"og:url\" content=\"https:\/\/grupnexus.com\/es\/faqs-sobre-el-trasplante-capilar\/\" \/>\n<meta property=\"og:site_name\" content=\"Cl\u00ednica Nexus\" \/>\n<meta property=\"article:published_time\" content=\"2020-02-12T08:36:06+00:00\" \/>\n<meta property=\"article:modified_time\" content=\"2023-02-28T14:28:13+00:00\" \/>\n<meta property=\"og:image\" content=\"https:\/\/grupnexus.com\/wp-content\/uploads\/2020\/02\/Quir\u00f2fan2.jpg\" \/>\n\t<meta property=\"og:image:width\" content=\"1024\" \/>\n\t<meta property=\"og:image:height\" content=\"1018\" \/>\n\t<meta property=\"og:image:type\" content=\"image\/jpeg\" \/>\n<meta name=\"twitter:card\" content=\"summary\" \/>\n<meta name=\"twitter:label1\" content=\"Escrito por\" \/>\n\t<meta name=\"twitter:data1\" content=\"Cl\u00ednica Nexus\" \/>\n\t<meta name=\"twitter:label2\" content=\"Tiempo de lectura\" \/>\n\t<meta name=\"twitter:data2\" content=\"4 minutos\" \/>\n<script type=\"application\/ld+json\" class=\"yoast-schema-graph\">{\"@context\":\"https:\/\/schema.org\",\"@graph\":[{\"@type\":\"WebSite\",\"@id\":\"https:\/\/grupnexus.com\/es\/#website\",\"url\":\"https:\/\/grupnexus.com\/es\/\",\"name\":\"Cl\u00ednica Nexus\",\"description\":\"L\u00edders en Medicina Est\u00e8tica Avan\u00e7ada\",\"potentialAction\":[{\"@type\":\"SearchAction\",\"target\":{\"@type\":\"EntryPoint\",\"urlTemplate\":\"https:\/\/grupnexus.com\/es\/?s={search_term_string}\"},\"query-input\":\"required name=search_term_string\"}],\"inLanguage\":\"es\"},{\"@type\":\"ImageObject\",\"@id\":\"https:\/\/grupnexus.com\/es\/faqs-sobre-el-trasplante-capilar\/#primaryimage\",\"inLanguage\":\"es\",\"url\":\"https:\/\/grupnexus.com\/wp-content\/uploads\/2020\/02\/Quir\u00f2fan2.jpg\",\"contentUrl\":\"https:\/\/grupnexus.com\/wp-content\/uploads\/2020\/02\/Quir\u00f2fan2.jpg\",\"width\":1024,\"height\":1018,\"caption\":\"trasplantament capil\u00b7lar\"},{\"@type\":\"WebPage\",\"@id\":\"https:\/\/grupnexus.com\/es\/faqs-sobre-el-trasplante-capilar\/#webpage\",\"url\":\"https:\/\/grupnexus.com\/es\/faqs-sobre-el-trasplante-capilar\/\",\"name\":\"FAQS sobre el Trasplante Capilar\",\"isPartOf\":{\"@id\":\"https:\/\/grupnexus.com\/es\/#website\"},\"primaryImageOfPage\":{\"@id\":\"https:\/\/grupnexus.com\/es\/faqs-sobre-el-trasplante-capilar\/#primaryimage\"},\"datePublished\":\"2020-02-12T08:36:06+00:00\",\"dateModified\":\"2023-02-28T14:28:13+00:00\",\"author\":{\"@id\":\"https:\/\/grupnexus.com\/es\/#\/schema\/person\/7d42f30e6bd203d23a2c1613b51145c3\"},\"breadcrumb\":{\"@id\":\"https:\/\/grupnexus.com\/es\/faqs-sobre-el-trasplante-capilar\/#breadcrumb\"},\"inLanguage\":\"es\",\"potentialAction\":[{\"@type\":\"ReadAction\",\"target\":[\"https:\/\/grupnexus.com\/es\/faqs-sobre-el-trasplante-capilar\/\"]}]},{\"@type\":\"BreadcrumbList\",\"@id\":\"https:\/\/grupnexus.com\/es\/faqs-sobre-el-trasplante-capilar\/#breadcrumb\",\"itemListElement\":[{\"@type\":\"ListItem\",\"position\":1,\"name\":\"Portada\",\"item\":\"https:\/\/grupnexus.com\/es\/\"},{\"@type\":\"ListItem\",\"position\":2,\"name\":\"FAQS sobre el Trasplante Capilar\"}]},{\"@type\":\"Person\",\"@id\":\"https:\/\/grupnexus.com\/es\/#\/schema\/person\/7d42f30e6bd203d23a2c1613b51145c3\",\"name\":\"Cl\u00ednica Nexus\",\"image\":{\"@type\":\"ImageObject\",\"@id\":\"https:\/\/grupnexus.com\/es\/#personlogo\",\"inLanguage\":\"es\",\"url\":\"https:\/\/secure.gravatar.com\/avatar\/f1f98ef0d641a3a6af0accea5a5971ef?s=96&d=mm&r=g\",\"contentUrl\":\"https:\/\/secure.gravatar.com\/avatar\/f1f98ef0d641a3a6af0accea5a5971ef?s=96&d=mm&r=g\",\"caption\":\"Cl\u00ednica Nexus\"}}]}<\/script>\n<!-- \/ Yoast SEO plugin. -->","yoast_head_json":{"title":"FAQS sobre el Trasplante Capilar","robots":{"index":"index","follow":"follow","max-snippet":"max-snippet:-1","max-image-preview":"max-image-preview:large","max-video-preview":"max-video-preview:-1"},"canonical":"https:\/\/grupnexus.com\/es\/faqs-sobre-el-trasplante-capilar\/","og_locale":"es_ES","og_type":"article","og_title":"FAQS sobre el Trasplante Capilar","og_description":"La gen\u00e9tica, las alteraciones hormonales, la mala alimentaci\u00f3n y el estr\u00e9s son los principales causantes de la alopecia. Esta es motivo de preocupaci\u00f3n de cada vez para m\u00e1s personas hoy en d\u00eda, indistintamente del sexo y la edad. Existen t\u00e9cnicas y tratamientos de prevenci\u00f3n y mejora, aunque para que realmente se vea un resultado, se...","og_url":"https:\/\/grupnexus.com\/es\/faqs-sobre-el-trasplante-capilar\/","og_site_name":"Cl\u00ednica Nexus","article_published_time":"2020-02-12T08:36:06+00:00","article_modified_time":"2023-02-28T14:28:13+00:00","og_image":[{"width":1024,"height":1018,"url":"https:\/\/grupnexus.com\/wp-content\/uploads\/2020\/02\/Quir\u00f2fan2.jpg","type":"image\/jpeg"}],"twitter_card":"summary","twitter_misc":{"Escrito por":"Cl\u00ednica Nexus","Tiempo de lectura":"4 minutos"},"schema":{"@context":"https:\/\/schema.org","@graph":[{"@type":"WebSite","@id":"https:\/\/grupnexus.com\/es\/#website","url":"https:\/\/grupnexus.com\/es\/","name":"Cl\u00ednica Nexus","description":"L\u00edders en Medicina Est\u00e8tica Avan\u00e7ada","potentialAction":[{"@type":"SearchAction","target":{"@type":"EntryPoint","urlTemplate":"https:\/\/grupnexus.com\/es\/?s={search_term_string}"},"query-input":"required name=search_term_string"}],"inLanguage":"es"},{"@type":"ImageObject","@id":"https:\/\/grupnexus.com\/es\/faqs-sobre-el-trasplante-capilar\/#primaryimage","inLanguage":"es","url":"https:\/\/grupnexus.com\/wp-content\/uploads\/2020\/02\/Quir\u00f2fan2.jpg","contentUrl":"https:\/\/grupnexus.com\/wp-content\/uploads\/2020\/02\/Quir\u00f2fan2.jpg","width":1024,"height":1018,"caption":"trasplantament capil\u00b7lar"},{"@type":"WebPage","@id":"https:\/\/grupnexus.com\/es\/faqs-sobre-el-trasplante-capilar\/#webpage","url":"https:\/\/grupnexus.com\/es\/faqs-sobre-el-trasplante-capilar\/","name":"FAQS sobre el Trasplante Capilar","isPartOf":{"@id":"https:\/\/grupnexus.com\/es\/#website"},"primaryImageOfPage":{"@id":"https:\/\/grupnexus.com\/es\/faqs-sobre-el-trasplante-capilar\/#primaryimage"},"datePublished":"2020-02-12T08:36:06+00:00","dateModified":"2023-02-28T14:28:13+00:00","author":{"@id":"https:\/\/grupnexus.com\/es\/#\/schema\/person\/7d42f30e6bd203d23a2c1613b51145c3"},"breadcrumb":{"@id":"https:\/\/grupnexus.com\/es\/faqs-sobre-el-trasplante-capilar\/#breadcrumb"},"inLanguage":"es","potentialAction":[{"@type":"ReadAction","target":["https:\/\/grupnexus.com\/es\/faqs-sobre-el-trasplante-capilar\/"]}]},{"@type":"BreadcrumbList","@id":"https:\/\/grupnexus.com\/es\/faqs-sobre-el-trasplante-capilar\/#breadcrumb","itemListElement":[{"@type":"ListItem","position":1,"name":"Portada","item":"https:\/\/grupnexus.com\/es\/"},{"@type":"ListItem","position":2,"name":"FAQS sobre el Trasplante Capilar"}]},{"@type":"Person","@id":"https:\/\/grupnexus.com\/es\/#\/schema\/person\/7d42f30e6bd203d23a2c1613b51145c3","name":"Cl\u00ednica Nexus","image":{"@type":"ImageObject","@id":"https:\/\/grupnexus.com\/es\/#personlogo","inLanguage":"es","url":"https:\/\/secure.gravatar.com\/avatar\/f1f98ef0d641a3a6af0accea5a5971ef?s=96&d=mm&r=g","contentUrl":"https:\/\/secure.gravatar.com\/avatar\/f1f98ef0d641a3a6af0accea5a5971ef?s=96&d=mm&r=g","caption":"Cl\u00ednica Nexus"}}]}},"_links":{"self":[{"href":"https:\/\/grupnexus.com\/es\/wp-json\/wp\/v2\/posts\/43073"}],"collection":[{"href":"https:\/\/grupnexus.com\/es\/wp-json\/wp\/v2\/posts"}],"about":[{"href":"https:\/\/grupnexus.com\/es\/wp-json\/wp\/v2\/types\/post"}],"author":[{"embeddable":true,"href":"https:\/\/grupnexus.com\/es\/wp-json\/wp\/v2\/users\/6"}],"replies":[{"embeddable":true,"href":"https:\/\/grupnexus.com\/es\/wp-json\/wp\/v2\/comments?post=43073"}],"version-history":[{"count":5,"href":"https:\/\/grupnexus.com\/es\/wp-json\/wp\/v2\/posts\/43073\/revisions"}],"predecessor-version":[{"id":52038,"href":"https:\/\/grupnexus.com\/es\/wp-json\/wp\/v2\/posts\/43073\/revisions\/52038"}],"wp:featuredmedia":[{"embeddable":true,"href":"https:\/\/grupnexus.com\/es\/wp-json\/wp\/v2\/media\/43067"}],"wp:attachment":[{"href":"https:\/\/grupnexus.com\/es\/wp-json\/wp\/v2\/media?parent=43073"}],"wp:term":[{"taxonomy":"category","embeddable":true,"href":"https:\/\/grupnexus.com\/es\/wp-json\/wp\/v2\/categories?post=43073"},{"taxonomy":"post_tag","embeddable":true,"href":"https:\/\/grupnexus.com\/es\/wp-json\/wp\/v2\/tags?post=43073"}],"curies":[{"name":"wp","href":"https:\/\/api.w.org\/{rel}","templated":true}]}}