{"id":43094,"date":"2020-02-12T18:50:47","date_gmt":"2020-02-12T16:50:47","guid":{"rendered":"https:\/\/www.grupnexus.com\/?p=43094"},"modified":"2020-03-24T12:53:02","modified_gmt":"2020-03-24T10:53:02","slug":"que-debo-hacer-para-reducir-abdomen-y-marcar-musculatura","status":"publish","type":"post","link":"https:\/\/grupnexus.com\/es\/que-debo-hacer-para-reducir-abdomen-y-marcar-musculatura\/","title":{"rendered":"\u00bfQu\u00e9 debo hacer para reducir abdomen y marcar musculatura?"},"content":{"rendered":"<h2>\u00bfQu\u00e9 debo hacer para reducir abdomen y marcar musculatura?<\/h2>\n<p><span style=\"font-weight: 400;\">Actualmente hablamos m\u00e1s de core o n\u00facleo, que de abdominales en s\u00ed. El core est\u00e1 formado por varios m\u00fasculos como los abdominales (frontal y los dos lados), gl\u00fateos y paravertebrales (detr\u00e1s), diafragma (arriba), y suelo p\u00e9lvico y cadera (inferior). Y est\u00e1 demostrado que la manera de trabajar mejor, es hacerlo como un todo. Para conseguir la definici\u00f3n que est\u00e1s buscando, tienes que entrenar conjuntamente todo el core y en todas direcciones.<\/span><\/p>\n<p><span style=\"font-weight: 400;\">No vale hacer 50 o 100 repeticiones de abdominales cl\u00e1sicos y m\u00e1s conocidos por todos, tumbados de espalda arriba y flexionando la parte abdominal, llamados Crunch. Sino que el trabajo debe ser diverso y complementario. <strong>Siempre aconsejo menos repeticiones, pero m\u00e1s conciencia del m\u00fasculo que trabajas, no hay que ir r\u00e1pido al hacer abdominales, t\u00f3mate tu tiempo y escucha que siente tu cuerpo.<\/strong><\/span><\/p>\n<p><span style=\"font-weight: 400;\">Combina ejercicios que ayuden a consumir grasa al tiempo que esculpen y tonifican el m\u00fasculo.<\/span><\/p>\n<p><span style=\"font-weight: 400;\">Hay infinidad de t\u00e9cnicas abdominales, que puedes complementar con diferentes materiales. Los est\u00e1ticos o isom\u00e9tricos (diferentes variantes de plancha, con pelota fitball o sin) y los hipopresivos son los m\u00e1s efectivos y saludables.<\/span><\/p>\n<p><span style=\"font-weight: 400;\">Referente a Crunch que hemos nombrado anteriormente, actualmente se desaconsejan porque no son funcionales, nos podemos lesionar, y no tienen ninguna transferencia con ning\u00fan deporte, y nunca bajaremos \u00abpanza\u00bb haciendo crunch.<\/span><\/p>\n<p><span style=\"font-weight: 400;\">Haz tus abdominales despu\u00e9s del ejercicio de fuerza, para evitar sobrecargar la zona y una posible lesi\u00f3n.<\/span><\/p>\n<p><span style=\"font-weight: 400;\">Con 10-15 minutos y 2-3 d\u00edas por semana es m\u00e1s que suficiente.<\/span><\/p>\n<p><span style=\"font-weight: 400;\">Por \u00faltimo, hay que saber que<strong> la dieta representa un 50% de tu resultado, el ejercicio un 40% y la gen\u00e9tica un 10%<\/strong>. Con ello, intenta consumir pocas grasas y m\u00e1s prote\u00edna saludable.\u00a0<\/span><\/p>\n","protected":false},"excerpt":{"rendered":"<p>\u00bfQu\u00e9 debo hacer para reducir abdomen y marcar musculatura? Actualmente hablamos m\u00e1s de core o n\u00facleo, que de abdominales en s\u00ed. El core est\u00e1 formado por varios m\u00fasculos como los abdominales (frontal y los dos lados), gl\u00fateos y paravertebrales (detr\u00e1s), diafragma (arriba), y suelo p\u00e9lvico y cadera (inferior). Y est\u00e1 demostrado que la manera de&#8230;<\/p>\n","protected":false},"author":6,"featured_media":43606,"comment_status":"closed","ping_status":"closed","sticky":false,"template":"","format":"standard","meta":[],"categories":[575],"tags":[],"yoast_head":"<!-- This site is optimized with the Yoast SEO plugin v18.6 - https:\/\/yoast.com\/wordpress\/plugins\/seo\/ -->\n<title>\u00bfQu\u00e9 debo hacer para reducir abdomen y marcar musculatura?<\/title>\n<meta name=\"robots\" content=\"index, follow, max-snippet:-1, max-image-preview:large, max-video-preview:-1\" \/>\n<link rel=\"canonical\" href=\"https:\/\/grupnexus.com\/es\/que-debo-hacer-para-reducir-abdomen-y-marcar-musculatura\/\" \/>\n<meta property=\"og:locale\" content=\"es_ES\" \/>\n<meta property=\"og:type\" content=\"article\" \/>\n<meta property=\"og:title\" content=\"\u00bfQu\u00e9 debo hacer para reducir abdomen y marcar musculatura?\" \/>\n<meta property=\"og:description\" content=\"\u00bfQu\u00e9 debo hacer para reducir abdomen y marcar musculatura? Actualmente hablamos m\u00e1s de core o n\u00facleo, que de abdominales en s\u00ed. El core est\u00e1 formado por varios m\u00fasculos como los abdominales (frontal y los dos lados), gl\u00fateos y paravertebrales (detr\u00e1s), diafragma (arriba), y suelo p\u00e9lvico y cadera (inferior). Y est\u00e1 demostrado que la manera de...\" \/>\n<meta property=\"og:url\" content=\"https:\/\/grupnexus.com\/es\/que-debo-hacer-para-reducir-abdomen-y-marcar-musculatura\/\" \/>\n<meta property=\"og:site_name\" content=\"Cl\u00ednica Nexus\" \/>\n<meta property=\"article:published_time\" content=\"2020-02-12T16:50:47+00:00\" \/>\n<meta property=\"article:modified_time\" content=\"2020-03-24T10:53:02+00:00\" \/>\n<meta property=\"og:image\" content=\"https:\/\/grupnexus.com\/wp-content\/uploads\/2020\/02\/body-sculpture-es.png\" \/>\n\t<meta property=\"og:image:width\" content=\"1876\" \/>\n\t<meta property=\"og:image:height\" content=\"939\" \/>\n\t<meta property=\"og:image:type\" content=\"image\/png\" \/>\n<meta name=\"twitter:card\" content=\"summary\" \/>\n<meta name=\"twitter:label1\" content=\"Escrito por\" \/>\n\t<meta name=\"twitter:data1\" content=\"Cl\u00ednica Nexus\" \/>\n\t<meta name=\"twitter:label2\" content=\"Tiempo de lectura\" \/>\n\t<meta name=\"twitter:data2\" content=\"2 minutos\" \/>\n<script type=\"application\/ld+json\" class=\"yoast-schema-graph\">{\"@context\":\"https:\/\/schema.org\",\"@graph\":[{\"@type\":\"WebSite\",\"@id\":\"https:\/\/grupnexus.com\/es\/#website\",\"url\":\"https:\/\/grupnexus.com\/es\/\",\"name\":\"Cl\u00ednica Nexus\",\"description\":\"L\u00edders en Medicina Est\u00e8tica Avan\u00e7ada\",\"potentialAction\":[{\"@type\":\"SearchAction\",\"target\":{\"@type\":\"EntryPoint\",\"urlTemplate\":\"https:\/\/grupnexus.com\/es\/?s={search_term_string}\"},\"query-input\":\"required name=search_term_string\"}],\"inLanguage\":\"es\"},{\"@type\":\"ImageObject\",\"@id\":\"https:\/\/grupnexus.com\/es\/que-debo-hacer-para-reducir-abdomen-y-marcar-musculatura\/#primaryimage\",\"inLanguage\":\"es\",\"url\":\"https:\/\/grupnexus.com\/wp-content\/uploads\/2020\/02\/body-sculpture-es.png\",\"contentUrl\":\"https:\/\/grupnexus.com\/wp-content\/uploads\/2020\/02\/body-sculpture-es.png\",\"width\":1876,\"height\":939,\"caption\":\"abdominales perfectos\"},{\"@type\":\"WebPage\",\"@id\":\"https:\/\/grupnexus.com\/es\/que-debo-hacer-para-reducir-abdomen-y-marcar-musculatura\/#webpage\",\"url\":\"https:\/\/grupnexus.com\/es\/que-debo-hacer-para-reducir-abdomen-y-marcar-musculatura\/\",\"name\":\"\u00bfQu\u00e9 debo hacer para reducir abdomen y marcar musculatura?\",\"isPartOf\":{\"@id\":\"https:\/\/grupnexus.com\/es\/#website\"},\"primaryImageOfPage\":{\"@id\":\"https:\/\/grupnexus.com\/es\/que-debo-hacer-para-reducir-abdomen-y-marcar-musculatura\/#primaryimage\"},\"datePublished\":\"2020-02-12T16:50:47+00:00\",\"dateModified\":\"2020-03-24T10:53:02+00:00\",\"author\":{\"@id\":\"https:\/\/grupnexus.com\/es\/#\/schema\/person\/7d42f30e6bd203d23a2c1613b51145c3\"},\"breadcrumb\":{\"@id\":\"https:\/\/grupnexus.com\/es\/que-debo-hacer-para-reducir-abdomen-y-marcar-musculatura\/#breadcrumb\"},\"inLanguage\":\"es\",\"potentialAction\":[{\"@type\":\"ReadAction\",\"target\":[\"https:\/\/grupnexus.com\/es\/que-debo-hacer-para-reducir-abdomen-y-marcar-musculatura\/\"]}]},{\"@type\":\"BreadcrumbList\",\"@id\":\"https:\/\/grupnexus.com\/es\/que-debo-hacer-para-reducir-abdomen-y-marcar-musculatura\/#breadcrumb\",\"itemListElement\":[{\"@type\":\"ListItem\",\"position\":1,\"name\":\"Portada\",\"item\":\"https:\/\/grupnexus.com\/es\/\"},{\"@type\":\"ListItem\",\"position\":2,\"name\":\"\u00bfQu\u00e9 debo hacer para reducir abdomen y marcar musculatura?\"}]},{\"@type\":\"Person\",\"@id\":\"https:\/\/grupnexus.com\/es\/#\/schema\/person\/7d42f30e6bd203d23a2c1613b51145c3\",\"name\":\"Cl\u00ednica Nexus\",\"image\":{\"@type\":\"ImageObject\",\"@id\":\"https:\/\/grupnexus.com\/es\/#personlogo\",\"inLanguage\":\"es\",\"url\":\"https:\/\/secure.gravatar.com\/avatar\/f1f98ef0d641a3a6af0accea5a5971ef?s=96&d=mm&r=g\",\"contentUrl\":\"https:\/\/secure.gravatar.com\/avatar\/f1f98ef0d641a3a6af0accea5a5971ef?s=96&d=mm&r=g\",\"caption\":\"Cl\u00ednica Nexus\"}}]}<\/script>\n<!-- \/ Yoast SEO plugin. -->","yoast_head_json":{"title":"\u00bfQu\u00e9 debo hacer para reducir abdomen y marcar musculatura?","robots":{"index":"index","follow":"follow","max-snippet":"max-snippet:-1","max-image-preview":"max-image-preview:large","max-video-preview":"max-video-preview:-1"},"canonical":"https:\/\/grupnexus.com\/es\/que-debo-hacer-para-reducir-abdomen-y-marcar-musculatura\/","og_locale":"es_ES","og_type":"article","og_title":"\u00bfQu\u00e9 debo hacer para reducir abdomen y marcar musculatura?","og_description":"\u00bfQu\u00e9 debo hacer para reducir abdomen y marcar musculatura? Actualmente hablamos m\u00e1s de core o n\u00facleo, que de abdominales en s\u00ed. El core est\u00e1 formado por varios m\u00fasculos como los abdominales (frontal y los dos lados), gl\u00fateos y paravertebrales (detr\u00e1s), diafragma (arriba), y suelo p\u00e9lvico y cadera (inferior). Y est\u00e1 demostrado que la manera de...","og_url":"https:\/\/grupnexus.com\/es\/que-debo-hacer-para-reducir-abdomen-y-marcar-musculatura\/","og_site_name":"Cl\u00ednica Nexus","article_published_time":"2020-02-12T16:50:47+00:00","article_modified_time":"2020-03-24T10:53:02+00:00","og_image":[{"width":1876,"height":939,"url":"https:\/\/grupnexus.com\/wp-content\/uploads\/2020\/02\/body-sculpture-es.png","type":"image\/png"}],"twitter_card":"summary","twitter_misc":{"Escrito por":"Cl\u00ednica Nexus","Tiempo de lectura":"2 minutos"},"schema":{"@context":"https:\/\/schema.org","@graph":[{"@type":"WebSite","@id":"https:\/\/grupnexus.com\/es\/#website","url":"https:\/\/grupnexus.com\/es\/","name":"Cl\u00ednica Nexus","description":"L\u00edders en Medicina Est\u00e8tica Avan\u00e7ada","potentialAction":[{"@type":"SearchAction","target":{"@type":"EntryPoint","urlTemplate":"https:\/\/grupnexus.com\/es\/?s={search_term_string}"},"query-input":"required name=search_term_string"}],"inLanguage":"es"},{"@type":"ImageObject","@id":"https:\/\/grupnexus.com\/es\/que-debo-hacer-para-reducir-abdomen-y-marcar-musculatura\/#primaryimage","inLanguage":"es","url":"https:\/\/grupnexus.com\/wp-content\/uploads\/2020\/02\/body-sculpture-es.png","contentUrl":"https:\/\/grupnexus.com\/wp-content\/uploads\/2020\/02\/body-sculpture-es.png","width":1876,"height":939,"caption":"abdominales perfectos"},{"@type":"WebPage","@id":"https:\/\/grupnexus.com\/es\/que-debo-hacer-para-reducir-abdomen-y-marcar-musculatura\/#webpage","url":"https:\/\/grupnexus.com\/es\/que-debo-hacer-para-reducir-abdomen-y-marcar-musculatura\/","name":"\u00bfQu\u00e9 debo hacer para reducir abdomen y marcar musculatura?","isPartOf":{"@id":"https:\/\/grupnexus.com\/es\/#website"},"primaryImageOfPage":{"@id":"https:\/\/grupnexus.com\/es\/que-debo-hacer-para-reducir-abdomen-y-marcar-musculatura\/#primaryimage"},"datePublished":"2020-02-12T16:50:47+00:00","dateModified":"2020-03-24T10:53:02+00:00","author":{"@id":"https:\/\/grupnexus.com\/es\/#\/schema\/person\/7d42f30e6bd203d23a2c1613b51145c3"},"breadcrumb":{"@id":"https:\/\/grupnexus.com\/es\/que-debo-hacer-para-reducir-abdomen-y-marcar-musculatura\/#breadcrumb"},"inLanguage":"es","potentialAction":[{"@type":"ReadAction","target":["https:\/\/grupnexus.com\/es\/que-debo-hacer-para-reducir-abdomen-y-marcar-musculatura\/"]}]},{"@type":"BreadcrumbList","@id":"https:\/\/grupnexus.com\/es\/que-debo-hacer-para-reducir-abdomen-y-marcar-musculatura\/#breadcrumb","itemListElement":[{"@type":"ListItem","position":1,"name":"Portada","item":"https:\/\/grupnexus.com\/es\/"},{"@type":"ListItem","position":2,"name":"\u00bfQu\u00e9 debo hacer para reducir abdomen y marcar musculatura?"}]},{"@type":"Person","@id":"https:\/\/grupnexus.com\/es\/#\/schema\/person\/7d42f30e6bd203d23a2c1613b51145c3","name":"Cl\u00ednica Nexus","image":{"@type":"ImageObject","@id":"https:\/\/grupnexus.com\/es\/#personlogo","inLanguage":"es","url":"https:\/\/secure.gravatar.com\/avatar\/f1f98ef0d641a3a6af0accea5a5971ef?s=96&d=mm&r=g","contentUrl":"https:\/\/secure.gravatar.com\/avatar\/f1f98ef0d641a3a6af0accea5a5971ef?s=96&d=mm&r=g","caption":"Cl\u00ednica Nexus"}}]}},"_links":{"self":[{"href":"https:\/\/grupnexus.com\/es\/wp-json\/wp\/v2\/posts\/43094"}],"collection":[{"href":"https:\/\/grupnexus.com\/es\/wp-json\/wp\/v2\/posts"}],"about":[{"href":"https:\/\/grupnexus.com\/es\/wp-json\/wp\/v2\/types\/post"}],"author":[{"embeddable":true,"href":"https:\/\/grupnexus.com\/es\/wp-json\/wp\/v2\/users\/6"}],"replies":[{"embeddable":true,"href":"https:\/\/grupnexus.com\/es\/wp-json\/wp\/v2\/comments?post=43094"}],"version-history":[{"count":10,"href":"https:\/\/grupnexus.com\/es\/wp-json\/wp\/v2\/posts\/43094\/revisions"}],"predecessor-version":[{"id":43328,"href":"https:\/\/grupnexus.com\/es\/wp-json\/wp\/v2\/posts\/43094\/revisions\/43328"}],"wp:featuredmedia":[{"embeddable":true,"href":"https:\/\/grupnexus.com\/es\/wp-json\/wp\/v2\/media\/43606"}],"wp:attachment":[{"href":"https:\/\/grupnexus.com\/es\/wp-json\/wp\/v2\/media?parent=43094"}],"wp:term":[{"taxonomy":"category","embeddable":true,"href":"https:\/\/grupnexus.com\/es\/wp-json\/wp\/v2\/categories?post=43094"},{"taxonomy":"post_tag","embeddable":true,"href":"https:\/\/grupnexus.com\/es\/wp-json\/wp\/v2\/tags?post=43094"}],"curies":[{"name":"wp","href":"https:\/\/api.w.org\/{rel}","templated":true}]}}