{"id":44991,"date":"2020-06-29T17:45:27","date_gmt":"2020-06-29T15:45:27","guid":{"rendered":"https:\/\/www.grupnexus.com\/biorevitalitzacio-facial\/"},"modified":"2020-07-01T09:21:33","modified_gmt":"2020-07-01T07:21:33","slug":"biorevitalizacion-facial","status":"publish","type":"post","link":"https:\/\/grupnexus.com\/es\/biorevitalizacion-facial\/","title":{"rendered":"Biorevitalizaci\u00f3n facial. Los nutrientes que tu piel necesita"},"content":{"rendered":"<h1>Biorevitalizaci\u00f3n facial. Los nutrientes que tu piel necesita<\/h1>\n<p>Cada piel es especial y \u00fanica, como t\u00fa, y necesita nutrientes para mantenerse joven, sana y espectacular.<\/p>\n<p>Uno de los secretos para mantener una piel tonificada y bioestimulada, es el combinado de vitaminas (A, B, C, E, K), minerales y amino\u00e1cidos que mejoran el balance biol\u00f3gico, proporcionando todo lo que tu piel necesita.<\/p>\n<p>Como hemos dicho al principio cada piel es \u00fanica, por lo que, el c\u00f3ctel debe estar preparado de manera espec\u00edfica por nuestro director m\u00e9dico, el Dr. Pin\u00f3s, quien estudia antes tu caso y personaliza el tratamiento.<\/p>\n<p>La Biorevitalizaci\u00f3n es id\u00f3nea para tratar cara, cuello, escote y tambi\u00e9n manos.<\/p>\n<h2>\u00bfQu\u00e9 aporta cada nutriente?<\/h2>\n<ul>\n<li><strong>Vitamina A:<\/strong> favorece la cicatrizaci\u00f3n, frena el envejecimiento cut\u00e1neo y da\u00f1ado por el sol. Reduce l\u00edneas de expresi\u00f3n y marcas de acn\u00e9. Suaviza y refuerza las defensas naturales.<\/li>\n<li><strong>Vitaminas grupo B:<\/strong> aceleran el metabolismo celular y regeneran la dermis, frenando los signos de la edad.<\/li>\n<li><strong>Vitamina C:<\/strong> frena la oxidaci\u00f3n, destruye los radicales libres, protege la piel frente a los rayos ultravioleta y favorece la producci\u00f3n de col\u00e1geno.<\/li>\n<li><strong>Vitamina E:<\/strong> repara las c\u00e9lulas y el envejecimiento prematuro y es antioxidante por excelencia. Tambi\u00e9n estimula la microcirculaci\u00f3n sangu\u00ednea.<\/li>\n<li><strong>Minerales:<\/strong> aportan nutritivos y tienen un efecto revitalizante.<\/li>\n<li><strong>Amino\u00e1cidos:<\/strong> reestructuran la piel, facilitan la oxigenaci\u00f3n profunda de la piel y regeneran el tejido conectivo, volvi\u00e9ndola m\u00e1s suave y el\u00e1stica.<\/li>\n<\/ul>\n<p>&nbsp;<\/p>\n<p>Dependiendo de tus objetivos y necesidades, podemos tambi\u00e9n sumar el <strong>\u00c1cido Hialur\u00f3nico,<\/strong> que hidrata la piel en profundidad y la redensifica, restaurando vol\u00famenes.<\/p>\n<p>Con la aplicaci\u00f3n de este c\u00f3ctel, consigues una bioestimulaci\u00f3n facial que <strong>combate la flacidez y el envejecimiento prematuro facial<\/strong>. Se obtiene una piel firme y lisa en rostro, cuello y escote.<\/p>\n<h2>\u00bfCu\u00e1ndo se aconseja la biorevitalizaci\u00f3n facial?<\/h2>\n<p>A partir de los 30 a\u00f1os, cuando aparecen los primeros signos de envejecimiento prematuro.<\/p>\n<h2>\u00bfC\u00f3mo son las sesiones?<\/h2>\n<p>Seg\u00fan el resultado que quieras conseguir y tus necesidades, podemos iniciar la sesi\u00f3n con un peeling para preparar la piel.<\/p>\n<p>Despu\u00e9s se aplicar\u00e1 una crema anest\u00e9sica durante unos 15 minutos, para poder infiltrar el c\u00f3ctel de vitaminas mediante unas peque\u00f1as agujas (mesoterapia) por v\u00eda transcut\u00e1nea. De este modo penetra en la dermis y se activa en profundidad la s\u00edntesis de col\u00e1geno y elastina.<\/p>\n<p>El tratamiento tambi\u00e9n puede aplicarse mediante dispositivos electr\u00f3nicos con microagujas a alta velocidad (<a href=\"https:\/\/grupnexus.com\/es\/grupo-nexus\/aparatologia\/gold-pen\/\">GoldPen<\/a>). En este caso no har\u00e1 falta aplicar crema anest\u00e9sica antes del tratamiento.<\/p>\n<p>A continuaci\u00f3n, es aconsejable una mascarilla hidratante y descongestiva, que calma y refresca la piel a la vez que la hidrata.<\/p>\n<p>Y para finalizar, aplicamos una sesi\u00f3n de fototerapia Led, que intensificar\u00e1 el resultado y lo har\u00e1 m\u00e1s perdurable.<\/p>\n<p>Cada sesi\u00f3n puede oscilar entre 30-60 minutos, seg\u00fan los tratamientos a aplicar.<\/p>\n<p>No requiere reposo y puedes volver a tus rutinas diarias inmediatamente.<\/p>\n<p>&nbsp;<\/p>\n<h2>\u00bfCu\u00e1ntas sesiones necesito?<\/h2>\n<p>Se aconseja hacer de 3 a 4 sesiones para afianzar los resultados. Primero ser\u00e1n mensuales y despu\u00e9s las espaciaremos en el tiempo seg\u00fan tu tipo de piel.<\/p>\n<p>El efecto puede perdurar hasta 12 o 18 meses, dependiendo tambi\u00e9n del tipo de piel.<\/p>\n<p>Muchas de vosotras no ped\u00eds un c\u00f3ctel flash personalizado cuando ten\u00e9is un evento importante y quer\u00e9is lucir un aspecto descansado, firme y luminoso, ya que su efecto es casi inmediato.<\/p>\n<h2>Cu\u00e1l es el resultado:<\/h2>\n<ul>\n<li>Rejuvenece y reduce las l\u00edneas de expresi\u00f3n y arrugas<\/li>\n<li>Reafirma y tonifica la dermis de cara, cuello, escote y manos<\/li>\n<li>Aumenta la elasticidad de la piel<\/li>\n<li>Hidrata en profundidad y aporta luminosidad<\/li>\n<li>Estimula la actividad de los fibroblastos, mejorando la regeneraci\u00f3n y estimulaci\u00f3n celular, as\u00ed como la neoformaci\u00f3n de col\u00e1geno<\/li>\n<\/ul>\n","protected":false},"excerpt":{"rendered":"<p>Biorevitalizaci\u00f3n facial. Los nutrientes que tu piel necesita Cada piel es especial y \u00fanica, como t\u00fa, y necesita nutrientes para mantenerse joven, sana y espectacular. Uno de los secretos para mantener una piel tonificada y bioestimulada, es el combinado de vitaminas (A, B, C, E, K), minerales y amino\u00e1cidos que mejoran el balance biol\u00f3gico, proporcionando&#8230;<\/p>\n","protected":false},"author":6,"featured_media":45002,"comment_status":"closed","ping_status":"closed","sticky":false,"template":"","format":"standard","meta":[],"categories":[2,330],"tags":[],"yoast_head":"<!-- This site is optimized with the Yoast SEO plugin v18.6 - https:\/\/yoast.com\/wordpress\/plugins\/seo\/ -->\n<title>Biorevitalizaci\u00f3n facial. Los nutrientes que tu piel necesita<\/title>\n<meta name=\"description\" content=\"Rejuvenece y reduce las l\u00edneas de expresi\u00f3n y arrugas, Aumenta la elasticidad de la piel. Combate la flacidez y el envejecimiento prematuro facial.\" \/>\n<meta name=\"robots\" content=\"index, follow, max-snippet:-1, max-image-preview:large, max-video-preview:-1\" \/>\n<link rel=\"canonical\" href=\"https:\/\/grupnexus.com\/es\/biorevitalizacion-facial\/\" \/>\n<meta property=\"og:locale\" content=\"es_ES\" \/>\n<meta property=\"og:type\" content=\"article\" \/>\n<meta property=\"og:title\" content=\"Biorevitalizaci\u00f3n facial. Los nutrientes que tu piel necesita\" \/>\n<meta property=\"og:description\" content=\"Rejuvenece y reduce las l\u00edneas de expresi\u00f3n y arrugas, Aumenta la elasticidad de la piel. Combate la flacidez y el envejecimiento prematuro facial.\" \/>\n<meta property=\"og:url\" content=\"https:\/\/grupnexus.com\/es\/biorevitalizacion-facial\/\" \/>\n<meta property=\"og:site_name\" content=\"Cl\u00ednica Nexus\" \/>\n<meta property=\"article:published_time\" content=\"2020-06-29T15:45:27+00:00\" \/>\n<meta property=\"article:modified_time\" content=\"2020-07-01T07:21:33+00:00\" \/>\n<meta property=\"og:image\" content=\"https:\/\/grupnexus.com\/wp-content\/uploads\/2020\/07\/biorevitalitzaci\u00f3.jpg\" \/>\n\t<meta property=\"og:image:width\" content=\"848\" \/>\n\t<meta property=\"og:image:height\" content=\"565\" \/>\n\t<meta property=\"og:image:type\" content=\"image\/jpeg\" \/>\n<meta name=\"twitter:card\" content=\"summary\" \/>\n<meta name=\"twitter:label1\" content=\"Escrito por\" \/>\n\t<meta name=\"twitter:data1\" content=\"Cl\u00ednica Nexus\" \/>\n\t<meta name=\"twitter:label2\" content=\"Tiempo de lectura\" \/>\n\t<meta name=\"twitter:data2\" content=\"3 minutos\" \/>\n<script type=\"application\/ld+json\" class=\"yoast-schema-graph\">{\"@context\":\"https:\/\/schema.org\",\"@graph\":[{\"@type\":\"WebSite\",\"@id\":\"https:\/\/grupnexus.com\/es\/#website\",\"url\":\"https:\/\/grupnexus.com\/es\/\",\"name\":\"Cl\u00ednica Nexus\",\"description\":\"L\u00edders en Medicina Est\u00e8tica Avan\u00e7ada\",\"potentialAction\":[{\"@type\":\"SearchAction\",\"target\":{\"@type\":\"EntryPoint\",\"urlTemplate\":\"https:\/\/grupnexus.com\/es\/?s={search_term_string}\"},\"query-input\":\"required name=search_term_string\"}],\"inLanguage\":\"es\"},{\"@type\":\"ImageObject\",\"@id\":\"https:\/\/grupnexus.com\/es\/biorevitalizacion-facial\/#primaryimage\",\"inLanguage\":\"es\",\"url\":\"https:\/\/grupnexus.com\/wp-content\/uploads\/2020\/07\/biorevitalitzaci\u00f3.jpg\",\"contentUrl\":\"https:\/\/grupnexus.com\/wp-content\/uploads\/2020\/07\/biorevitalitzaci\u00f3.jpg\",\"width\":848,\"height\":565,\"caption\":\"biorevitalitzaci\u00f3 facial\"},{\"@type\":\"WebPage\",\"@id\":\"https:\/\/grupnexus.com\/es\/biorevitalizacion-facial\/#webpage\",\"url\":\"https:\/\/grupnexus.com\/es\/biorevitalizacion-facial\/\",\"name\":\"Biorevitalizaci\u00f3n facial. Los nutrientes que tu piel necesita\",\"isPartOf\":{\"@id\":\"https:\/\/grupnexus.com\/es\/#website\"},\"primaryImageOfPage\":{\"@id\":\"https:\/\/grupnexus.com\/es\/biorevitalizacion-facial\/#primaryimage\"},\"datePublished\":\"2020-06-29T15:45:27+00:00\",\"dateModified\":\"2020-07-01T07:21:33+00:00\",\"author\":{\"@id\":\"https:\/\/grupnexus.com\/es\/#\/schema\/person\/7d42f30e6bd203d23a2c1613b51145c3\"},\"description\":\"Rejuvenece y reduce las l\u00edneas de expresi\u00f3n y arrugas, Aumenta la elasticidad de la piel. Combate la flacidez y el envejecimiento prematuro facial.\",\"breadcrumb\":{\"@id\":\"https:\/\/grupnexus.com\/es\/biorevitalizacion-facial\/#breadcrumb\"},\"inLanguage\":\"es\",\"potentialAction\":[{\"@type\":\"ReadAction\",\"target\":[\"https:\/\/grupnexus.com\/es\/biorevitalizacion-facial\/\"]}]},{\"@type\":\"BreadcrumbList\",\"@id\":\"https:\/\/grupnexus.com\/es\/biorevitalizacion-facial\/#breadcrumb\",\"itemListElement\":[{\"@type\":\"ListItem\",\"position\":1,\"name\":\"Portada\",\"item\":\"https:\/\/grupnexus.com\/es\/\"},{\"@type\":\"ListItem\",\"position\":2,\"name\":\"Biorevitalizaci\u00f3n facial. Los nutrientes que tu piel necesita\"}]},{\"@type\":\"Person\",\"@id\":\"https:\/\/grupnexus.com\/es\/#\/schema\/person\/7d42f30e6bd203d23a2c1613b51145c3\",\"name\":\"Cl\u00ednica Nexus\",\"image\":{\"@type\":\"ImageObject\",\"@id\":\"https:\/\/grupnexus.com\/es\/#personlogo\",\"inLanguage\":\"es\",\"url\":\"https:\/\/secure.gravatar.com\/avatar\/f1f98ef0d641a3a6af0accea5a5971ef?s=96&d=mm&r=g\",\"contentUrl\":\"https:\/\/secure.gravatar.com\/avatar\/f1f98ef0d641a3a6af0accea5a5971ef?s=96&d=mm&r=g\",\"caption\":\"Cl\u00ednica Nexus\"}}]}<\/script>\n<!-- \/ Yoast SEO plugin. -->","yoast_head_json":{"title":"Biorevitalizaci\u00f3n facial. Los nutrientes que tu piel necesita","description":"Rejuvenece y reduce las l\u00edneas de expresi\u00f3n y arrugas, Aumenta la elasticidad de la piel. Combate la flacidez y el envejecimiento prematuro facial.","robots":{"index":"index","follow":"follow","max-snippet":"max-snippet:-1","max-image-preview":"max-image-preview:large","max-video-preview":"max-video-preview:-1"},"canonical":"https:\/\/grupnexus.com\/es\/biorevitalizacion-facial\/","og_locale":"es_ES","og_type":"article","og_title":"Biorevitalizaci\u00f3n facial. Los nutrientes que tu piel necesita","og_description":"Rejuvenece y reduce las l\u00edneas de expresi\u00f3n y arrugas, Aumenta la elasticidad de la piel. Combate la flacidez y el envejecimiento prematuro facial.","og_url":"https:\/\/grupnexus.com\/es\/biorevitalizacion-facial\/","og_site_name":"Cl\u00ednica Nexus","article_published_time":"2020-06-29T15:45:27+00:00","article_modified_time":"2020-07-01T07:21:33+00:00","og_image":[{"width":848,"height":565,"url":"https:\/\/grupnexus.com\/wp-content\/uploads\/2020\/07\/biorevitalitzaci\u00f3.jpg","type":"image\/jpeg"}],"twitter_card":"summary","twitter_misc":{"Escrito por":"Cl\u00ednica Nexus","Tiempo de lectura":"3 minutos"},"schema":{"@context":"https:\/\/schema.org","@graph":[{"@type":"WebSite","@id":"https:\/\/grupnexus.com\/es\/#website","url":"https:\/\/grupnexus.com\/es\/","name":"Cl\u00ednica Nexus","description":"L\u00edders en Medicina Est\u00e8tica Avan\u00e7ada","potentialAction":[{"@type":"SearchAction","target":{"@type":"EntryPoint","urlTemplate":"https:\/\/grupnexus.com\/es\/?s={search_term_string}"},"query-input":"required name=search_term_string"}],"inLanguage":"es"},{"@type":"ImageObject","@id":"https:\/\/grupnexus.com\/es\/biorevitalizacion-facial\/#primaryimage","inLanguage":"es","url":"https:\/\/grupnexus.com\/wp-content\/uploads\/2020\/07\/biorevitalitzaci\u00f3.jpg","contentUrl":"https:\/\/grupnexus.com\/wp-content\/uploads\/2020\/07\/biorevitalitzaci\u00f3.jpg","width":848,"height":565,"caption":"biorevitalitzaci\u00f3 facial"},{"@type":"WebPage","@id":"https:\/\/grupnexus.com\/es\/biorevitalizacion-facial\/#webpage","url":"https:\/\/grupnexus.com\/es\/biorevitalizacion-facial\/","name":"Biorevitalizaci\u00f3n facial. Los nutrientes que tu piel necesita","isPartOf":{"@id":"https:\/\/grupnexus.com\/es\/#website"},"primaryImageOfPage":{"@id":"https:\/\/grupnexus.com\/es\/biorevitalizacion-facial\/#primaryimage"},"datePublished":"2020-06-29T15:45:27+00:00","dateModified":"2020-07-01T07:21:33+00:00","author":{"@id":"https:\/\/grupnexus.com\/es\/#\/schema\/person\/7d42f30e6bd203d23a2c1613b51145c3"},"description":"Rejuvenece y reduce las l\u00edneas de expresi\u00f3n y arrugas, Aumenta la elasticidad de la piel. Combate la flacidez y el envejecimiento prematuro facial.","breadcrumb":{"@id":"https:\/\/grupnexus.com\/es\/biorevitalizacion-facial\/#breadcrumb"},"inLanguage":"es","potentialAction":[{"@type":"ReadAction","target":["https:\/\/grupnexus.com\/es\/biorevitalizacion-facial\/"]}]},{"@type":"BreadcrumbList","@id":"https:\/\/grupnexus.com\/es\/biorevitalizacion-facial\/#breadcrumb","itemListElement":[{"@type":"ListItem","position":1,"name":"Portada","item":"https:\/\/grupnexus.com\/es\/"},{"@type":"ListItem","position":2,"name":"Biorevitalizaci\u00f3n facial. Los nutrientes que tu piel necesita"}]},{"@type":"Person","@id":"https:\/\/grupnexus.com\/es\/#\/schema\/person\/7d42f30e6bd203d23a2c1613b51145c3","name":"Cl\u00ednica Nexus","image":{"@type":"ImageObject","@id":"https:\/\/grupnexus.com\/es\/#personlogo","inLanguage":"es","url":"https:\/\/secure.gravatar.com\/avatar\/f1f98ef0d641a3a6af0accea5a5971ef?s=96&d=mm&r=g","contentUrl":"https:\/\/secure.gravatar.com\/avatar\/f1f98ef0d641a3a6af0accea5a5971ef?s=96&d=mm&r=g","caption":"Cl\u00ednica Nexus"}}]}},"_links":{"self":[{"href":"https:\/\/grupnexus.com\/es\/wp-json\/wp\/v2\/posts\/44991"}],"collection":[{"href":"https:\/\/grupnexus.com\/es\/wp-json\/wp\/v2\/posts"}],"about":[{"href":"https:\/\/grupnexus.com\/es\/wp-json\/wp\/v2\/types\/post"}],"author":[{"embeddable":true,"href":"https:\/\/grupnexus.com\/es\/wp-json\/wp\/v2\/users\/6"}],"replies":[{"embeddable":true,"href":"https:\/\/grupnexus.com\/es\/wp-json\/wp\/v2\/comments?post=44991"}],"version-history":[{"count":3,"href":"https:\/\/grupnexus.com\/es\/wp-json\/wp\/v2\/posts\/44991\/revisions"}],"predecessor-version":[{"id":45000,"href":"https:\/\/grupnexus.com\/es\/wp-json\/wp\/v2\/posts\/44991\/revisions\/45000"}],"wp:featuredmedia":[{"embeddable":true,"href":"https:\/\/grupnexus.com\/es\/wp-json\/wp\/v2\/media\/45002"}],"wp:attachment":[{"href":"https:\/\/grupnexus.com\/es\/wp-json\/wp\/v2\/media?parent=44991"}],"wp:term":[{"taxonomy":"category","embeddable":true,"href":"https:\/\/grupnexus.com\/es\/wp-json\/wp\/v2\/categories?post=44991"},{"taxonomy":"post_tag","embeddable":true,"href":"https:\/\/grupnexus.com\/es\/wp-json\/wp\/v2\/tags?post=44991"}],"curies":[{"name":"wp","href":"https:\/\/api.w.org\/{rel}","templated":true}]}}