{"id":45436,"date":"2020-09-24T15:02:58","date_gmt":"2020-09-24T13:02:58","guid":{"rendered":"https:\/\/www.grupnexus.com\/?p=45436"},"modified":"2020-11-03T13:26:10","modified_gmt":"2020-11-03T11:26:10","slug":"nexus-amplia-sus-protocolos-en-terapia-fotobiodinamica","status":"publish","type":"post","link":"https:\/\/grupnexus.com\/es\/nexus-amplia-sus-protocolos-en-terapia-fotobiodinamica\/","title":{"rendered":"Nexus ampl\u00eda sus protocolos en terapia fotobiodin\u00e1mica"},"content":{"rendered":"<p>Cl\u00ednica Nexus est\u00e1 en constante evoluci\u00f3n, con el objetivo de adaptarse a las nuevas tendencias del sector y de consumo. Hoy en d\u00eda, como paciente, solicitas inmediatez, efectividad\/resultados y una buena relaci\u00f3n calidad-precio.<\/p>\n<p>Sabes que siempre vamos un paso por delante, y abordamos cada caso de manera integral. Ofrecemos tratamientos exhaustivos basados \u200b\u200ben protocolos m\u00e9dicos que comprenden una preparaci\u00f3n o pre-tratamiento, el tratamiento en s\u00ed, y el post-tratamiento. Este es nuestro rasgo diferencial y competitivo respecto al resto. Los resultados son m\u00e1s notorios y duraderos en el tiempo.<\/p>\n<p>Con esta filosof\u00eda, ampliamos nuestra gama de tecnolog\u00eda y terapia fotobiodin\u00e1mica, y actualmente contamos en exclusiva con:<\/p>\n<ul>\n<li><a href=\"https:\/\/grupnexus.com\/es\/grupo-nexus\/aparatologia\/fototerapia-ledsmedical\/\">LedsMedical<\/a><\/li>\n<li><a href=\"https:\/\/grupnexus.com\/es\/grupo-nexus\/aparatologia\/fototerapia-led-omnilux\/\">Fototerapia Led Omnilux<\/a><\/li>\n<li><a href=\"https:\/\/grupnexus.com\/es\/terapia-fotobiodinamica-con-mascara-biofotonica\/\">Fotoage<\/a><\/li>\n<\/ul>\n<p>Con la terapia fotobiodin\u00e1mica tratamos:<\/p>\n<ul>\n<li><strong>La eliminaci\u00f3n de las arrugas<\/strong><\/li>\n<li><strong>El tratamiento o eliminaci\u00f3n de acne<\/strong><\/li>\n<li><strong>Hiperpigmentaciones cut\u00e1neas o manchas de fotoenvejecimiento<\/strong><\/li>\n<li><strong>La eliminaci\u00f3n de la ros\u00e1cea o enrojecimiento de la piel<\/strong><\/li>\n<li><strong>El tratamiento o la la eliminaci\u00f3n de las estr\u00edas<\/strong><\/li>\n<li><strong>La Ca\u00edda y fortalecimiento del cabello o tratamiento post-trasplante capilar<\/strong><\/li>\n<li>Como complemento o coadyuvante de otros tratamientos dermatol\u00f3gicos, medico-est\u00e9ticos o de <strong>cirug\u00eda est\u00e9tica<\/strong><\/li>\n<\/ul>\n<p>Estos nuevos protocolos irrumpen creando un nuevo concepto de tratamiento, del que os avanzamos algunas de sus ventajas:<\/p>\n<ul>\n<li><strong>Tratamientos r\u00e1pidos y efectivos:<\/strong> Sesiones de 30 minutos y los resultados son espectaculares en tan s\u00f3lo 4 sesiones. Lo que antes pod\u00edas conseguir en 3 meses, ahora, lo consigues en 1 mes<\/li>\n<li><strong>Tratamientos m\u00e1s econ\u00f3micos<\/strong>: menos sesiones y menos tiempo de duraci\u00f3n contribuye a que el precio final sea menor que otras terapias<\/li>\n<li><strong>Indoloro e inocuo:<\/strong> sus longitudes de onda se parametrizan de manera espec\u00edfica para incidir en el objetivo diana<\/li>\n<li><strong>M\u00ednima o nula descamaci\u00f3n de la piel,<\/strong> por lo que puedes volver a tus rutinas habituales. Nutre la piel de manera profunda, mejorando notablemente su aspecto<\/li>\n<li><strong>Id\u00f3neo para cualquier fototipo de piel<\/strong> y \u00e9poca del a\u00f1o<\/li>\n<\/ul>\n<p>&nbsp;<\/p>\n<p>Hoy todo el equipo de profesionales de Cl\u00ednica Nexus nos hemos formado en los nuevos protocolos. Hemos pasado una ma\u00f1ana distendida y productiva, sorprendi\u00e9ndonos de los extraordinarios resultados que se consiguen y, que a partir de ahora puedes venir a comprobar t\u00fa mismo\/a viniendo a Cl\u00ednica Nexus.<\/p>\n<p>Tambi\u00e9n te puede interesar saber m\u00e1s sobre la terapia fotodin\u00e1mica para la <a href=\"https:\/\/grupnexus.com\/es\/tratamientos\/terapia-fotobiodinamica\/\">eliminaci\u00f3n de arrugas y estr\u00edas<\/a><\/p>\n<p>&nbsp;<\/p>\n","protected":false},"excerpt":{"rendered":"<p>Cl\u00ednica Nexus est\u00e1 en constante evoluci\u00f3n, con el objetivo de adaptarse a las nuevas tendencias del sector y de consumo. Hoy en d\u00eda, como paciente, solicitas inmediatez, efectividad\/resultados y una buena relaci\u00f3n calidad-precio. Sabes que siempre vamos un paso por delante, y abordamos cada caso de manera integral. Ofrecemos tratamientos exhaustivos basados \u200b\u200ben protocolos m\u00e9dicos&#8230;<\/p>\n","protected":false},"author":6,"featured_media":45434,"comment_status":"closed","ping_status":"closed","sticky":false,"template":"","format":"standard","meta":[],"categories":[330,526],"tags":[692,512,694,712,713,717,710,711,501,719,714,720,721,703,718,716,715],"yoast_head":"<!-- This site is optimized with the Yoast SEO plugin v18.6 - https:\/\/yoast.com\/wordpress\/plugins\/seo\/ -->\n<title>Nexus ampl\u00eda sus protocolos en terapia fotobiodin\u00e1mica<\/title>\n<meta name=\"description\" content=\"Formaci\u00f3n en los nuevos protocolos. Resultados extraordinarios en tratamientos de arrugas que puedes venir a comprobar tu mismo\/a en Cl\u00ednica Nexus.\" \/>\n<meta name=\"robots\" content=\"index, follow, max-snippet:-1, max-image-preview:large, max-video-preview:-1\" \/>\n<link rel=\"canonical\" href=\"https:\/\/grupnexus.com\/es\/nexus-amplia-sus-protocolos-en-terapia-fotobiodinamica\/\" \/>\n<meta property=\"og:locale\" content=\"es_ES\" \/>\n<meta property=\"og:type\" content=\"article\" \/>\n<meta property=\"og:title\" content=\"Nexus ampl\u00eda sus protocolos en terapia fotobiodin\u00e1mica\" \/>\n<meta property=\"og:description\" content=\"Formaci\u00f3n en los nuevos protocolos. Resultados extraordinarios en tratamientos de arrugas que puedes venir a comprobar tu mismo\/a en Cl\u00ednica Nexus.\" \/>\n<meta property=\"og:url\" content=\"https:\/\/grupnexus.com\/es\/nexus-amplia-sus-protocolos-en-terapia-fotobiodinamica\/\" \/>\n<meta property=\"og:site_name\" content=\"Cl\u00ednica Nexus\" \/>\n<meta property=\"article:published_time\" content=\"2020-09-24T13:02:58+00:00\" \/>\n<meta property=\"article:modified_time\" content=\"2020-11-03T11:26:10+00:00\" \/>\n<meta property=\"og:image\" content=\"https:\/\/i0.wp.com\/grupnexus.com\/wp-content\/uploads\/2020\/09\/formaci\u00f3-nexus-terapia-fotobiodinamica.jpg?fit=1244%2C768&#038;ssl=1\" \/>\n\t<meta property=\"og:image:width\" content=\"1244\" \/>\n\t<meta property=\"og:image:height\" content=\"768\" \/>\n\t<meta property=\"og:image:type\" content=\"image\/jpeg\" \/>\n<meta name=\"twitter:card\" content=\"summary\" \/>\n<meta name=\"twitter:label1\" content=\"Escrito por\" \/>\n\t<meta name=\"twitter:data1\" content=\"Cl\u00ednica Nexus\" \/>\n\t<meta name=\"twitter:label2\" content=\"Tiempo de lectura\" \/>\n\t<meta name=\"twitter:data2\" content=\"2 minutos\" \/>\n<script type=\"application\/ld+json\" class=\"yoast-schema-graph\">{\"@context\":\"https:\/\/schema.org\",\"@graph\":[{\"@type\":\"WebSite\",\"@id\":\"https:\/\/grupnexus.com\/es\/#website\",\"url\":\"https:\/\/grupnexus.com\/es\/\",\"name\":\"Cl\u00ednica Nexus\",\"description\":\"L\u00edders en Medicina Est\u00e8tica Avan\u00e7ada\",\"potentialAction\":[{\"@type\":\"SearchAction\",\"target\":{\"@type\":\"EntryPoint\",\"urlTemplate\":\"https:\/\/grupnexus.com\/es\/?s={search_term_string}\"},\"query-input\":\"required name=search_term_string\"}],\"inLanguage\":\"es\"},{\"@type\":\"ImageObject\",\"@id\":\"https:\/\/grupnexus.com\/es\/nexus-amplia-sus-protocolos-en-terapia-fotobiodinamica\/#primaryimage\",\"inLanguage\":\"es\",\"url\":\"https:\/\/grupnexus.com\/wp-content\/uploads\/2020\/09\/formaci\u00f3-nexus-terapia-fotobiodinamica.jpg\",\"contentUrl\":\"https:\/\/grupnexus.com\/wp-content\/uploads\/2020\/09\/formaci\u00f3-nexus-terapia-fotobiodinamica.jpg\",\"width\":1244,\"height\":768,\"caption\":\"Formaci\u00f3 Nexus ter\u00e0pia fotobiodin\u00e0mica\"},{\"@type\":\"WebPage\",\"@id\":\"https:\/\/grupnexus.com\/es\/nexus-amplia-sus-protocolos-en-terapia-fotobiodinamica\/#webpage\",\"url\":\"https:\/\/grupnexus.com\/es\/nexus-amplia-sus-protocolos-en-terapia-fotobiodinamica\/\",\"name\":\"Nexus ampl\u00eda sus protocolos en terapia fotobiodin\u00e1mica\",\"isPartOf\":{\"@id\":\"https:\/\/grupnexus.com\/es\/#website\"},\"primaryImageOfPage\":{\"@id\":\"https:\/\/grupnexus.com\/es\/nexus-amplia-sus-protocolos-en-terapia-fotobiodinamica\/#primaryimage\"},\"datePublished\":\"2020-09-24T13:02:58+00:00\",\"dateModified\":\"2020-11-03T11:26:10+00:00\",\"author\":{\"@id\":\"https:\/\/grupnexus.com\/es\/#\/schema\/person\/7d42f30e6bd203d23a2c1613b51145c3\"},\"description\":\"Formaci\u00f3n en los nuevos protocolos. Resultados extraordinarios en tratamientos de arrugas que puedes venir a comprobar tu mismo\/a en Cl\u00ednica Nexus.\",\"breadcrumb\":{\"@id\":\"https:\/\/grupnexus.com\/es\/nexus-amplia-sus-protocolos-en-terapia-fotobiodinamica\/#breadcrumb\"},\"inLanguage\":\"es\",\"potentialAction\":[{\"@type\":\"ReadAction\",\"target\":[\"https:\/\/grupnexus.com\/es\/nexus-amplia-sus-protocolos-en-terapia-fotobiodinamica\/\"]}]},{\"@type\":\"BreadcrumbList\",\"@id\":\"https:\/\/grupnexus.com\/es\/nexus-amplia-sus-protocolos-en-terapia-fotobiodinamica\/#breadcrumb\",\"itemListElement\":[{\"@type\":\"ListItem\",\"position\":1,\"name\":\"Portada\",\"item\":\"https:\/\/grupnexus.com\/es\/\"},{\"@type\":\"ListItem\",\"position\":2,\"name\":\"Nexus ampl\u00eda sus protocolos en terapia fotobiodin\u00e1mica\"}]},{\"@type\":\"Person\",\"@id\":\"https:\/\/grupnexus.com\/es\/#\/schema\/person\/7d42f30e6bd203d23a2c1613b51145c3\",\"name\":\"Cl\u00ednica Nexus\",\"image\":{\"@type\":\"ImageObject\",\"@id\":\"https:\/\/grupnexus.com\/es\/#personlogo\",\"inLanguage\":\"es\",\"url\":\"https:\/\/secure.gravatar.com\/avatar\/f1f98ef0d641a3a6af0accea5a5971ef?s=96&d=mm&r=g\",\"contentUrl\":\"https:\/\/secure.gravatar.com\/avatar\/f1f98ef0d641a3a6af0accea5a5971ef?s=96&d=mm&r=g\",\"caption\":\"Cl\u00ednica Nexus\"}}]}<\/script>\n<!-- \/ Yoast SEO plugin. -->","yoast_head_json":{"title":"Nexus ampl\u00eda sus protocolos en terapia fotobiodin\u00e1mica","description":"Formaci\u00f3n en los nuevos protocolos. Resultados extraordinarios en tratamientos de arrugas que puedes venir a comprobar tu mismo\/a en Cl\u00ednica Nexus.","robots":{"index":"index","follow":"follow","max-snippet":"max-snippet:-1","max-image-preview":"max-image-preview:large","max-video-preview":"max-video-preview:-1"},"canonical":"https:\/\/grupnexus.com\/es\/nexus-amplia-sus-protocolos-en-terapia-fotobiodinamica\/","og_locale":"es_ES","og_type":"article","og_title":"Nexus ampl\u00eda sus protocolos en terapia fotobiodin\u00e1mica","og_description":"Formaci\u00f3n en los nuevos protocolos. Resultados extraordinarios en tratamientos de arrugas que puedes venir a comprobar tu mismo\/a en Cl\u00ednica Nexus.","og_url":"https:\/\/grupnexus.com\/es\/nexus-amplia-sus-protocolos-en-terapia-fotobiodinamica\/","og_site_name":"Cl\u00ednica Nexus","article_published_time":"2020-09-24T13:02:58+00:00","article_modified_time":"2020-11-03T11:26:10+00:00","og_image":[{"width":1244,"height":768,"url":"https:\/\/i0.wp.com\/grupnexus.com\/wp-content\/uploads\/2020\/09\/formaci\u00f3-nexus-terapia-fotobiodinamica.jpg?fit=1244%2C768&ssl=1","type":"image\/jpeg"}],"twitter_card":"summary","twitter_misc":{"Escrito por":"Cl\u00ednica Nexus","Tiempo de lectura":"2 minutos"},"schema":{"@context":"https:\/\/schema.org","@graph":[{"@type":"WebSite","@id":"https:\/\/grupnexus.com\/es\/#website","url":"https:\/\/grupnexus.com\/es\/","name":"Cl\u00ednica Nexus","description":"L\u00edders en Medicina Est\u00e8tica Avan\u00e7ada","potentialAction":[{"@type":"SearchAction","target":{"@type":"EntryPoint","urlTemplate":"https:\/\/grupnexus.com\/es\/?s={search_term_string}"},"query-input":"required name=search_term_string"}],"inLanguage":"es"},{"@type":"ImageObject","@id":"https:\/\/grupnexus.com\/es\/nexus-amplia-sus-protocolos-en-terapia-fotobiodinamica\/#primaryimage","inLanguage":"es","url":"https:\/\/grupnexus.com\/wp-content\/uploads\/2020\/09\/formaci\u00f3-nexus-terapia-fotobiodinamica.jpg","contentUrl":"https:\/\/grupnexus.com\/wp-content\/uploads\/2020\/09\/formaci\u00f3-nexus-terapia-fotobiodinamica.jpg","width":1244,"height":768,"caption":"Formaci\u00f3 Nexus ter\u00e0pia fotobiodin\u00e0mica"},{"@type":"WebPage","@id":"https:\/\/grupnexus.com\/es\/nexus-amplia-sus-protocolos-en-terapia-fotobiodinamica\/#webpage","url":"https:\/\/grupnexus.com\/es\/nexus-amplia-sus-protocolos-en-terapia-fotobiodinamica\/","name":"Nexus ampl\u00eda sus protocolos en terapia fotobiodin\u00e1mica","isPartOf":{"@id":"https:\/\/grupnexus.com\/es\/#website"},"primaryImageOfPage":{"@id":"https:\/\/grupnexus.com\/es\/nexus-amplia-sus-protocolos-en-terapia-fotobiodinamica\/#primaryimage"},"datePublished":"2020-09-24T13:02:58+00:00","dateModified":"2020-11-03T11:26:10+00:00","author":{"@id":"https:\/\/grupnexus.com\/es\/#\/schema\/person\/7d42f30e6bd203d23a2c1613b51145c3"},"description":"Formaci\u00f3n en los nuevos protocolos. Resultados extraordinarios en tratamientos de arrugas que puedes venir a comprobar tu mismo\/a en Cl\u00ednica Nexus.","breadcrumb":{"@id":"https:\/\/grupnexus.com\/es\/nexus-amplia-sus-protocolos-en-terapia-fotobiodinamica\/#breadcrumb"},"inLanguage":"es","potentialAction":[{"@type":"ReadAction","target":["https:\/\/grupnexus.com\/es\/nexus-amplia-sus-protocolos-en-terapia-fotobiodinamica\/"]}]},{"@type":"BreadcrumbList","@id":"https:\/\/grupnexus.com\/es\/nexus-amplia-sus-protocolos-en-terapia-fotobiodinamica\/#breadcrumb","itemListElement":[{"@type":"ListItem","position":1,"name":"Portada","item":"https:\/\/grupnexus.com\/es\/"},{"@type":"ListItem","position":2,"name":"Nexus ampl\u00eda sus protocolos en terapia fotobiodin\u00e1mica"}]},{"@type":"Person","@id":"https:\/\/grupnexus.com\/es\/#\/schema\/person\/7d42f30e6bd203d23a2c1613b51145c3","name":"Cl\u00ednica Nexus","image":{"@type":"ImageObject","@id":"https:\/\/grupnexus.com\/es\/#personlogo","inLanguage":"es","url":"https:\/\/secure.gravatar.com\/avatar\/f1f98ef0d641a3a6af0accea5a5971ef?s=96&d=mm&r=g","contentUrl":"https:\/\/secure.gravatar.com\/avatar\/f1f98ef0d641a3a6af0accea5a5971ef?s=96&d=mm&r=g","caption":"Cl\u00ednica Nexus"}}]}},"_links":{"self":[{"href":"https:\/\/grupnexus.com\/es\/wp-json\/wp\/v2\/posts\/45436"}],"collection":[{"href":"https:\/\/grupnexus.com\/es\/wp-json\/wp\/v2\/posts"}],"about":[{"href":"https:\/\/grupnexus.com\/es\/wp-json\/wp\/v2\/types\/post"}],"author":[{"embeddable":true,"href":"https:\/\/grupnexus.com\/es\/wp-json\/wp\/v2\/users\/6"}],"replies":[{"embeddable":true,"href":"https:\/\/grupnexus.com\/es\/wp-json\/wp\/v2\/comments?post=45436"}],"version-history":[{"count":8,"href":"https:\/\/grupnexus.com\/es\/wp-json\/wp\/v2\/posts\/45436\/revisions"}],"predecessor-version":[{"id":45775,"href":"https:\/\/grupnexus.com\/es\/wp-json\/wp\/v2\/posts\/45436\/revisions\/45775"}],"wp:featuredmedia":[{"embeddable":true,"href":"https:\/\/grupnexus.com\/es\/wp-json\/wp\/v2\/media\/45434"}],"wp:attachment":[{"href":"https:\/\/grupnexus.com\/es\/wp-json\/wp\/v2\/media?parent=45436"}],"wp:term":[{"taxonomy":"category","embeddable":true,"href":"https:\/\/grupnexus.com\/es\/wp-json\/wp\/v2\/categories?post=45436"},{"taxonomy":"post_tag","embeddable":true,"href":"https:\/\/grupnexus.com\/es\/wp-json\/wp\/v2\/tags?post=45436"}],"curies":[{"name":"wp","href":"https:\/\/api.w.org\/{rel}","templated":true}]}}