{"id":45768,"date":"2020-11-03T13:18:40","date_gmt":"2020-11-03T11:18:40","guid":{"rendered":"https:\/\/www.grupnexus.com\/?p=45768"},"modified":"2022-06-28T09:28:57","modified_gmt":"2022-06-28T07:28:57","slug":"terapia-fotobiodinamica-con-mascara-biofotonica","status":"publish","type":"post","link":"https:\/\/grupnexus.com\/es\/terapia-fotobiodinamica-con-mascara-biofotonica\/","title":{"rendered":"Terapia fotobiodin\u00e1mica con m\u00e1scara biofot\u00f3nica"},"content":{"rendered":"<h1>Terapia fotobiodin\u00e1mica con m\u00e1scara biofot\u00f3nica<\/h1>\n<p><strong>Fotoage es la nueva m\u00e1scara de terapia fotodin\u00e0mica<\/strong>, una t\u00e9cnica no invasiva que mediante luz HDD o <em>High Density Diodes<\/em> (Diodos de alta densidad) es capaz de estimular, las c\u00e9lulas madre, regenerar y reparar la dermis en casos de afecciones cut\u00e1neas como puede ser el acn\u00e9, el melasma y el fotoenvejecimiento.<\/p>\n<p>&nbsp;<\/p>\n<p><img loading=\"lazy\" class=\"aligncenter wp-image-45740 size-full\" src=\"https:\/\/grupnexus.com\/wp-content\/uploads\/2020\/11\/fotoage.jpg\" alt=\"Fotoage\" width=\"500\" height=\"500\" srcset=\"https:\/\/grupnexus.com\/wp-content\/uploads\/2020\/11\/fotoage.jpg 500w, https:\/\/grupnexus.com\/wp-content\/uploads\/2020\/11\/fotoage-300x300.jpg 300w, https:\/\/grupnexus.com\/wp-content\/uploads\/2020\/11\/fotoage-150x150.jpg 150w, https:\/\/grupnexus.com\/wp-content\/uploads\/2020\/11\/fotoage-60x60.jpg 60w, https:\/\/grupnexus.com\/wp-content\/uploads\/2020\/11\/fotoage-43x43.jpg 43w, https:\/\/grupnexus.com\/wp-content\/uploads\/2020\/11\/fotoage-360x360.jpg 360w, https:\/\/grupnexus.com\/wp-content\/uploads\/2020\/11\/fotoage-262x262.jpg 262w, https:\/\/grupnexus.com\/wp-content\/uploads\/2020\/11\/fotoage-400x400.jpg 400w, https:\/\/grupnexus.com\/wp-content\/uploads\/2020\/11\/fotoage-100x100.jpg 100w\" sizes=\"(max-width: 500px) 100vw, 500px\" \/><\/p>\n<p>&nbsp;<\/p>\n<p>Este tratamiento consiste en aplicar un peeling o principios activos fotodinamizantes espec\u00edficos para lo que queramos tratar, y se activan con la colocaci\u00f3n de la m\u00e1scara Fotoage. Esta se parametriza para que genere la luz y la energ\u00eda necesaria y as\u00ed, penetre en el tejido cut\u00e1neo estimulando los procesos naturales de la misma piel.<\/p>\n<p>&nbsp;<\/p>\n<div id=\"attachment_45759\" style=\"width: 2436px\" class=\"wp-caption aligncenter\"><img aria-describedby=\"caption-attachment-45759\" loading=\"lazy\" class=\"wp-image-45760 size-full\" src=\"https:\/\/grupnexus.com\/wp-content\/uploads\/2020\/11\/Llums.png\" alt=\"Ter\u00e0pia fotodin\u00e0mica\" width=\"2426\" height=\"902\" srcset=\"https:\/\/grupnexus.com\/wp-content\/uploads\/2020\/11\/Llums.png 2426w, https:\/\/grupnexus.com\/wp-content\/uploads\/2020\/11\/Llums-300x112.png 300w, https:\/\/grupnexus.com\/wp-content\/uploads\/2020\/11\/Llums-1024x381.png 1024w, https:\/\/grupnexus.com\/wp-content\/uploads\/2020\/11\/Llums-768x286.png 768w, https:\/\/grupnexus.com\/wp-content\/uploads\/2020\/11\/Llums-1536x571.png 1536w, https:\/\/grupnexus.com\/wp-content\/uploads\/2020\/11\/Llums-2048x761.png 2048w, https:\/\/grupnexus.com\/wp-content\/uploads\/2020\/11\/Llums-1140x424.png 1140w, https:\/\/grupnexus.com\/wp-content\/uploads\/2020\/11\/Llums-555x206.png 555w, https:\/\/grupnexus.com\/wp-content\/uploads\/2020\/11\/Llums-360x134.png 360w, https:\/\/grupnexus.com\/wp-content\/uploads\/2020\/11\/Llums-262x97.png 262w, https:\/\/grupnexus.com\/wp-content\/uploads\/2020\/11\/Llums-510x190.png 510w\" sizes=\"(max-width: 2426px) 100vw, 2426px\" \/><p id=\"caption-attachment-45759\" class=\"wp-caption-text\">Fuente: Skymedic<\/p><\/div>\n<p>&nbsp;<\/p>\n<p>Su ergonom\u00eda hace que esta m\u00e1scara biofot\u00f3nica incida en <strong>tres zonas del rostro y cuello<\/strong> de forma independiente, pudiendo personalizar cada tratamiento o fase de este.<\/p>\n<p>&nbsp;<\/p>\n<div id=\"attachment_45761\" style=\"width: 914px\" class=\"wp-caption aligncenter\"><img aria-describedby=\"caption-attachment-45761\" loading=\"lazy\" class=\"wp-image-45762 size-full\" src=\"https:\/\/grupnexus.com\/wp-content\/uploads\/2020\/11\/Zones-Fotoage.png\" alt=\"Zones fotoage\" width=\"904\" height=\"722\" srcset=\"https:\/\/grupnexus.com\/wp-content\/uploads\/2020\/11\/Zones-Fotoage.png 904w, https:\/\/grupnexus.com\/wp-content\/uploads\/2020\/11\/Zones-Fotoage-300x240.png 300w, https:\/\/grupnexus.com\/wp-content\/uploads\/2020\/11\/Zones-Fotoage-768x613.png 768w, https:\/\/grupnexus.com\/wp-content\/uploads\/2020\/11\/Zones-Fotoage-555x443.png 555w, https:\/\/grupnexus.com\/wp-content\/uploads\/2020\/11\/Zones-Fotoage-360x288.png 360w, https:\/\/grupnexus.com\/wp-content\/uploads\/2020\/11\/Zones-Fotoage-262x209.png 262w, https:\/\/grupnexus.com\/wp-content\/uploads\/2020\/11\/Zones-Fotoage-510x407.png 510w\" sizes=\"(max-width: 904px) 100vw, 904px\" \/><p id=\"caption-attachment-45761\" class=\"wp-caption-text\">Fuente: Skymedic<\/p><\/div>\n<p>&nbsp;<\/p>\n<p><strong>Tratamientos y propiedades:<\/strong><\/p>\n<ul>\n<li>Despigmentante<\/li>\n<li>Melasma<\/li>\n<li>Fotoenvejecimiento y arrugas<\/li>\n<li>Cicatrices<\/li>\n<li>Antiinflamatorio<\/li>\n<li>Acn\u00e9<\/li>\n<li>Post quemaduras solares<\/li>\n<\/ul>\n<p>&nbsp;<\/p>\n<p>Fotoage tambi\u00e9n es una t\u00e9cnica id\u00f3nea para despu\u00e9s de otros tratamientos medico-est\u00e9ticos como la aplicaci\u00f3n de l\u00e1ser, IPL, peelings m\u00e9dicos o carboxiterapia.<\/p>\n<blockquote><p>La combinaci\u00f3n de Fotoage con la cosm\u00e9tica Skinox es el pilar para un tratamiento a base de ox\u00edgeno, luz y agentes fotodinamizantes.<\/p><\/blockquote>\n<p>Este tratamiento se refuerza con un kit Home Care, o cosm\u00e9tica para casa, que puedes comprar directamente aqu\u00ed.<\/p>\n<p><img loading=\"lazy\" class=\"aligncenter size-full wp-image-45458\" src=\"https:\/\/grupnexus.com\/wp-content\/uploads\/2020\/09\/Kits.png\" alt=\"kit home care\" width=\"2244\" height=\"366\" srcset=\"https:\/\/grupnexus.com\/wp-content\/uploads\/2020\/09\/Kits.png 2244w, https:\/\/grupnexus.com\/wp-content\/uploads\/2020\/09\/Kits-300x49.png 300w, https:\/\/grupnexus.com\/wp-content\/uploads\/2020\/09\/Kits-1024x167.png 1024w, https:\/\/grupnexus.com\/wp-content\/uploads\/2020\/09\/Kits-768x125.png 768w, https:\/\/grupnexus.com\/wp-content\/uploads\/2020\/09\/Kits-1536x251.png 1536w, https:\/\/grupnexus.com\/wp-content\/uploads\/2020\/09\/Kits-2048x334.png 2048w, https:\/\/grupnexus.com\/wp-content\/uploads\/2020\/09\/Kits-1140x186.png 1140w, https:\/\/grupnexus.com\/wp-content\/uploads\/2020\/09\/Kits-555x91.png 555w, https:\/\/grupnexus.com\/wp-content\/uploads\/2020\/09\/Kits-360x59.png 360w, https:\/\/grupnexus.com\/wp-content\/uploads\/2020\/09\/Kits-262x43.png 262w, https:\/\/grupnexus.com\/wp-content\/uploads\/2020\/09\/Kits-510x83.png 510w\" sizes=\"(max-width: 2244px) 100vw, 2244px\" \/><\/p>\n<p>&nbsp;<\/p>\n","protected":false},"excerpt":{"rendered":"<p>Terapia fotobiodin\u00e1mica con m\u00e1scara biofot\u00f3nica Fotoage es la nueva m\u00e1scara de terapia fotodin\u00e0mica, una t\u00e9cnica no invasiva que mediante luz HDD o High Density Diodes (Diodos de alta densidad) es capaz de estimular, las c\u00e9lulas madre, regenerar y reparar la dermis en casos de afecciones cut\u00e1neas como puede ser el acn\u00e9, el melasma y el&#8230;<\/p>\n","protected":false},"author":6,"featured_media":0,"comment_status":"closed","ping_status":"closed","sticky":false,"template":"","format":"video","meta":[],"categories":[2,330],"tags":[749,750,754,755,751,752,518,756,706,753,708,513,715],"yoast_head":"<!-- This site is optimized with the Yoast SEO plugin v18.6 - https:\/\/yoast.com\/wordpress\/plugins\/seo\/ -->\n<title>Terapia fotobiodin\u00e1mica con m\u00e1scara biofot\u00f3nica<\/title>\n<meta name=\"description\" content=\"Regenera y repara la dermis en casos de afecciones cut\u00e1neas como puede ser el acn\u00e9, el melasma y el fotoenvejecimiento. Fotoage - Cl\u00ednica Nexus\" \/>\n<meta name=\"robots\" content=\"index, follow, max-snippet:-1, max-image-preview:large, max-video-preview:-1\" \/>\n<link rel=\"canonical\" href=\"https:\/\/grupnexus.com\/es\/terapia-fotobiodinamica-con-mascara-biofotonica\/\" \/>\n<meta property=\"og:locale\" content=\"es_ES\" \/>\n<meta property=\"og:type\" content=\"article\" \/>\n<meta property=\"og:title\" content=\"Terapia fotobiodin\u00e1mica con m\u00e1scara biofot\u00f3nica\" \/>\n<meta property=\"og:description\" content=\"Regenera y repara la dermis en casos de afecciones cut\u00e1neas como puede ser el acn\u00e9, el melasma y el fotoenvejecimiento. Fotoage - Cl\u00ednica Nexus\" \/>\n<meta property=\"og:url\" content=\"https:\/\/grupnexus.com\/es\/terapia-fotobiodinamica-con-mascara-biofotonica\/\" \/>\n<meta property=\"og:site_name\" content=\"Cl\u00ednica Nexus\" \/>\n<meta property=\"article:published_time\" content=\"2020-11-03T11:18:40+00:00\" \/>\n<meta property=\"article:modified_time\" content=\"2022-06-28T07:28:57+00:00\" \/>\n<meta property=\"og:image\" content=\"https:\/\/grupnexus.com\/wp-content\/uploads\/2020\/11\/fotoage.jpg\" \/>\n<meta name=\"twitter:card\" content=\"summary\" \/>\n<meta name=\"twitter:label1\" content=\"Escrito por\" \/>\n\t<meta name=\"twitter:data1\" content=\"Cl\u00ednica Nexus\" \/>\n\t<meta name=\"twitter:label2\" content=\"Tiempo de lectura\" \/>\n\t<meta name=\"twitter:data2\" content=\"1 minuto\" \/>\n<script type=\"application\/ld+json\" class=\"yoast-schema-graph\">{\"@context\":\"https:\/\/schema.org\",\"@graph\":[{\"@type\":\"WebSite\",\"@id\":\"https:\/\/grupnexus.com\/es\/#website\",\"url\":\"https:\/\/grupnexus.com\/es\/\",\"name\":\"Cl\u00ednica Nexus\",\"description\":\"L\u00edders en Medicina Est\u00e8tica Avan\u00e7ada\",\"potentialAction\":[{\"@type\":\"SearchAction\",\"target\":{\"@type\":\"EntryPoint\",\"urlTemplate\":\"https:\/\/grupnexus.com\/es\/?s={search_term_string}\"},\"query-input\":\"required name=search_term_string\"}],\"inLanguage\":\"es\"},{\"@type\":\"ImageObject\",\"@id\":\"https:\/\/grupnexus.com\/es\/terapia-fotobiodinamica-con-mascara-biofotonica\/#primaryimage\",\"inLanguage\":\"es\",\"url\":\"https:\/\/grupnexus.com\/wp-content\/uploads\/2020\/11\/fotoage.jpg\",\"contentUrl\":\"https:\/\/grupnexus.com\/wp-content\/uploads\/2020\/11\/fotoage.jpg\",\"width\":500,\"height\":500,\"caption\":\"Fotoage\"},{\"@type\":\"WebPage\",\"@id\":\"https:\/\/grupnexus.com\/es\/terapia-fotobiodinamica-con-mascara-biofotonica\/#webpage\",\"url\":\"https:\/\/grupnexus.com\/es\/terapia-fotobiodinamica-con-mascara-biofotonica\/\",\"name\":\"Terapia fotobiodin\u00e1mica con m\u00e1scara biofot\u00f3nica\",\"isPartOf\":{\"@id\":\"https:\/\/grupnexus.com\/es\/#website\"},\"primaryImageOfPage\":{\"@id\":\"https:\/\/grupnexus.com\/es\/terapia-fotobiodinamica-con-mascara-biofotonica\/#primaryimage\"},\"datePublished\":\"2020-11-03T11:18:40+00:00\",\"dateModified\":\"2022-06-28T07:28:57+00:00\",\"author\":{\"@id\":\"https:\/\/grupnexus.com\/es\/#\/schema\/person\/7d42f30e6bd203d23a2c1613b51145c3\"},\"description\":\"Regenera y repara la dermis en casos de afecciones cut\u00e1neas como puede ser el acn\u00e9, el melasma y el fotoenvejecimiento. Fotoage - Cl\u00ednica Nexus\",\"breadcrumb\":{\"@id\":\"https:\/\/grupnexus.com\/es\/terapia-fotobiodinamica-con-mascara-biofotonica\/#breadcrumb\"},\"inLanguage\":\"es\",\"potentialAction\":[{\"@type\":\"ReadAction\",\"target\":[\"https:\/\/grupnexus.com\/es\/terapia-fotobiodinamica-con-mascara-biofotonica\/\"]}]},{\"@type\":\"BreadcrumbList\",\"@id\":\"https:\/\/grupnexus.com\/es\/terapia-fotobiodinamica-con-mascara-biofotonica\/#breadcrumb\",\"itemListElement\":[{\"@type\":\"ListItem\",\"position\":1,\"name\":\"Portada\",\"item\":\"https:\/\/grupnexus.com\/es\/\"},{\"@type\":\"ListItem\",\"position\":2,\"name\":\"Terapia fotobiodin\u00e1mica con m\u00e1scara biofot\u00f3nica\"}]},{\"@type\":\"Person\",\"@id\":\"https:\/\/grupnexus.com\/es\/#\/schema\/person\/7d42f30e6bd203d23a2c1613b51145c3\",\"name\":\"Cl\u00ednica Nexus\",\"image\":{\"@type\":\"ImageObject\",\"@id\":\"https:\/\/grupnexus.com\/es\/#personlogo\",\"inLanguage\":\"es\",\"url\":\"https:\/\/secure.gravatar.com\/avatar\/f1f98ef0d641a3a6af0accea5a5971ef?s=96&d=mm&r=g\",\"contentUrl\":\"https:\/\/secure.gravatar.com\/avatar\/f1f98ef0d641a3a6af0accea5a5971ef?s=96&d=mm&r=g\",\"caption\":\"Cl\u00ednica Nexus\"}}]}<\/script>\n<!-- \/ Yoast SEO plugin. -->","yoast_head_json":{"title":"Terapia fotobiodin\u00e1mica con m\u00e1scara biofot\u00f3nica","description":"Regenera y repara la dermis en casos de afecciones cut\u00e1neas como puede ser el acn\u00e9, el melasma y el fotoenvejecimiento. Fotoage - Cl\u00ednica Nexus","robots":{"index":"index","follow":"follow","max-snippet":"max-snippet:-1","max-image-preview":"max-image-preview:large","max-video-preview":"max-video-preview:-1"},"canonical":"https:\/\/grupnexus.com\/es\/terapia-fotobiodinamica-con-mascara-biofotonica\/","og_locale":"es_ES","og_type":"article","og_title":"Terapia fotobiodin\u00e1mica con m\u00e1scara biofot\u00f3nica","og_description":"Regenera y repara la dermis en casos de afecciones cut\u00e1neas como puede ser el acn\u00e9, el melasma y el fotoenvejecimiento. Fotoage - Cl\u00ednica Nexus","og_url":"https:\/\/grupnexus.com\/es\/terapia-fotobiodinamica-con-mascara-biofotonica\/","og_site_name":"Cl\u00ednica Nexus","article_published_time":"2020-11-03T11:18:40+00:00","article_modified_time":"2022-06-28T07:28:57+00:00","og_image":[{"url":"https:\/\/grupnexus.com\/wp-content\/uploads\/2020\/11\/fotoage.jpg"}],"twitter_card":"summary","twitter_misc":{"Escrito por":"Cl\u00ednica Nexus","Tiempo de lectura":"1 minuto"},"schema":{"@context":"https:\/\/schema.org","@graph":[{"@type":"WebSite","@id":"https:\/\/grupnexus.com\/es\/#website","url":"https:\/\/grupnexus.com\/es\/","name":"Cl\u00ednica Nexus","description":"L\u00edders en Medicina Est\u00e8tica Avan\u00e7ada","potentialAction":[{"@type":"SearchAction","target":{"@type":"EntryPoint","urlTemplate":"https:\/\/grupnexus.com\/es\/?s={search_term_string}"},"query-input":"required name=search_term_string"}],"inLanguage":"es"},{"@type":"ImageObject","@id":"https:\/\/grupnexus.com\/es\/terapia-fotobiodinamica-con-mascara-biofotonica\/#primaryimage","inLanguage":"es","url":"https:\/\/grupnexus.com\/wp-content\/uploads\/2020\/11\/fotoage.jpg","contentUrl":"https:\/\/grupnexus.com\/wp-content\/uploads\/2020\/11\/fotoage.jpg","width":500,"height":500,"caption":"Fotoage"},{"@type":"WebPage","@id":"https:\/\/grupnexus.com\/es\/terapia-fotobiodinamica-con-mascara-biofotonica\/#webpage","url":"https:\/\/grupnexus.com\/es\/terapia-fotobiodinamica-con-mascara-biofotonica\/","name":"Terapia fotobiodin\u00e1mica con m\u00e1scara biofot\u00f3nica","isPartOf":{"@id":"https:\/\/grupnexus.com\/es\/#website"},"primaryImageOfPage":{"@id":"https:\/\/grupnexus.com\/es\/terapia-fotobiodinamica-con-mascara-biofotonica\/#primaryimage"},"datePublished":"2020-11-03T11:18:40+00:00","dateModified":"2022-06-28T07:28:57+00:00","author":{"@id":"https:\/\/grupnexus.com\/es\/#\/schema\/person\/7d42f30e6bd203d23a2c1613b51145c3"},"description":"Regenera y repara la dermis en casos de afecciones cut\u00e1neas como puede ser el acn\u00e9, el melasma y el fotoenvejecimiento. Fotoage - Cl\u00ednica Nexus","breadcrumb":{"@id":"https:\/\/grupnexus.com\/es\/terapia-fotobiodinamica-con-mascara-biofotonica\/#breadcrumb"},"inLanguage":"es","potentialAction":[{"@type":"ReadAction","target":["https:\/\/grupnexus.com\/es\/terapia-fotobiodinamica-con-mascara-biofotonica\/"]}]},{"@type":"BreadcrumbList","@id":"https:\/\/grupnexus.com\/es\/terapia-fotobiodinamica-con-mascara-biofotonica\/#breadcrumb","itemListElement":[{"@type":"ListItem","position":1,"name":"Portada","item":"https:\/\/grupnexus.com\/es\/"},{"@type":"ListItem","position":2,"name":"Terapia fotobiodin\u00e1mica con m\u00e1scara biofot\u00f3nica"}]},{"@type":"Person","@id":"https:\/\/grupnexus.com\/es\/#\/schema\/person\/7d42f30e6bd203d23a2c1613b51145c3","name":"Cl\u00ednica Nexus","image":{"@type":"ImageObject","@id":"https:\/\/grupnexus.com\/es\/#personlogo","inLanguage":"es","url":"https:\/\/secure.gravatar.com\/avatar\/f1f98ef0d641a3a6af0accea5a5971ef?s=96&d=mm&r=g","contentUrl":"https:\/\/secure.gravatar.com\/avatar\/f1f98ef0d641a3a6af0accea5a5971ef?s=96&d=mm&r=g","caption":"Cl\u00ednica Nexus"}}]}},"_links":{"self":[{"href":"https:\/\/grupnexus.com\/es\/wp-json\/wp\/v2\/posts\/45768"}],"collection":[{"href":"https:\/\/grupnexus.com\/es\/wp-json\/wp\/v2\/posts"}],"about":[{"href":"https:\/\/grupnexus.com\/es\/wp-json\/wp\/v2\/types\/post"}],"author":[{"embeddable":true,"href":"https:\/\/grupnexus.com\/es\/wp-json\/wp\/v2\/users\/6"}],"replies":[{"embeddable":true,"href":"https:\/\/grupnexus.com\/es\/wp-json\/wp\/v2\/comments?post=45768"}],"version-history":[{"count":3,"href":"https:\/\/grupnexus.com\/es\/wp-json\/wp\/v2\/posts\/45768\/revisions"}],"predecessor-version":[{"id":50702,"href":"https:\/\/grupnexus.com\/es\/wp-json\/wp\/v2\/posts\/45768\/revisions\/50702"}],"wp:attachment":[{"href":"https:\/\/grupnexus.com\/es\/wp-json\/wp\/v2\/media?parent=45768"}],"wp:term":[{"taxonomy":"category","embeddable":true,"href":"https:\/\/grupnexus.com\/es\/wp-json\/wp\/v2\/categories?post=45768"},{"taxonomy":"post_tag","embeddable":true,"href":"https:\/\/grupnexus.com\/es\/wp-json\/wp\/v2\/tags?post=45768"}],"curies":[{"name":"wp","href":"https:\/\/api.w.org\/{rel}","templated":true}]}}