{"id":46418,"date":"2021-01-15T13:29:39","date_gmt":"2021-01-15T11:29:39","guid":{"rendered":"https:\/\/www.grupnexus.com\/?p=46418"},"modified":"2021-01-15T13:29:39","modified_gmt":"2021-01-15T11:29:39","slug":"el-sector-de-la-medicina-estetica-ante-la-covid-19","status":"publish","type":"post","link":"https:\/\/grupnexus.com\/es\/el-sector-de-la-medicina-estetica-ante-la-covid-19\/","title":{"rendered":"El sector de la medicina est\u00e9tica ante la Covid-19"},"content":{"rendered":"<p>La emisora de radio Cadena Ser Lleida nos ha invitado al programa Soroll Lleida, dentro del espacio Empresarios, para hablar sobre c\u00f3mo ha vivido el sector m\u00e9dico-est\u00e9tico los \u00faltimos meses a ra\u00edz de la pandemia.<\/p>\n<p>Escogida por ser referente en nuestro \u00e1mbito, hablamos de manera distendida de los tratamientos faciales y corporales m\u00e1s demandados, de salud, de novedades y mucho m\u00e1s.<\/p>\n<p><strong>Os invitamos a escuchar el podcast:<\/strong><\/p>\n<p>&nbsp;<\/p>\n<!--[if lt IE 9]><script>document.createElement('audio');<\/script><![endif]-->\n<audio class=\"wp-audio-shortcode\" id=\"audio-46418-1\" preload=\"none\" style=\"width: 100%;\" controls=\"controls\"><source type=\"audio\/mpeg\" src=\"https:\/\/grupnexus.com\/wp-content\/uploads\/2021\/01\/Entrevista-Nexus-SER.mp3?_=1\" \/><a href=\"https:\/\/grupnexus.com\/wp-content\/uploads\/2021\/01\/Entrevista-Nexus-SER.mp3\">https:\/\/grupnexus.com\/wp-content\/uploads\/2021\/01\/Entrevista-Nexus-SER.mp3<\/a><\/audio>\n","protected":false},"excerpt":{"rendered":"<p>La emisora de radio Cadena Ser Lleida nos ha invitado al programa Soroll Lleida, dentro del espacio Empresarios, para hablar sobre c\u00f3mo ha vivido el sector m\u00e9dico-est\u00e9tico los \u00faltimos meses a ra\u00edz de la pandemia. Escogida por ser referente en nuestro \u00e1mbito, hablamos de manera distendida de los tratamientos faciales y corporales m\u00e1s demandados, de&#8230;<\/p>\n","protected":false},"author":5,"featured_media":46428,"comment_status":"closed","ping_status":"closed","sticky":false,"template":"","format":"standard","meta":[],"categories":[2,330,472],"tags":[],"yoast_head":"<!-- This site is optimized with the Yoast SEO plugin v18.6 - https:\/\/yoast.com\/wordpress\/plugins\/seo\/ -->\n<title>El sector de la medicina est\u00e9tica ante la Covid-19<\/title>\n<meta name=\"robots\" content=\"index, follow, max-snippet:-1, max-image-preview:large, max-video-preview:-1\" \/>\n<link rel=\"canonical\" href=\"https:\/\/grupnexus.com\/es\/el-sector-de-la-medicina-estetica-ante-la-covid-19\/\" \/>\n<meta property=\"og:locale\" content=\"es_ES\" \/>\n<meta property=\"og:type\" content=\"article\" \/>\n<meta property=\"og:title\" content=\"El sector de la medicina est\u00e9tica ante la Covid-19\" \/>\n<meta property=\"og:description\" content=\"La emisora de radio Cadena Ser Lleida nos ha invitado al programa Soroll Lleida, dentro del espacio Empresarios, para hablar sobre c\u00f3mo ha vivido el sector m\u00e9dico-est\u00e9tico los \u00faltimos meses a ra\u00edz de la pandemia. Escogida por ser referente en nuestro \u00e1mbito, hablamos de manera distendida de los tratamientos faciales y corporales m\u00e1s demandados, de...\" \/>\n<meta property=\"og:url\" content=\"https:\/\/grupnexus.com\/es\/el-sector-de-la-medicina-estetica-ante-la-covid-19\/\" \/>\n<meta property=\"og:site_name\" content=\"Cl\u00ednica Nexus\" \/>\n<meta property=\"article:published_time\" content=\"2021-01-15T11:29:39+00:00\" \/>\n<meta property=\"og:image\" content=\"https:\/\/i0.wp.com\/grupnexus.com\/wp-content\/uploads\/2021\/01\/Laura.jpg?fit=2048%2C1536&#038;ssl=1\" \/>\n\t<meta property=\"og:image:width\" content=\"2048\" \/>\n\t<meta property=\"og:image:height\" content=\"1536\" \/>\n\t<meta property=\"og:image:type\" content=\"image\/jpeg\" \/>\n<meta name=\"twitter:card\" content=\"summary\" \/>\n<meta name=\"twitter:label1\" content=\"Escrito por\" \/>\n\t<meta name=\"twitter:data1\" content=\"Nexus\" \/>\n<script type=\"application\/ld+json\" class=\"yoast-schema-graph\">{\"@context\":\"https:\/\/schema.org\",\"@graph\":[{\"@type\":\"WebSite\",\"@id\":\"https:\/\/grupnexus.com\/es\/#website\",\"url\":\"https:\/\/grupnexus.com\/es\/\",\"name\":\"Cl\u00ednica Nexus\",\"description\":\"L\u00edders en Medicina Est\u00e8tica Avan\u00e7ada\",\"potentialAction\":[{\"@type\":\"SearchAction\",\"target\":{\"@type\":\"EntryPoint\",\"urlTemplate\":\"https:\/\/grupnexus.com\/es\/?s={search_term_string}\"},\"query-input\":\"required name=search_term_string\"}],\"inLanguage\":\"es\"},{\"@type\":\"ImageObject\",\"@id\":\"https:\/\/grupnexus.com\/es\/el-sector-de-la-medicina-estetica-ante-la-covid-19\/#primaryimage\",\"inLanguage\":\"es\",\"url\":\"https:\/\/grupnexus.com\/wp-content\/uploads\/2021\/01\/Laura.jpg\",\"contentUrl\":\"https:\/\/grupnexus.com\/wp-content\/uploads\/2021\/01\/Laura.jpg\",\"width\":2048,\"height\":1536},{\"@type\":\"WebPage\",\"@id\":\"https:\/\/grupnexus.com\/es\/el-sector-de-la-medicina-estetica-ante-la-covid-19\/#webpage\",\"url\":\"https:\/\/grupnexus.com\/es\/el-sector-de-la-medicina-estetica-ante-la-covid-19\/\",\"name\":\"El sector de la medicina est\u00e9tica ante la Covid-19\",\"isPartOf\":{\"@id\":\"https:\/\/grupnexus.com\/es\/#website\"},\"primaryImageOfPage\":{\"@id\":\"https:\/\/grupnexus.com\/es\/el-sector-de-la-medicina-estetica-ante-la-covid-19\/#primaryimage\"},\"datePublished\":\"2021-01-15T11:29:39+00:00\",\"dateModified\":\"2021-01-15T11:29:39+00:00\",\"author\":{\"@id\":\"https:\/\/grupnexus.com\/es\/#\/schema\/person\/e766a805d9eadac3ecbb8c0d3dcd3355\"},\"breadcrumb\":{\"@id\":\"https:\/\/grupnexus.com\/es\/el-sector-de-la-medicina-estetica-ante-la-covid-19\/#breadcrumb\"},\"inLanguage\":\"es\",\"potentialAction\":[{\"@type\":\"ReadAction\",\"target\":[\"https:\/\/grupnexus.com\/es\/el-sector-de-la-medicina-estetica-ante-la-covid-19\/\"]}]},{\"@type\":\"BreadcrumbList\",\"@id\":\"https:\/\/grupnexus.com\/es\/el-sector-de-la-medicina-estetica-ante-la-covid-19\/#breadcrumb\",\"itemListElement\":[{\"@type\":\"ListItem\",\"position\":1,\"name\":\"Portada\",\"item\":\"https:\/\/grupnexus.com\/es\/\"},{\"@type\":\"ListItem\",\"position\":2,\"name\":\"El sector de la medicina est\u00e9tica ante la Covid-19\"}]},{\"@type\":\"Person\",\"@id\":\"https:\/\/grupnexus.com\/es\/#\/schema\/person\/e766a805d9eadac3ecbb8c0d3dcd3355\",\"name\":\"Nexus\",\"image\":{\"@type\":\"ImageObject\",\"@id\":\"https:\/\/grupnexus.com\/es\/#personlogo\",\"inLanguage\":\"es\",\"url\":\"https:\/\/secure.gravatar.com\/avatar\/8d9fa4540dd1ce6a7ed07044eb5f16c9?s=96&d=mm&r=g\",\"contentUrl\":\"https:\/\/secure.gravatar.com\/avatar\/8d9fa4540dd1ce6a7ed07044eb5f16c9?s=96&d=mm&r=g\",\"caption\":\"Nexus\"}}]}<\/script>\n<!-- \/ Yoast SEO plugin. -->","yoast_head_json":{"title":"El sector de la medicina est\u00e9tica ante la Covid-19","robots":{"index":"index","follow":"follow","max-snippet":"max-snippet:-1","max-image-preview":"max-image-preview:large","max-video-preview":"max-video-preview:-1"},"canonical":"https:\/\/grupnexus.com\/es\/el-sector-de-la-medicina-estetica-ante-la-covid-19\/","og_locale":"es_ES","og_type":"article","og_title":"El sector de la medicina est\u00e9tica ante la Covid-19","og_description":"La emisora de radio Cadena Ser Lleida nos ha invitado al programa Soroll Lleida, dentro del espacio Empresarios, para hablar sobre c\u00f3mo ha vivido el sector m\u00e9dico-est\u00e9tico los \u00faltimos meses a ra\u00edz de la pandemia. Escogida por ser referente en nuestro \u00e1mbito, hablamos de manera distendida de los tratamientos faciales y corporales m\u00e1s demandados, de...","og_url":"https:\/\/grupnexus.com\/es\/el-sector-de-la-medicina-estetica-ante-la-covid-19\/","og_site_name":"Cl\u00ednica Nexus","article_published_time":"2021-01-15T11:29:39+00:00","og_image":[{"width":2048,"height":1536,"url":"https:\/\/i0.wp.com\/grupnexus.com\/wp-content\/uploads\/2021\/01\/Laura.jpg?fit=2048%2C1536&ssl=1","type":"image\/jpeg"}],"twitter_card":"summary","twitter_misc":{"Escrito por":"Nexus"},"schema":{"@context":"https:\/\/schema.org","@graph":[{"@type":"WebSite","@id":"https:\/\/grupnexus.com\/es\/#website","url":"https:\/\/grupnexus.com\/es\/","name":"Cl\u00ednica Nexus","description":"L\u00edders en Medicina Est\u00e8tica Avan\u00e7ada","potentialAction":[{"@type":"SearchAction","target":{"@type":"EntryPoint","urlTemplate":"https:\/\/grupnexus.com\/es\/?s={search_term_string}"},"query-input":"required name=search_term_string"}],"inLanguage":"es"},{"@type":"ImageObject","@id":"https:\/\/grupnexus.com\/es\/el-sector-de-la-medicina-estetica-ante-la-covid-19\/#primaryimage","inLanguage":"es","url":"https:\/\/grupnexus.com\/wp-content\/uploads\/2021\/01\/Laura.jpg","contentUrl":"https:\/\/grupnexus.com\/wp-content\/uploads\/2021\/01\/Laura.jpg","width":2048,"height":1536},{"@type":"WebPage","@id":"https:\/\/grupnexus.com\/es\/el-sector-de-la-medicina-estetica-ante-la-covid-19\/#webpage","url":"https:\/\/grupnexus.com\/es\/el-sector-de-la-medicina-estetica-ante-la-covid-19\/","name":"El sector de la medicina est\u00e9tica ante la Covid-19","isPartOf":{"@id":"https:\/\/grupnexus.com\/es\/#website"},"primaryImageOfPage":{"@id":"https:\/\/grupnexus.com\/es\/el-sector-de-la-medicina-estetica-ante-la-covid-19\/#primaryimage"},"datePublished":"2021-01-15T11:29:39+00:00","dateModified":"2021-01-15T11:29:39+00:00","author":{"@id":"https:\/\/grupnexus.com\/es\/#\/schema\/person\/e766a805d9eadac3ecbb8c0d3dcd3355"},"breadcrumb":{"@id":"https:\/\/grupnexus.com\/es\/el-sector-de-la-medicina-estetica-ante-la-covid-19\/#breadcrumb"},"inLanguage":"es","potentialAction":[{"@type":"ReadAction","target":["https:\/\/grupnexus.com\/es\/el-sector-de-la-medicina-estetica-ante-la-covid-19\/"]}]},{"@type":"BreadcrumbList","@id":"https:\/\/grupnexus.com\/es\/el-sector-de-la-medicina-estetica-ante-la-covid-19\/#breadcrumb","itemListElement":[{"@type":"ListItem","position":1,"name":"Portada","item":"https:\/\/grupnexus.com\/es\/"},{"@type":"ListItem","position":2,"name":"El sector de la medicina est\u00e9tica ante la Covid-19"}]},{"@type":"Person","@id":"https:\/\/grupnexus.com\/es\/#\/schema\/person\/e766a805d9eadac3ecbb8c0d3dcd3355","name":"Nexus","image":{"@type":"ImageObject","@id":"https:\/\/grupnexus.com\/es\/#personlogo","inLanguage":"es","url":"https:\/\/secure.gravatar.com\/avatar\/8d9fa4540dd1ce6a7ed07044eb5f16c9?s=96&d=mm&r=g","contentUrl":"https:\/\/secure.gravatar.com\/avatar\/8d9fa4540dd1ce6a7ed07044eb5f16c9?s=96&d=mm&r=g","caption":"Nexus"}}]}},"_links":{"self":[{"href":"https:\/\/grupnexus.com\/es\/wp-json\/wp\/v2\/posts\/46418"}],"collection":[{"href":"https:\/\/grupnexus.com\/es\/wp-json\/wp\/v2\/posts"}],"about":[{"href":"https:\/\/grupnexus.com\/es\/wp-json\/wp\/v2\/types\/post"}],"author":[{"embeddable":true,"href":"https:\/\/grupnexus.com\/es\/wp-json\/wp\/v2\/users\/5"}],"replies":[{"embeddable":true,"href":"https:\/\/grupnexus.com\/es\/wp-json\/wp\/v2\/comments?post=46418"}],"version-history":[{"count":2,"href":"https:\/\/grupnexus.com\/es\/wp-json\/wp\/v2\/posts\/46418\/revisions"}],"predecessor-version":[{"id":46431,"href":"https:\/\/grupnexus.com\/es\/wp-json\/wp\/v2\/posts\/46418\/revisions\/46431"}],"wp:featuredmedia":[{"embeddable":true,"href":"https:\/\/grupnexus.com\/es\/wp-json\/wp\/v2\/media\/46428"}],"wp:attachment":[{"href":"https:\/\/grupnexus.com\/es\/wp-json\/wp\/v2\/media?parent=46418"}],"wp:term":[{"taxonomy":"category","embeddable":true,"href":"https:\/\/grupnexus.com\/es\/wp-json\/wp\/v2\/categories?post=46418"},{"taxonomy":"post_tag","embeddable":true,"href":"https:\/\/grupnexus.com\/es\/wp-json\/wp\/v2\/tags?post=46418"}],"curies":[{"name":"wp","href":"https:\/\/api.w.org\/{rel}","templated":true}]}}