{"id":46770,"date":"2021-02-11T15:07:29","date_gmt":"2021-02-11T13:07:29","guid":{"rendered":"https:\/\/www.grupnexus.com\/?p=46770"},"modified":"2021-02-11T15:07:29","modified_gmt":"2021-02-11T13:07:29","slug":"cuello-y-escote-nos-delatan","status":"publish","type":"post","link":"https:\/\/grupnexus.com\/es\/cuello-y-escote-nos-delatan\/","title":{"rendered":"El cuello y el escote nos delatan"},"content":{"rendered":"<p>El cuello y el escote son grandes olvidados por la mayor\u00eda en el momento de cuidarnos. Cuando nos aplicamos la cosm\u00e9tica habitual debemos entender como un todo el rostro, el cuello y el escote, ya que si no con el paso del tiempo estos \u00faltimos nos terminan delatando.<\/p>\n<p>A partir de los 45 a\u00f1os se convierten en uno de los aspectos que m\u00e1s preocupan, tanto en hombres como en mujeres.<\/p>\n<h3>Los principales delatores son:<\/h3>\n<ul>\n<li><strong>Doble ment\u00f3n o \u00abpapada\u00bb<\/strong>. Puede surgir debido a c\u00famulo de grasa, por constituci\u00f3n gen\u00e9tica o alteraciones hormonales. Produce una desaparici\u00f3n del contorno del \u00f3valo facial, y da sensaci\u00f3n de aumento de peso, ya que se pierde el perfil de un cuello esbelto.<\/li>\n<li><strong>Arrugas de collar o horizontales.<\/strong> Arrugas muchas veces debidas al movimiento mismo del cuello, sobre todo el de mirar abajo, por ejemplo, cuando consultamos el m\u00f3vil o la tableta.<\/li>\n<li><strong>Arrugas verticales o cuello de gallo.<\/strong> Estas arrugas o descuelgue del tejido d\u00e9rmico es el m\u00e1s frecuente que tiene como condicionante el paso del tiempo, as\u00ed como tambi\u00e9n la exposici\u00f3n solar.<\/li>\n<li><strong>Manchas<\/strong>. La causa m\u00e1s com\u00fan de la aparici\u00f3n de manchas o fotoenvejecimiento es la oxidaci\u00f3n y el c\u00famulo de horas de sol, sobre todo si no nos aplicamos fotoprotector.<\/li>\n<li><strong>Lesiones dermatol\u00f3gicas<\/strong>. Son peque\u00f1as formaciones cut\u00e1neas, a veces del color de la piel, a veces m\u00e1s oscuras. Err\u00f3neamente les llamamos verrugas, y suelen salir en los pliegues de la piel. Por el roce de la ropa, piel con piel o los collares favorecen su crecimiento. Son benignas, pero poco est\u00e9ticas.<\/li>\n<\/ul>\n<p>Hoy d\u00eda contamos con diferentes tratamientos que consiguen recuperar, incluso lograrlo por primera vez, un cuello definido y firme. As\u00ed como un escote uniforme, liso y sin manchas.<\/p>\n<p>Cada tratamiento puede revertir uno o varios inestetismos, y se adapta a la necesidad y edad del o la paciente.<\/p>\n<h3>\u00a0\u00bfCu\u00e1l es tu tratamiento m\u00e9dico-est\u00e9tico?<\/h3>\n<p><strong>Si quieres reducir el doble ment\u00f3n o papada:<\/strong><\/p>\n<ul>\n<li><strong>Criolip\u00f3lisi.<\/strong> Conseguimos eliminar la grasa que lo forma y definir el contorno oval y estilizar el cuello.<\/li>\n<li><strong>Lipol\u00e1ser.<\/strong> Tensa la piel a la vez que elimina la grasa localizada.<\/li>\n<li><strong>Mesoterapia:<\/strong> Mediante la aplicaci\u00f3n de diferentes principios activos conseguimos eliminar la flacidez y reducir grasa, si la hay. Le devolvemos la falta de tono y luminosidad.<\/li>\n<\/ul>\n<p><strong>\u00a0Arrugas:<\/strong><\/p>\n<ul>\n<li><strong>Hilos tensores.<\/strong> Producimos un efecto tensor o lifting inmediato, que puede llegar a durar 18 meses. Los hilos se van reabsorbiendo a la vez que estimulan la inducci\u00f3n de col\u00e1geno y elastina, esto hace que mejore tambi\u00e9n el tejido d\u00e9rmico.<\/li>\n<li><strong>\u00c1cido Hialur\u00f3nico<\/strong>. Relleno de las arrugas horizontales y tensor de la piel.<\/li>\n<li><strong>L\u00e1ser CO2<\/strong>. Induce una contracci\u00f3n que elimina las arrugas verticales y descolgamiento, as\u00ed como el fotoenvejecimiento, devolvi\u00e9ndole un aspecto rejuvenecido.<\/li>\n<li><strong>L\u00e1ser fraccionado, PicoFocus y IPL.<\/strong> Mejora la textura, calidad de la piel y disminuye o elimina arrugas finas.<\/li>\n<\/ul>\n<p><strong>Manchas:<\/strong><\/p>\n<ul>\n<li><strong>Plataforma l\u00e1ser.<\/strong> La aplicaci\u00f3n del l\u00e1ser Picosure, o Icon, solos o combinados, act\u00faan minimizando las manchas provocadas por el fotoenvejecimiento.<\/li>\n<li><strong>T. Fotobiodin\u00e1mica<\/strong>. La incidencia de la luz led HDD (High Density Diodes) en las capas de la piel consiguen eliminar melasmas y manchas de fotoenvejecimiento.<\/li>\n<\/ul>\n<p><strong>Lesiones dermatol\u00f3gicas:<\/strong><\/p>\n<ul>\n<li><strong>L\u00e1ser CO2.<\/strong> Podemos eliminar este tipo de lesiones con una m\u00e1xima precisi\u00f3n, y ofrece unos resultados espectaculares en cuanto a resurfacing cut\u00e1neo.<\/li>\n<li><strong>Jett Plasma.<\/strong> La tecnolog\u00eda plasma no ablativa nos permite eliminar verrugas, fibromas y otras manchas de pigmentaci\u00f3n. Adem\u00e1s, estimula la formaci\u00f3n de col\u00e1geno y fibras de elastina, provocando un efecto de rejuvenecimiento inmediato.<\/li>\n<\/ul>\n<p>Con cualquiera de estos tratamientos estamos consiguiendo adem\u00e1s <strong>rejuvenecer<\/strong> tanto el cuello como el escote.<\/p>\n<p>Por \u00faltimo, recuerda aplicarte<strong> cosm\u00e9tica cada d\u00eda, ma\u00f1ana y noche,<\/strong> espec\u00edfica para esta zona. Podemos recomendarte la mejor seg\u00fan tu caso, para que mantengas en el tiempo el resultado de tu tratamiento m\u00e9dico-est\u00e9tico.<\/p>\n<p>&nbsp;<\/p>\n","protected":false},"excerpt":{"rendered":"<p>El cuello y el escote son grandes olvidados por la mayor\u00eda en el momento de cuidarnos. Cuando nos aplicamos la cosm\u00e9tica habitual debemos entender como un todo el rostro, el cuello y el escote, ya que si no con el paso del tiempo estos \u00faltimos nos terminan delatando. A partir de los 45 a\u00f1os se&#8230;<\/p>\n","protected":false},"author":6,"featured_media":46772,"comment_status":"closed","ping_status":"closed","sticky":false,"template":"","format":"standard","meta":[],"categories":[2,330],"tags":[549,765,752,518,706,753,513],"yoast_head":"<!-- This site is optimized with the Yoast SEO plugin v18.6 - https:\/\/yoast.com\/wordpress\/plugins\/seo\/ -->\n<title>Tratamientos para rejuvenecer el cuello y el escote<\/title>\n<meta name=\"description\" content=\"\u00bfQuieres reducir la papada o eliminar las arrugas del cuello? En Cl\u00ednica Nexus tenemos los tratamientos para rejuvenecer tu cuello y escote.\" \/>\n<meta name=\"robots\" content=\"index, follow, max-snippet:-1, max-image-preview:large, max-video-preview:-1\" \/>\n<link rel=\"canonical\" href=\"https:\/\/grupnexus.com\/es\/cuello-y-escote-nos-delatan\/\" \/>\n<meta property=\"og:locale\" content=\"es_ES\" \/>\n<meta property=\"og:type\" content=\"article\" \/>\n<meta property=\"og:title\" content=\"Tratamientos para rejuvenecer el cuello y el escote\" \/>\n<meta property=\"og:description\" content=\"\u00bfQuieres reducir la papada o eliminar las arrugas del cuello? En Cl\u00ednica Nexus tenemos los tratamientos para rejuvenecer tu cuello y escote.\" \/>\n<meta property=\"og:url\" content=\"https:\/\/grupnexus.com\/es\/cuello-y-escote-nos-delatan\/\" \/>\n<meta property=\"og:site_name\" content=\"Cl\u00ednica Nexus\" \/>\n<meta property=\"article:published_time\" content=\"2021-02-11T13:07:29+00:00\" \/>\n<meta property=\"og:image\" content=\"https:\/\/i0.wp.com\/grupnexus.com\/wp-content\/uploads\/2021\/02\/115672411_l-FILEminimizer.jpg?fit=1023%2C768&#038;ssl=1\" \/>\n\t<meta property=\"og:image:width\" content=\"1023\" \/>\n\t<meta property=\"og:image:height\" content=\"768\" \/>\n\t<meta property=\"og:image:type\" content=\"image\/jpeg\" \/>\n<meta name=\"twitter:card\" content=\"summary\" \/>\n<meta name=\"twitter:label1\" content=\"Escrito por\" \/>\n\t<meta name=\"twitter:data1\" content=\"Cl\u00ednica Nexus\" \/>\n\t<meta name=\"twitter:label2\" content=\"Tiempo de lectura\" \/>\n\t<meta name=\"twitter:data2\" content=\"3 minutos\" \/>\n<script type=\"application\/ld+json\" class=\"yoast-schema-graph\">{\"@context\":\"https:\/\/schema.org\",\"@graph\":[{\"@type\":\"WebSite\",\"@id\":\"https:\/\/grupnexus.com\/es\/#website\",\"url\":\"https:\/\/grupnexus.com\/es\/\",\"name\":\"Cl\u00ednica Nexus\",\"description\":\"L\u00edders en Medicina Est\u00e8tica Avan\u00e7ada\",\"potentialAction\":[{\"@type\":\"SearchAction\",\"target\":{\"@type\":\"EntryPoint\",\"urlTemplate\":\"https:\/\/grupnexus.com\/es\/?s={search_term_string}\"},\"query-input\":\"required name=search_term_string\"}],\"inLanguage\":\"es\"},{\"@type\":\"ImageObject\",\"@id\":\"https:\/\/grupnexus.com\/es\/cuello-y-escote-nos-delatan\/#primaryimage\",\"inLanguage\":\"es\",\"url\":\"https:\/\/grupnexus.com\/wp-content\/uploads\/2021\/02\/115672411_l-FILEminimizer.jpg\",\"contentUrl\":\"https:\/\/grupnexus.com\/wp-content\/uploads\/2021\/02\/115672411_l-FILEminimizer.jpg\",\"width\":1023,\"height\":768,\"caption\":\"cuello y escote\"},{\"@type\":\"WebPage\",\"@id\":\"https:\/\/grupnexus.com\/es\/cuello-y-escote-nos-delatan\/#webpage\",\"url\":\"https:\/\/grupnexus.com\/es\/cuello-y-escote-nos-delatan\/\",\"name\":\"Tratamientos para rejuvenecer el cuello y el escote\",\"isPartOf\":{\"@id\":\"https:\/\/grupnexus.com\/es\/#website\"},\"primaryImageOfPage\":{\"@id\":\"https:\/\/grupnexus.com\/es\/cuello-y-escote-nos-delatan\/#primaryimage\"},\"datePublished\":\"2021-02-11T13:07:29+00:00\",\"dateModified\":\"2021-02-11T13:07:29+00:00\",\"author\":{\"@id\":\"https:\/\/grupnexus.com\/es\/#\/schema\/person\/7d42f30e6bd203d23a2c1613b51145c3\"},\"description\":\"\u00bfQuieres reducir la papada o eliminar las arrugas del cuello? En Cl\u00ednica Nexus tenemos los tratamientos para rejuvenecer tu cuello y escote.\",\"breadcrumb\":{\"@id\":\"https:\/\/grupnexus.com\/es\/cuello-y-escote-nos-delatan\/#breadcrumb\"},\"inLanguage\":\"es\",\"potentialAction\":[{\"@type\":\"ReadAction\",\"target\":[\"https:\/\/grupnexus.com\/es\/cuello-y-escote-nos-delatan\/\"]}]},{\"@type\":\"BreadcrumbList\",\"@id\":\"https:\/\/grupnexus.com\/es\/cuello-y-escote-nos-delatan\/#breadcrumb\",\"itemListElement\":[{\"@type\":\"ListItem\",\"position\":1,\"name\":\"Portada\",\"item\":\"https:\/\/grupnexus.com\/es\/\"},{\"@type\":\"ListItem\",\"position\":2,\"name\":\"El cuello y el escote nos delatan\"}]},{\"@type\":\"Person\",\"@id\":\"https:\/\/grupnexus.com\/es\/#\/schema\/person\/7d42f30e6bd203d23a2c1613b51145c3\",\"name\":\"Cl\u00ednica Nexus\",\"image\":{\"@type\":\"ImageObject\",\"@id\":\"https:\/\/grupnexus.com\/es\/#personlogo\",\"inLanguage\":\"es\",\"url\":\"https:\/\/secure.gravatar.com\/avatar\/f1f98ef0d641a3a6af0accea5a5971ef?s=96&d=mm&r=g\",\"contentUrl\":\"https:\/\/secure.gravatar.com\/avatar\/f1f98ef0d641a3a6af0accea5a5971ef?s=96&d=mm&r=g\",\"caption\":\"Cl\u00ednica Nexus\"}}]}<\/script>\n<!-- \/ Yoast SEO plugin. -->","yoast_head_json":{"title":"Tratamientos para rejuvenecer el cuello y el escote","description":"\u00bfQuieres reducir la papada o eliminar las arrugas del cuello? En Cl\u00ednica Nexus tenemos los tratamientos para rejuvenecer tu cuello y escote.","robots":{"index":"index","follow":"follow","max-snippet":"max-snippet:-1","max-image-preview":"max-image-preview:large","max-video-preview":"max-video-preview:-1"},"canonical":"https:\/\/grupnexus.com\/es\/cuello-y-escote-nos-delatan\/","og_locale":"es_ES","og_type":"article","og_title":"Tratamientos para rejuvenecer el cuello y el escote","og_description":"\u00bfQuieres reducir la papada o eliminar las arrugas del cuello? En Cl\u00ednica Nexus tenemos los tratamientos para rejuvenecer tu cuello y escote.","og_url":"https:\/\/grupnexus.com\/es\/cuello-y-escote-nos-delatan\/","og_site_name":"Cl\u00ednica Nexus","article_published_time":"2021-02-11T13:07:29+00:00","og_image":[{"width":1023,"height":768,"url":"https:\/\/i0.wp.com\/grupnexus.com\/wp-content\/uploads\/2021\/02\/115672411_l-FILEminimizer.jpg?fit=1023%2C768&ssl=1","type":"image\/jpeg"}],"twitter_card":"summary","twitter_misc":{"Escrito por":"Cl\u00ednica Nexus","Tiempo de lectura":"3 minutos"},"schema":{"@context":"https:\/\/schema.org","@graph":[{"@type":"WebSite","@id":"https:\/\/grupnexus.com\/es\/#website","url":"https:\/\/grupnexus.com\/es\/","name":"Cl\u00ednica Nexus","description":"L\u00edders en Medicina Est\u00e8tica Avan\u00e7ada","potentialAction":[{"@type":"SearchAction","target":{"@type":"EntryPoint","urlTemplate":"https:\/\/grupnexus.com\/es\/?s={search_term_string}"},"query-input":"required name=search_term_string"}],"inLanguage":"es"},{"@type":"ImageObject","@id":"https:\/\/grupnexus.com\/es\/cuello-y-escote-nos-delatan\/#primaryimage","inLanguage":"es","url":"https:\/\/grupnexus.com\/wp-content\/uploads\/2021\/02\/115672411_l-FILEminimizer.jpg","contentUrl":"https:\/\/grupnexus.com\/wp-content\/uploads\/2021\/02\/115672411_l-FILEminimizer.jpg","width":1023,"height":768,"caption":"cuello y escote"},{"@type":"WebPage","@id":"https:\/\/grupnexus.com\/es\/cuello-y-escote-nos-delatan\/#webpage","url":"https:\/\/grupnexus.com\/es\/cuello-y-escote-nos-delatan\/","name":"Tratamientos para rejuvenecer el cuello y el escote","isPartOf":{"@id":"https:\/\/grupnexus.com\/es\/#website"},"primaryImageOfPage":{"@id":"https:\/\/grupnexus.com\/es\/cuello-y-escote-nos-delatan\/#primaryimage"},"datePublished":"2021-02-11T13:07:29+00:00","dateModified":"2021-02-11T13:07:29+00:00","author":{"@id":"https:\/\/grupnexus.com\/es\/#\/schema\/person\/7d42f30e6bd203d23a2c1613b51145c3"},"description":"\u00bfQuieres reducir la papada o eliminar las arrugas del cuello? En Cl\u00ednica Nexus tenemos los tratamientos para rejuvenecer tu cuello y escote.","breadcrumb":{"@id":"https:\/\/grupnexus.com\/es\/cuello-y-escote-nos-delatan\/#breadcrumb"},"inLanguage":"es","potentialAction":[{"@type":"ReadAction","target":["https:\/\/grupnexus.com\/es\/cuello-y-escote-nos-delatan\/"]}]},{"@type":"BreadcrumbList","@id":"https:\/\/grupnexus.com\/es\/cuello-y-escote-nos-delatan\/#breadcrumb","itemListElement":[{"@type":"ListItem","position":1,"name":"Portada","item":"https:\/\/grupnexus.com\/es\/"},{"@type":"ListItem","position":2,"name":"El cuello y el escote nos delatan"}]},{"@type":"Person","@id":"https:\/\/grupnexus.com\/es\/#\/schema\/person\/7d42f30e6bd203d23a2c1613b51145c3","name":"Cl\u00ednica Nexus","image":{"@type":"ImageObject","@id":"https:\/\/grupnexus.com\/es\/#personlogo","inLanguage":"es","url":"https:\/\/secure.gravatar.com\/avatar\/f1f98ef0d641a3a6af0accea5a5971ef?s=96&d=mm&r=g","contentUrl":"https:\/\/secure.gravatar.com\/avatar\/f1f98ef0d641a3a6af0accea5a5971ef?s=96&d=mm&r=g","caption":"Cl\u00ednica Nexus"}}]}},"_links":{"self":[{"href":"https:\/\/grupnexus.com\/es\/wp-json\/wp\/v2\/posts\/46770"}],"collection":[{"href":"https:\/\/grupnexus.com\/es\/wp-json\/wp\/v2\/posts"}],"about":[{"href":"https:\/\/grupnexus.com\/es\/wp-json\/wp\/v2\/types\/post"}],"author":[{"embeddable":true,"href":"https:\/\/grupnexus.com\/es\/wp-json\/wp\/v2\/users\/6"}],"replies":[{"embeddable":true,"href":"https:\/\/grupnexus.com\/es\/wp-json\/wp\/v2\/comments?post=46770"}],"version-history":[{"count":2,"href":"https:\/\/grupnexus.com\/es\/wp-json\/wp\/v2\/posts\/46770\/revisions"}],"predecessor-version":[{"id":46774,"href":"https:\/\/grupnexus.com\/es\/wp-json\/wp\/v2\/posts\/46770\/revisions\/46774"}],"wp:featuredmedia":[{"embeddable":true,"href":"https:\/\/grupnexus.com\/es\/wp-json\/wp\/v2\/media\/46772"}],"wp:attachment":[{"href":"https:\/\/grupnexus.com\/es\/wp-json\/wp\/v2\/media?parent=46770"}],"wp:term":[{"taxonomy":"category","embeddable":true,"href":"https:\/\/grupnexus.com\/es\/wp-json\/wp\/v2\/categories?post=46770"},{"taxonomy":"post_tag","embeddable":true,"href":"https:\/\/grupnexus.com\/es\/wp-json\/wp\/v2\/tags?post=46770"}],"curies":[{"name":"wp","href":"https:\/\/api.w.org\/{rel}","templated":true}]}}