{"id":46835,"date":"2021-02-23T11:29:30","date_gmt":"2021-02-23T09:29:30","guid":{"rendered":"https:\/\/www.grupnexus.com\/?p=46835"},"modified":"2021-02-24T16:41:52","modified_gmt":"2021-02-24T14:41:52","slug":"testimonio-ariadna-romero-terapia-fotobiodinamica","status":"publish","type":"post","link":"https:\/\/grupnexus.com\/es\/testimonio-ariadna-romero-terapia-fotobiodinamica\/","title":{"rendered":"La influencer leridana Ariadna Romero conf\u00eda en Cl\u00ednica Nexus y la Terapia Fotobiodin\u00e0mica para eliminar un brote de acn\u00e9 acentuado por el uso de la mascarilla."},"content":{"rendered":"<p>El acn\u00e9 es uno de los problemas con que nos topamos a menudo y que <strong>afecta a casi un 85% de los adolescentes. <\/strong>Y, adem\u00e1s, una enfermedad de la cual quedan secuelas pasados \u200b\u200blos a\u00f1os. Adem\u00e1s, si actualmente a\u00f1adimos la obligaci\u00f3n de llevar mascarilla, el n\u00famero de casos aumenta y aparece, no s\u00f3lo en j\u00f3venes, sino tambi\u00e9n en adultos. Es por este motivo que <strong>la <em>influencer <\/em>leridana, Ariadna Romero, ha decidido ponerse en manos de Cl\u00ednica Nexus<\/strong> y as\u00ed eliminar por completo <strong>un peque\u00f1o brote de acn\u00e9 debido a la mascarilla y los antecedentes que ya ten\u00eda con esta infecci\u00f3n de la piel, <\/strong>como peque\u00f1as marcas que a\u00fan perduraban de su adolescencia.<\/p>\n<p>Ariadna, desde muy joven, siempre ha sido muy consciente en cuidar de su piel y su imagen, y conoce la importancia que conlleva hacerlo. Sin embargo, afirma que <strong>\u00aba veces, seguir los tratamientos diarios en casa no es suficiente y hay que recurrir a especialistas para ayudar a tratar estos problemas\u00bb.<\/strong> Ella, ha apostado \u00abpor la innovaci\u00f3n, tecnolog\u00eda, profesionalidad y el buen trato de Cl\u00ednica Nexus, as\u00ed como las buenas referencias que le llegaban de las personas de su entorno\u00bb.<\/p>\n<p>&nbsp;<\/p>\n<p><img loading=\"lazy\" class=\"aligncenter size-large wp-image-46847\" src=\"https:\/\/grupnexus.com\/wp-content\/uploads\/2021\/02\/OK-1024x683.jpg\" alt=\"\" width=\"1024\" height=\"683\" srcset=\"https:\/\/grupnexus.com\/wp-content\/uploads\/2021\/02\/OK-1024x683.jpg 1024w, https:\/\/grupnexus.com\/wp-content\/uploads\/2021\/02\/OK-300x200.jpg 300w, https:\/\/grupnexus.com\/wp-content\/uploads\/2021\/02\/OK-768x512.jpg 768w, https:\/\/grupnexus.com\/wp-content\/uploads\/2021\/02\/OK-1260x840.jpg 1260w, https:\/\/grupnexus.com\/wp-content\/uploads\/2021\/02\/OK-615x410.jpg 615w, https:\/\/grupnexus.com\/wp-content\/uploads\/2021\/02\/OK-400x266.jpg 400w, https:\/\/grupnexus.com\/wp-content\/uploads\/2021\/02\/OK-292x195.jpg 292w, https:\/\/grupnexus.com\/wp-content\/uploads\/2021\/02\/OK-510x340.jpg 510w, https:\/\/grupnexus.com\/wp-content\/uploads\/2021\/02\/OK.jpg 1500w\" sizes=\"(max-width: 1024px) 100vw, 1024px\" \/><\/p>\n<p>&nbsp;<\/p>\n<p>En su caso, le realizamos un diagn\u00f3stico personalizado donde, adem\u00e1s del acn\u00e9<strong>, se le diagnostic\u00f3 una ros\u00e1cea en la zona de las mejillas<\/strong>. El equipo de Cl\u00ednica Nexus, junto con su directora, Montse Monjo, decidieron que el mejor tratamiento era la <a href=\"https:\/\/grupnexus.com\/es\/tratamientos\/terapia-fotobiodinamica\/\"><strong>Terapia Fotobiodin\u00e1mica<\/strong><\/a>, ya que les permitir\u00eda combinar de una manera multidisciplinaria los dos tratamientos &#8211; el acn\u00e9 y la ros\u00e1cea &#8211; simult\u00e1neamente a cada sesi\u00f3n.<\/p>\n<p>&nbsp;<\/p>\n\n\t\t<style type=\"text\/css\">\n\t\t\t#gallery-1 {\n\t\t\t\tmargin: auto;\n\t\t\t}\n\t\t\t#gallery-1 .gallery-item {\n\t\t\t\tfloat: left;\n\t\t\t\tmargin-top: 10px;\n\t\t\t\ttext-align: center;\n\t\t\t\twidth: 50%;\n\t\t\t}\n\t\t\t#gallery-1 img {\n\t\t\t\tborder: 2px solid #cfcfcf;\n\t\t\t}\n\t\t\t#gallery-1 .gallery-caption {\n\t\t\t\tmargin-left: 0;\n\t\t\t}\n\t\t\t\/* see gallery_shortcode() in wp-includes\/media.php *\/\n\t\t<\/style>\n\t\t<div id='gallery-1' class='gallery galleryid-46835 gallery-columns-2 gallery-size-large'><dl class='gallery-item'>\n\t\t\t<dt class='gallery-icon portrait'>\n\t\t\t\t<img width=\"768\" height=\"1024\" src=\"https:\/\/grupnexus.com\/wp-content\/uploads\/2021\/02\/3.jpg\" class=\"attachment-large size-large\" alt=\"\" loading=\"lazy\" srcset=\"https:\/\/grupnexus.com\/wp-content\/uploads\/2021\/02\/3.jpg 768w, https:\/\/grupnexus.com\/wp-content\/uploads\/2021\/02\/3-225x300.jpg 225w, https:\/\/grupnexus.com\/wp-content\/uploads\/2021\/02\/3-576x768.jpg 576w, https:\/\/grupnexus.com\/wp-content\/uploads\/2021\/02\/3-615x820.jpg 615w, https:\/\/grupnexus.com\/wp-content\/uploads\/2021\/02\/3-400x533.jpg 400w, https:\/\/grupnexus.com\/wp-content\/uploads\/2021\/02\/3-292x389.jpg 292w, https:\/\/grupnexus.com\/wp-content\/uploads\/2021\/02\/3-510x680.jpg 510w\" sizes=\"(max-width: 768px) 100vw, 768px\" \/>\n\t\t\t<\/dt><\/dl><dl class='gallery-item'>\n\t\t\t<dt class='gallery-icon portrait'>\n\t\t\t\t<img width=\"768\" height=\"1024\" src=\"https:\/\/grupnexus.com\/wp-content\/uploads\/2021\/02\/2.jpg\" class=\"attachment-large size-large\" alt=\"\" loading=\"lazy\" srcset=\"https:\/\/grupnexus.com\/wp-content\/uploads\/2021\/02\/2.jpg 768w, https:\/\/grupnexus.com\/wp-content\/uploads\/2021\/02\/2-225x300.jpg 225w, https:\/\/grupnexus.com\/wp-content\/uploads\/2021\/02\/2-576x768.jpg 576w, https:\/\/grupnexus.com\/wp-content\/uploads\/2021\/02\/2-615x820.jpg 615w, https:\/\/grupnexus.com\/wp-content\/uploads\/2021\/02\/2-400x533.jpg 400w, https:\/\/grupnexus.com\/wp-content\/uploads\/2021\/02\/2-292x389.jpg 292w, https:\/\/grupnexus.com\/wp-content\/uploads\/2021\/02\/2-510x680.jpg 510w\" sizes=\"(max-width: 768px) 100vw, 768px\" \/>\n\t\t\t<\/dt><\/dl><br style=\"clear: both\" \/>\n\t\t<\/div>\n\n<p>En total, Ariadna necesit\u00f3 cuatro sesiones de una hora aproximadamente, que consist\u00edan en preparar la piel mediante un peeling con productos fotodin\u00e1micos y fotosensibles de Skinox. Estos productos se activan con la luz l\u00e1ser de baja potencia de la m\u00e1scara flexible Fotoage, la cual se adapta a las curvas de la cara, cuello y escote. Es una t\u00e9cnica no invasiva, indolora y sin efectos secundarios. <strong>La Terapia Fotobiodin\u00e1mica es importante continuarla en casa con <a href=\"https:\/\/grupnexus.com\/es\/categoria-producto\/cosmetica\/skymedic-es\/\">los productos recomendados por el equipo m\u00e9dico<\/a><\/strong> para activar los resultados y evitar que haya una reca\u00edda.<\/p>\n<p>Con esta terapia <strong>se ha conseguido eliminarle el acn\u00e9, la ros\u00e1cea, dejar los poros cerrados y una piel muy luminosa y radiante<\/strong>. Sin embargo, Ariadna se someter\u00e1 a una segunda fase de tratamiento para eliminar definitivamente las cicatrices de acn\u00e9 de cuando era adolescente, con l\u00e1ser, y conseguir as\u00ed un resultado de m\u00e1xima excelencia.<\/p>\n<p>&nbsp;<\/p>\n<p><img loading=\"lazy\" class=\"aligncenter size-full wp-image-46843\" src=\"https:\/\/grupnexus.com\/wp-content\/uploads\/2021\/02\/4.jpg\" alt=\"\" width=\"576\" height=\"1024\" srcset=\"https:\/\/grupnexus.com\/wp-content\/uploads\/2021\/02\/4.jpg 576w, https:\/\/grupnexus.com\/wp-content\/uploads\/2021\/02\/4-169x300.jpg 169w, https:\/\/grupnexus.com\/wp-content\/uploads\/2021\/02\/4-432x768.jpg 432w, https:\/\/grupnexus.com\/wp-content\/uploads\/2021\/02\/4-400x711.jpg 400w, https:\/\/grupnexus.com\/wp-content\/uploads\/2021\/02\/4-292x519.jpg 292w, https:\/\/grupnexus.com\/wp-content\/uploads\/2021\/02\/4-510x907.jpg 510w\" sizes=\"(max-width: 576px) 100vw, 576px\" \/><\/p>\n<p>&nbsp;<\/p>\n<div>Tambi\u00e9n te puede interesar:<\/div>\n<div><a href=\"https:\/\/grupnexus.com\/es\/tratamientos\/medicina-estetica-facial\/\" target=\"_blank\" rel=\"noopener\">Tratamientos de est\u00e9tica facial\u00a0<\/a><\/div>\n<div><a href=\"https:\/\/grupnexus.com\/es\/grupo-nexus\/aparatologia\/fototerapia-led-omnilux\/\" target=\"_blank\" rel=\"noopener\">Fototerapia LED<\/a><\/div>\n<div><a href=\"https:\/\/grupnexus.com\/es\/grupo-nexus\/aparatologia\/fototerapia-ledsmedical\/\" target=\"_blank\" rel=\"noopener\">Fototerapia LEDSMEDICAL<\/a><\/div>\n<div><a href=\"https:\/\/grupnexus.com\/es\/grupo-nexus\/aparatologia\/fotoage\/\" target=\"_blank\" rel=\"noopener\">Fotoage<\/a><\/div>\n","protected":false},"excerpt":{"rendered":"<p>El acn\u00e9 es uno de los problemas con que nos topamos a menudo y que afecta a casi un 85% de los adolescentes. Y, adem\u00e1s, una enfermedad de la cual quedan secuelas pasados \u200b\u200blos a\u00f1os. Adem\u00e1s, si actualmente a\u00f1adimos la obligaci\u00f3n de llevar mascarilla, el n\u00famero de casos aumenta y aparece, no s\u00f3lo en j\u00f3venes,&#8230;<\/p>\n","protected":false},"author":5,"featured_media":0,"comment_status":"closed","ping_status":"closed","sticky":false,"template":"","format":"video","meta":[],"categories":[2,330,464],"tags":[692,852,850,867,854,847,849,751,844,853,862,701,845,843,842,855,859,857,846,865,841,863,858,715],"yoast_head":"<!-- This site is optimized with the Yoast SEO plugin v18.6 - https:\/\/yoast.com\/wordpress\/plugins\/seo\/ -->\n<title>Ariadna Romero: Tratamiento Acn\u00e9<\/title>\n<meta name=\"description\" content=\"Terapia fotobiodin\u00e1mica para combatir el acn\u00e9 y la rosacea. Cl\u00ednica Nexus, tratamientos para el acn\u00e9. Contacta.\" \/>\n<meta name=\"robots\" content=\"index, follow, max-snippet:-1, max-image-preview:large, max-video-preview:-1\" \/>\n<link rel=\"canonical\" href=\"https:\/\/grupnexus.com\/es\/testimonio-ariadna-romero-terapia-fotobiodinamica\/\" \/>\n<meta property=\"og:locale\" content=\"es_ES\" \/>\n<meta property=\"og:type\" content=\"article\" \/>\n<meta property=\"og:title\" content=\"Ariadna Romero: Tratamiento Acn\u00e9\" \/>\n<meta property=\"og:description\" content=\"Terapia fotobiodin\u00e1mica para combatir el acn\u00e9 y la rosacea. Cl\u00ednica Nexus, tratamientos para el acn\u00e9. Contacta.\" \/>\n<meta property=\"og:url\" content=\"https:\/\/grupnexus.com\/es\/testimonio-ariadna-romero-terapia-fotobiodinamica\/\" \/>\n<meta property=\"og:site_name\" content=\"Cl\u00ednica Nexus\" \/>\n<meta property=\"article:published_time\" content=\"2021-02-23T09:29:30+00:00\" \/>\n<meta property=\"article:modified_time\" content=\"2021-02-24T14:41:52+00:00\" \/>\n<meta property=\"og:image\" content=\"https:\/\/i0.wp.com\/grupnexus.com\/wp-content\/uploads\/2021\/02\/3.jpg?w=686&#038;h=915&#038;ssl=1\" \/>\n<meta name=\"twitter:card\" content=\"summary\" \/>\n<meta name=\"twitter:label1\" content=\"Escrito por\" \/>\n\t<meta name=\"twitter:data1\" content=\"Nexus\" \/>\n\t<meta name=\"twitter:label2\" content=\"Tiempo de lectura\" \/>\n\t<meta name=\"twitter:data2\" content=\"2 minutos\" \/>\n<script type=\"application\/ld+json\" class=\"yoast-schema-graph\">{\"@context\":\"https:\/\/schema.org\",\"@graph\":[{\"@type\":\"WebSite\",\"@id\":\"https:\/\/grupnexus.com\/es\/#website\",\"url\":\"https:\/\/grupnexus.com\/es\/\",\"name\":\"Cl\u00ednica Nexus\",\"description\":\"L\u00edders en Medicina Est\u00e8tica Avan\u00e7ada\",\"potentialAction\":[{\"@type\":\"SearchAction\",\"target\":{\"@type\":\"EntryPoint\",\"urlTemplate\":\"https:\/\/grupnexus.com\/es\/?s={search_term_string}\"},\"query-input\":\"required name=search_term_string\"}],\"inLanguage\":\"es\"},{\"@type\":\"ImageObject\",\"@id\":\"https:\/\/grupnexus.com\/es\/testimonio-ariadna-romero-terapia-fotobiodinamica\/#primaryimage\",\"inLanguage\":\"es\",\"url\":\"https:\/\/grupnexus.com\/wp-content\/uploads\/2021\/02\/OK.jpg\",\"contentUrl\":\"https:\/\/grupnexus.com\/wp-content\/uploads\/2021\/02\/OK.jpg\",\"width\":1500,\"height\":1000},{\"@type\":\"WebPage\",\"@id\":\"https:\/\/grupnexus.com\/es\/testimonio-ariadna-romero-terapia-fotobiodinamica\/#webpage\",\"url\":\"https:\/\/grupnexus.com\/es\/testimonio-ariadna-romero-terapia-fotobiodinamica\/\",\"name\":\"Ariadna Romero: Tratamiento Acn\u00e9\",\"isPartOf\":{\"@id\":\"https:\/\/grupnexus.com\/es\/#website\"},\"primaryImageOfPage\":{\"@id\":\"https:\/\/grupnexus.com\/es\/testimonio-ariadna-romero-terapia-fotobiodinamica\/#primaryimage\"},\"datePublished\":\"2021-02-23T09:29:30+00:00\",\"dateModified\":\"2021-02-24T14:41:52+00:00\",\"author\":{\"@id\":\"https:\/\/grupnexus.com\/es\/#\/schema\/person\/e766a805d9eadac3ecbb8c0d3dcd3355\"},\"description\":\"Terapia fotobiodin\u00e1mica para combatir el acn\u00e9 y la rosacea. Cl\u00ednica Nexus, tratamientos para el acn\u00e9. Contacta.\",\"breadcrumb\":{\"@id\":\"https:\/\/grupnexus.com\/es\/testimonio-ariadna-romero-terapia-fotobiodinamica\/#breadcrumb\"},\"inLanguage\":\"es\",\"potentialAction\":[{\"@type\":\"ReadAction\",\"target\":[\"https:\/\/grupnexus.com\/es\/testimonio-ariadna-romero-terapia-fotobiodinamica\/\"]}]},{\"@type\":\"BreadcrumbList\",\"@id\":\"https:\/\/grupnexus.com\/es\/testimonio-ariadna-romero-terapia-fotobiodinamica\/#breadcrumb\",\"itemListElement\":[{\"@type\":\"ListItem\",\"position\":1,\"name\":\"Portada\",\"item\":\"https:\/\/grupnexus.com\/es\/\"},{\"@type\":\"ListItem\",\"position\":2,\"name\":\"La influencer leridana Ariadna Romero conf\u00eda en Cl\u00ednica Nexus y la Terapia Fotobiodin\u00e0mica para eliminar un brote de acn\u00e9 acentuado por el uso de la mascarilla.\"}]},{\"@type\":\"Person\",\"@id\":\"https:\/\/grupnexus.com\/es\/#\/schema\/person\/e766a805d9eadac3ecbb8c0d3dcd3355\",\"name\":\"Nexus\",\"image\":{\"@type\":\"ImageObject\",\"@id\":\"https:\/\/grupnexus.com\/es\/#personlogo\",\"inLanguage\":\"es\",\"url\":\"https:\/\/secure.gravatar.com\/avatar\/8d9fa4540dd1ce6a7ed07044eb5f16c9?s=96&d=mm&r=g\",\"contentUrl\":\"https:\/\/secure.gravatar.com\/avatar\/8d9fa4540dd1ce6a7ed07044eb5f16c9?s=96&d=mm&r=g\",\"caption\":\"Nexus\"}}]}<\/script>\n<!-- \/ Yoast SEO plugin. -->","yoast_head_json":{"title":"Ariadna Romero: Tratamiento Acn\u00e9","description":"Terapia fotobiodin\u00e1mica para combatir el acn\u00e9 y la rosacea. Cl\u00ednica Nexus, tratamientos para el acn\u00e9. Contacta.","robots":{"index":"index","follow":"follow","max-snippet":"max-snippet:-1","max-image-preview":"max-image-preview:large","max-video-preview":"max-video-preview:-1"},"canonical":"https:\/\/grupnexus.com\/es\/testimonio-ariadna-romero-terapia-fotobiodinamica\/","og_locale":"es_ES","og_type":"article","og_title":"Ariadna Romero: Tratamiento Acn\u00e9","og_description":"Terapia fotobiodin\u00e1mica para combatir el acn\u00e9 y la rosacea. Cl\u00ednica Nexus, tratamientos para el acn\u00e9. Contacta.","og_url":"https:\/\/grupnexus.com\/es\/testimonio-ariadna-romero-terapia-fotobiodinamica\/","og_site_name":"Cl\u00ednica Nexus","article_published_time":"2021-02-23T09:29:30+00:00","article_modified_time":"2021-02-24T14:41:52+00:00","og_image":[{"url":"https:\/\/i0.wp.com\/grupnexus.com\/wp-content\/uploads\/2021\/02\/3.jpg?w=686&#038;h=915&#038;ssl=1"}],"twitter_card":"summary","twitter_misc":{"Escrito por":"Nexus","Tiempo de lectura":"2 minutos"},"schema":{"@context":"https:\/\/schema.org","@graph":[{"@type":"WebSite","@id":"https:\/\/grupnexus.com\/es\/#website","url":"https:\/\/grupnexus.com\/es\/","name":"Cl\u00ednica Nexus","description":"L\u00edders en Medicina Est\u00e8tica Avan\u00e7ada","potentialAction":[{"@type":"SearchAction","target":{"@type":"EntryPoint","urlTemplate":"https:\/\/grupnexus.com\/es\/?s={search_term_string}"},"query-input":"required name=search_term_string"}],"inLanguage":"es"},{"@type":"ImageObject","@id":"https:\/\/grupnexus.com\/es\/testimonio-ariadna-romero-terapia-fotobiodinamica\/#primaryimage","inLanguage":"es","url":"https:\/\/grupnexus.com\/wp-content\/uploads\/2021\/02\/OK.jpg","contentUrl":"https:\/\/grupnexus.com\/wp-content\/uploads\/2021\/02\/OK.jpg","width":1500,"height":1000},{"@type":"WebPage","@id":"https:\/\/grupnexus.com\/es\/testimonio-ariadna-romero-terapia-fotobiodinamica\/#webpage","url":"https:\/\/grupnexus.com\/es\/testimonio-ariadna-romero-terapia-fotobiodinamica\/","name":"Ariadna Romero: Tratamiento Acn\u00e9","isPartOf":{"@id":"https:\/\/grupnexus.com\/es\/#website"},"primaryImageOfPage":{"@id":"https:\/\/grupnexus.com\/es\/testimonio-ariadna-romero-terapia-fotobiodinamica\/#primaryimage"},"datePublished":"2021-02-23T09:29:30+00:00","dateModified":"2021-02-24T14:41:52+00:00","author":{"@id":"https:\/\/grupnexus.com\/es\/#\/schema\/person\/e766a805d9eadac3ecbb8c0d3dcd3355"},"description":"Terapia fotobiodin\u00e1mica para combatir el acn\u00e9 y la rosacea. Cl\u00ednica Nexus, tratamientos para el acn\u00e9. Contacta.","breadcrumb":{"@id":"https:\/\/grupnexus.com\/es\/testimonio-ariadna-romero-terapia-fotobiodinamica\/#breadcrumb"},"inLanguage":"es","potentialAction":[{"@type":"ReadAction","target":["https:\/\/grupnexus.com\/es\/testimonio-ariadna-romero-terapia-fotobiodinamica\/"]}]},{"@type":"BreadcrumbList","@id":"https:\/\/grupnexus.com\/es\/testimonio-ariadna-romero-terapia-fotobiodinamica\/#breadcrumb","itemListElement":[{"@type":"ListItem","position":1,"name":"Portada","item":"https:\/\/grupnexus.com\/es\/"},{"@type":"ListItem","position":2,"name":"La influencer leridana Ariadna Romero conf\u00eda en Cl\u00ednica Nexus y la Terapia Fotobiodin\u00e0mica para eliminar un brote de acn\u00e9 acentuado por el uso de la mascarilla."}]},{"@type":"Person","@id":"https:\/\/grupnexus.com\/es\/#\/schema\/person\/e766a805d9eadac3ecbb8c0d3dcd3355","name":"Nexus","image":{"@type":"ImageObject","@id":"https:\/\/grupnexus.com\/es\/#personlogo","inLanguage":"es","url":"https:\/\/secure.gravatar.com\/avatar\/8d9fa4540dd1ce6a7ed07044eb5f16c9?s=96&d=mm&r=g","contentUrl":"https:\/\/secure.gravatar.com\/avatar\/8d9fa4540dd1ce6a7ed07044eb5f16c9?s=96&d=mm&r=g","caption":"Nexus"}}]}},"_links":{"self":[{"href":"https:\/\/grupnexus.com\/es\/wp-json\/wp\/v2\/posts\/46835"}],"collection":[{"href":"https:\/\/grupnexus.com\/es\/wp-json\/wp\/v2\/posts"}],"about":[{"href":"https:\/\/grupnexus.com\/es\/wp-json\/wp\/v2\/types\/post"}],"author":[{"embeddable":true,"href":"https:\/\/grupnexus.com\/es\/wp-json\/wp\/v2\/users\/5"}],"replies":[{"embeddable":true,"href":"https:\/\/grupnexus.com\/es\/wp-json\/wp\/v2\/comments?post=46835"}],"version-history":[{"count":10,"href":"https:\/\/grupnexus.com\/es\/wp-json\/wp\/v2\/posts\/46835\/revisions"}],"predecessor-version":[{"id":46878,"href":"https:\/\/grupnexus.com\/es\/wp-json\/wp\/v2\/posts\/46835\/revisions\/46878"}],"wp:attachment":[{"href":"https:\/\/grupnexus.com\/es\/wp-json\/wp\/v2\/media?parent=46835"}],"wp:term":[{"taxonomy":"category","embeddable":true,"href":"https:\/\/grupnexus.com\/es\/wp-json\/wp\/v2\/categories?post=46835"},{"taxonomy":"post_tag","embeddable":true,"href":"https:\/\/grupnexus.com\/es\/wp-json\/wp\/v2\/tags?post=46835"}],"curies":[{"name":"wp","href":"https:\/\/api.w.org\/{rel}","templated":true}]}}