{"id":50127,"date":"2022-04-08T10:22:51","date_gmt":"2022-04-08T08:22:51","guid":{"rendered":"https:\/\/grupnexus.com\/?p=50127"},"modified":"2022-04-12T12:10:03","modified_gmt":"2022-04-12T10:10:03","slug":"adios-a-la-flacidez-con-potenza","status":"publish","type":"post","link":"https:\/\/grupnexus.com\/es\/adios-a-la-flacidez-con-potenza\/","title":{"rendered":"Adi\u00f3s a la flacidez con Potenza. El sistema de Radiofrecuencia y Microonedling"},"content":{"rendered":"<p>La <strong>flacidez<\/strong> es una de las causas que m\u00e1s preocupa a partir de cierta edad. La <strong>p\u00e9rdida de tono y firmeza, el afinamiento y descolgamiento del \u00f3valo facial debido a la falta de col\u00e1geno y elastina, y la piel ya no tiene ese grosor como cuando se es joven. Estas son las principales consecuencias visibles de la flacidez.<\/strong><\/p>\n<p>Todo ello da un <strong>aspecto triste y cansado.<\/strong> Y no tenemos por qu\u00e9 resignarnos, existen soluciones a este problema<\/p>\n<p><strong>Potenza<\/strong> es la \u00faltima tecnolog\u00eda y <strong>primer sistema del mundo con 4 modos de Radiofrecuencia y Microneedling<\/strong> (microagujas) que <strong>reafirma la piel, mejora imperfecciones, superficiales o profundas (como el acn\u00e9, manchas, cicatrices, poro abierto o rojeces) y revitaliza la dermis.<\/strong><\/p>\n<p>Su versatilidad permite:<\/p>\n<ul>\n<li>Tratar toda clase de <strong>fototipos de piel<\/strong><\/li>\n<li>Sin <strong>limitaciones de edad<\/strong><\/li>\n<li>Recomendado para <strong>hombres<\/strong> y <strong>mujeres<\/strong><\/li>\n<li><strong>Cualquier zona del cuerpo<\/strong> (facial y corporal)<\/li>\n<li>En <strong>cualquier \u00e9poca del a\u00f1o<\/strong><\/li>\n<\/ul>\n<p><strong>Principales zonas faciales a tratar:<\/strong><\/p>\n<ul>\n<li>Tercio superior<\/li>\n<li>Tercio inferior<\/li>\n<li>Ment\u00f3n<\/li>\n<li>\u00d3valo facial<\/li>\n<li>Cuello y escote<\/li>\n<\/ul>\n<p><img loading=\"lazy\" class=\"aligncenter wp-image-50130 size-full\" src=\"https:\/\/grupnexus.com\/wp-content\/uploads\/2022\/04\/potenza-1.jpg\" alt=\"\" width=\"600\" height=\"400\" srcset=\"https:\/\/grupnexus.com\/wp-content\/uploads\/2022\/04\/potenza-1.jpg 600w, https:\/\/grupnexus.com\/wp-content\/uploads\/2022\/04\/potenza-1-300x200.jpg 300w, https:\/\/grupnexus.com\/wp-content\/uploads\/2022\/04\/potenza-1-400x266.jpg 400w, https:\/\/grupnexus.com\/wp-content\/uploads\/2022\/04\/potenza-1-292x195.jpg 292w, https:\/\/grupnexus.com\/wp-content\/uploads\/2022\/04\/potenza-1-510x340.jpg 510w\" sizes=\"(max-width: 600px) 100vw, 600px\" \/><\/p>\n<p><strong>Principales zonas corporales a tratar:<\/strong><\/p>\n<ul>\n<li>Zona periumbilical<\/li>\n<li>Abdomen<\/li>\n<li>Rodillas<\/li>\n<li>Antebrazos<\/li>\n<\/ul>\n<p><img loading=\"lazy\" class=\"aligncenter wp-image-50132 size-full\" src=\"https:\/\/grupnexus.com\/wp-content\/uploads\/2022\/04\/potenza-5.jpg\" alt=\"\" width=\"600\" height=\"400\" srcset=\"https:\/\/grupnexus.com\/wp-content\/uploads\/2022\/04\/potenza-5.jpg 600w, https:\/\/grupnexus.com\/wp-content\/uploads\/2022\/04\/potenza-5-300x200.jpg 300w, https:\/\/grupnexus.com\/wp-content\/uploads\/2022\/04\/potenza-5-400x266.jpg 400w, https:\/\/grupnexus.com\/wp-content\/uploads\/2022\/04\/potenza-5-292x195.jpg 292w, https:\/\/grupnexus.com\/wp-content\/uploads\/2022\/04\/potenza-5-510x340.jpg 510w\" sizes=\"(max-width: 600px) 100vw, 600px\" \/><\/p>\n<p>Su tecnolog\u00eda act\u00faa estimulando la dermis, mediante el calentamiento producido por la radiofrecuencia. Gracias al sistema aplicado de microneedling, este calentamiento se produce en la cara interna de la piel, consiguiendo as\u00ed una mayor regeneraci\u00f3n y, por tanto, este efecto lifting <strong>no quir\u00fargico.<\/strong><\/p>\n<p>Adem\u00e1s, canaliza una <strong>mejor penetraci\u00f3n t\u00f3pica de principios activos<\/strong>, ya sea durante la aplicaci\u00f3n del microneedling con el que el principio puede llegar hasta la capa interna de la piel. Y junto al calor de la radiofrecuencia, se potencia su efecto. O bien, mediante la aplicaci\u00f3n de un suero espec\u00edfico, inmediatamente despu\u00e9s del tratamiento, ya que los canales siguen abiertos durante unas horas.<\/p>\n<p>Cl\u00ednica Nexus tiene la exclusiva de esta \u00faltima tecnolog\u00eda, en Lleida y provincia.<\/p>\n<p><a href=\"https:\/\/grupnexus.com\/es\/grupo-nexus\/aparatologia\/potenzatm\/\"><strong>Leer m\u00e1s sobre PotenzaTM<\/strong><\/a><br \/>\n<a href=\"https:\/\/grupnexus.com\/es\/coffee-talk-wellaging-como-conseguir-un-efecto-lifting-con-potenza\/\"><strong>Leer m\u00e1s sobre Coffe talks i PotenzaTM<\/strong><\/a><\/p>\n<h2>FAQS<\/h2>\n<ul>\n<li>\n<h3>\u00bfCu\u00e1ntas sesiones se recomiendan?<\/h3>\n<p>De 3 a 5 sesiones<\/li>\n<li>\n<h3>\u00bfCu\u00e1ndo se debe esperar entre una y otra sesi\u00f3n?<\/h3>\n<p>Entre 4 y 6 semanas<\/li>\n<li>\n<h3>\u00bfCu\u00e1ndo se ven los resultados?<\/h3>\n<p>Unos d\u00edas despu\u00e9s de la primera sesi\u00f3n ya notar\u00e1s una piel m\u00e1s tonificada. Y los resultados mejoran hasta los 6-12 meses finalizado el pack de sesiones<\/li>\n<li>\n<h3>\u00bfExiste alg\u00fan tipo de contraindicaci\u00f3n?<\/h3>\n<p>Embarazo, lactancia, portadores de marcapasos o dispositivos electr\u00f3nicos implantados que no puedan apagarse o retirarse, hilos de oro, trastornos de cicatrizaci\u00f3n, infecci\u00f3n, descoagulaci\u00f3n, diabetes mellitus, inmunosupresi\u00f3n, alergia a metales (sobre todo oro) y a pl\u00e1sticos, alergia a anest\u00e9sicos disestesias, e implantes met\u00e1licos.<\/li>\n<li>\n<h3>Recomendaciones pretratamiento<\/h3>\n<p>Beber agua (buena hidrataci\u00f3n) y evitar consumir alcohol 24 horas antes<br \/>\n45 minutos antes se aplicar\u00e1 una crema anest\u00e9sica local para evitar posibles molestias durante el tratamientos<\/li>\n<li>\n<h3>Recomendaciones post-tratamiento<\/h3>\n<p>No practicar deporte en 24h<br \/>\nNo exponerse a fuentes de calor ni a la radiaci\u00f3n solar directa (natural o artificial)<br \/>\nUso de fotoprotector solar \u226530<br \/>\nUso de maquillaje mineral a partir de cuando el eritema haya desaparecido<br \/>\nAplicar sueros p\u00e9ptidos recomendados por el especialista<\/li>\n<li>\n<h3>\u00bfSe puede realizar durante el verano?<\/h3>\n<p>S\u00ed, aunque en 24 horas recomendamos no exponerse al sol o fuentes de calor o luz directa<br \/>\nEs preceptivo el uso de fotoprotector de 30 o 50 FPS<\/li>\n<li>\n<h3>\u00bfPuedo realizarme el tratamiento si tengo acn\u00e9 activo con granitos infectados?<\/h3>\n<p>Nuestro especialista te aconsejar\u00e1 y seguir\u00e1 las pautas protocolizadas por nuestro director m\u00e9dico<\/li>\n<\/ul>\n\n\t\t<style type=\"text\/css\">\n\t\t\t#gallery-1 {\n\t\t\t\tmargin: auto;\n\t\t\t}\n\t\t\t#gallery-1 .gallery-item {\n\t\t\t\tfloat: left;\n\t\t\t\tmargin-top: 10px;\n\t\t\t\ttext-align: center;\n\t\t\t\twidth: 25%;\n\t\t\t}\n\t\t\t#gallery-1 img {\n\t\t\t\tborder: 2px solid #cfcfcf;\n\t\t\t}\n\t\t\t#gallery-1 .gallery-caption {\n\t\t\t\tmargin-left: 0;\n\t\t\t}\n\t\t\t\/* see gallery_shortcode() in wp-includes\/media.php *\/\n\t\t<\/style>\n\t\t<div id='gallery-1' class='gallery galleryid-50127 gallery-columns-4 gallery-size-medium'><dl class='gallery-item'>\n\t\t\t<dt class='gallery-icon landscape'>\n\t\t\t\t<a href='https:\/\/grupnexus.com\/wp-content\/uploads\/2022\/04\/potenza-6.jpg'><img width=\"300\" height=\"200\" src=\"https:\/\/grupnexus.com\/wp-content\/uploads\/2022\/04\/potenza-6-300x200.jpg\" class=\"attachment-medium size-medium\" alt=\"\" loading=\"lazy\" srcset=\"https:\/\/grupnexus.com\/wp-content\/uploads\/2022\/04\/potenza-6-300x200.jpg 300w, https:\/\/grupnexus.com\/wp-content\/uploads\/2022\/04\/potenza-6-400x266.jpg 400w, https:\/\/grupnexus.com\/wp-content\/uploads\/2022\/04\/potenza-6-292x195.jpg 292w, https:\/\/grupnexus.com\/wp-content\/uploads\/2022\/04\/potenza-6-510x340.jpg 510w, https:\/\/grupnexus.com\/wp-content\/uploads\/2022\/04\/potenza-6.jpg 600w\" sizes=\"(max-width: 300px) 100vw, 300px\" \/><\/a>\n\t\t\t<\/dt><\/dl><dl class='gallery-item'>\n\t\t\t<dt class='gallery-icon landscape'>\n\t\t\t\t<a href='https:\/\/grupnexus.com\/wp-content\/uploads\/2022\/04\/potenza-4.jpg'><img width=\"300\" height=\"200\" src=\"https:\/\/grupnexus.com\/wp-content\/uploads\/2022\/04\/potenza-4-300x200.jpg\" class=\"attachment-medium size-medium\" alt=\"\" loading=\"lazy\" srcset=\"https:\/\/grupnexus.com\/wp-content\/uploads\/2022\/04\/potenza-4-300x200.jpg 300w, https:\/\/grupnexus.com\/wp-content\/uploads\/2022\/04\/potenza-4-400x266.jpg 400w, https:\/\/grupnexus.com\/wp-content\/uploads\/2022\/04\/potenza-4-292x195.jpg 292w, https:\/\/grupnexus.com\/wp-content\/uploads\/2022\/04\/potenza-4-510x340.jpg 510w, https:\/\/grupnexus.com\/wp-content\/uploads\/2022\/04\/potenza-4.jpg 600w\" sizes=\"(max-width: 300px) 100vw, 300px\" \/><\/a>\n\t\t\t<\/dt><\/dl><dl class='gallery-item'>\n\t\t\t<dt class='gallery-icon landscape'>\n\t\t\t\t<a href='https:\/\/grupnexus.com\/wp-content\/uploads\/2022\/04\/potenza-3.jpg'><img width=\"300\" height=\"200\" src=\"https:\/\/grupnexus.com\/wp-content\/uploads\/2022\/04\/potenza-3-300x200.jpg\" class=\"attachment-medium size-medium\" alt=\"\" loading=\"lazy\" srcset=\"https:\/\/grupnexus.com\/wp-content\/uploads\/2022\/04\/potenza-3-300x200.jpg 300w, https:\/\/grupnexus.com\/wp-content\/uploads\/2022\/04\/potenza-3-400x266.jpg 400w, https:\/\/grupnexus.com\/wp-content\/uploads\/2022\/04\/potenza-3-292x195.jpg 292w, https:\/\/grupnexus.com\/wp-content\/uploads\/2022\/04\/potenza-3-510x340.jpg 510w, https:\/\/grupnexus.com\/wp-content\/uploads\/2022\/04\/potenza-3.jpg 600w\" sizes=\"(max-width: 300px) 100vw, 300px\" \/><\/a>\n\t\t\t<\/dt><\/dl><dl class='gallery-item'>\n\t\t\t<dt class='gallery-icon landscape'>\n\t\t\t\t<a href='https:\/\/grupnexus.com\/wp-content\/uploads\/2022\/04\/potenza-2.jpg'><img width=\"300\" height=\"200\" src=\"https:\/\/grupnexus.com\/wp-content\/uploads\/2022\/04\/potenza-2-300x200.jpg\" class=\"attachment-medium size-medium\" alt=\"\" loading=\"lazy\" srcset=\"https:\/\/grupnexus.com\/wp-content\/uploads\/2022\/04\/potenza-2-300x200.jpg 300w, https:\/\/grupnexus.com\/wp-content\/uploads\/2022\/04\/potenza-2-400x266.jpg 400w, https:\/\/grupnexus.com\/wp-content\/uploads\/2022\/04\/potenza-2-292x195.jpg 292w, https:\/\/grupnexus.com\/wp-content\/uploads\/2022\/04\/potenza-2-510x340.jpg 510w, https:\/\/grupnexus.com\/wp-content\/uploads\/2022\/04\/potenza-2.jpg 600w\" sizes=\"(max-width: 300px) 100vw, 300px\" \/><\/a>\n\t\t\t<\/dt><\/dl><br style=\"clear: both\" \/><dl class='gallery-item'>\n\t\t\t<dt class='gallery-icon landscape'>\n\t\t\t\t<a href='https:\/\/grupnexus.com\/wp-content\/uploads\/2022\/04\/potenza-11.jpg'><img width=\"300\" height=\"200\" src=\"https:\/\/grupnexus.com\/wp-content\/uploads\/2022\/04\/potenza-11-300x200.jpg\" class=\"attachment-medium size-medium\" alt=\"\" loading=\"lazy\" srcset=\"https:\/\/grupnexus.com\/wp-content\/uploads\/2022\/04\/potenza-11-300x200.jpg 300w, https:\/\/grupnexus.com\/wp-content\/uploads\/2022\/04\/potenza-11-400x266.jpg 400w, https:\/\/grupnexus.com\/wp-content\/uploads\/2022\/04\/potenza-11-292x195.jpg 292w, https:\/\/grupnexus.com\/wp-content\/uploads\/2022\/04\/potenza-11-510x340.jpg 510w, https:\/\/grupnexus.com\/wp-content\/uploads\/2022\/04\/potenza-11.jpg 600w\" sizes=\"(max-width: 300px) 100vw, 300px\" \/><\/a>\n\t\t\t<\/dt><\/dl><dl class='gallery-item'>\n\t\t\t<dt class='gallery-icon landscape'>\n\t\t\t\t<a href='https:\/\/grupnexus.com\/wp-content\/uploads\/2022\/04\/potenza-10.jpg'><img width=\"300\" height=\"200\" src=\"https:\/\/grupnexus.com\/wp-content\/uploads\/2022\/04\/potenza-10-300x200.jpg\" class=\"attachment-medium size-medium\" alt=\"\" loading=\"lazy\" srcset=\"https:\/\/grupnexus.com\/wp-content\/uploads\/2022\/04\/potenza-10-300x200.jpg 300w, https:\/\/grupnexus.com\/wp-content\/uploads\/2022\/04\/potenza-10-400x266.jpg 400w, https:\/\/grupnexus.com\/wp-content\/uploads\/2022\/04\/potenza-10-292x195.jpg 292w, https:\/\/grupnexus.com\/wp-content\/uploads\/2022\/04\/potenza-10-510x340.jpg 510w, https:\/\/grupnexus.com\/wp-content\/uploads\/2022\/04\/potenza-10.jpg 600w\" sizes=\"(max-width: 300px) 100vw, 300px\" \/><\/a>\n\t\t\t<\/dt><\/dl><dl class='gallery-item'>\n\t\t\t<dt class='gallery-icon landscape'>\n\t\t\t\t<a href='https:\/\/grupnexus.com\/wp-content\/uploads\/2022\/04\/potenza-9.jpg'><img width=\"300\" height=\"200\" src=\"https:\/\/grupnexus.com\/wp-content\/uploads\/2022\/04\/potenza-9-300x200.jpg\" class=\"attachment-medium size-medium\" alt=\"\" loading=\"lazy\" srcset=\"https:\/\/grupnexus.com\/wp-content\/uploads\/2022\/04\/potenza-9-300x200.jpg 300w, https:\/\/grupnexus.com\/wp-content\/uploads\/2022\/04\/potenza-9-400x266.jpg 400w, https:\/\/grupnexus.com\/wp-content\/uploads\/2022\/04\/potenza-9-292x195.jpg 292w, https:\/\/grupnexus.com\/wp-content\/uploads\/2022\/04\/potenza-9-510x340.jpg 510w, https:\/\/grupnexus.com\/wp-content\/uploads\/2022\/04\/potenza-9.jpg 600w\" sizes=\"(max-width: 300px) 100vw, 300px\" \/><\/a>\n\t\t\t<\/dt><\/dl><dl class='gallery-item'>\n\t\t\t<dt class='gallery-icon landscape'>\n\t\t\t\t<a href='https:\/\/grupnexus.com\/wp-content\/uploads\/2022\/04\/potenza-8.jpg'><img width=\"300\" height=\"200\" src=\"https:\/\/grupnexus.com\/wp-content\/uploads\/2022\/04\/potenza-8-300x200.jpg\" class=\"attachment-medium size-medium\" alt=\"\" loading=\"lazy\" srcset=\"https:\/\/grupnexus.com\/wp-content\/uploads\/2022\/04\/potenza-8-300x200.jpg 300w, https:\/\/grupnexus.com\/wp-content\/uploads\/2022\/04\/potenza-8-400x266.jpg 400w, https:\/\/grupnexus.com\/wp-content\/uploads\/2022\/04\/potenza-8-292x195.jpg 292w, https:\/\/grupnexus.com\/wp-content\/uploads\/2022\/04\/potenza-8-510x340.jpg 510w, https:\/\/grupnexus.com\/wp-content\/uploads\/2022\/04\/potenza-8.jpg 600w\" sizes=\"(max-width: 300px) 100vw, 300px\" \/><\/a>\n\t\t\t<\/dt><\/dl><br style=\"clear: both\" \/>\n\t\t<\/div>\n\n","protected":false},"excerpt":{"rendered":"<p>La flacidez es una de las causas que m\u00e1s preocupa a partir de cierta edad. La p\u00e9rdida de tono y firmeza, el afinamiento y descolgamiento del \u00f3valo facial debido a la falta de col\u00e1geno y elastina, y la piel ya no tiene ese grosor como cuando se es joven. Estas son las principales consecuencias visibles&#8230;<\/p>\n","protected":false},"author":5,"featured_media":50129,"comment_status":"closed","ping_status":"closed","sticky":false,"template":"","format":"standard","meta":[],"categories":[2,330],"tags":[59,242],"yoast_head":"<!-- This site is optimized with the Yoast SEO plugin v18.6 - https:\/\/yoast.com\/wordpress\/plugins\/seo\/ -->\n<title>Adi\u00f3s a la flacidez con Potenza. El sistema de Radiofrecuencia y Microonedling<\/title>\n<meta name=\"description\" content=\"La cura facial i corporal \u00e9s la base perqu\u00e8 un bon o una bona model pugui triomfar. Consells b\u00e0sics de Cl\u00ednica Nexus Lleida.\" \/>\n<meta name=\"robots\" content=\"index, follow, max-snippet:-1, max-image-preview:large, max-video-preview:-1\" \/>\n<link rel=\"canonical\" href=\"https:\/\/grupnexus.com\/es\/adios-a-la-flacidez-con-potenza\/\" \/>\n<meta property=\"og:locale\" content=\"es_ES\" \/>\n<meta property=\"og:type\" content=\"article\" \/>\n<meta property=\"og:title\" content=\"Adi\u00f3s a la flacidez con Potenza. El sistema de Radiofrecuencia y Microonedling\" \/>\n<meta property=\"og:description\" content=\"La cura facial i corporal \u00e9s la base perqu\u00e8 un bon o una bona model pugui triomfar. Consells b\u00e0sics de Cl\u00ednica Nexus Lleida.\" \/>\n<meta property=\"og:url\" content=\"https:\/\/grupnexus.com\/es\/adios-a-la-flacidez-con-potenza\/\" \/>\n<meta property=\"og:site_name\" content=\"Cl\u00ednica Nexus\" \/>\n<meta property=\"article:published_time\" content=\"2022-04-08T08:22:51+00:00\" \/>\n<meta property=\"article:modified_time\" content=\"2022-04-12T10:10:03+00:00\" \/>\n<meta property=\"og:image\" content=\"https:\/\/grupnexus.com\/wp-content\/uploads\/2022\/04\/potenza-7.jpg\" \/>\n\t<meta property=\"og:image:width\" content=\"600\" \/>\n\t<meta property=\"og:image:height\" content=\"400\" \/>\n\t<meta property=\"og:image:type\" content=\"image\/jpeg\" \/>\n<meta name=\"twitter:card\" content=\"summary\" \/>\n<meta name=\"twitter:label1\" content=\"Escrito por\" \/>\n\t<meta name=\"twitter:data1\" content=\"Nexus\" \/>\n\t<meta name=\"twitter:label2\" content=\"Tiempo de lectura\" \/>\n\t<meta name=\"twitter:data2\" content=\"5 minutos\" \/>\n<script type=\"application\/ld+json\" class=\"yoast-schema-graph\">{\"@context\":\"https:\/\/schema.org\",\"@graph\":[{\"@type\":\"WebSite\",\"@id\":\"https:\/\/grupnexus.com\/es\/#website\",\"url\":\"https:\/\/grupnexus.com\/es\/\",\"name\":\"Cl\u00ednica Nexus\",\"description\":\"L\u00edders en Medicina Est\u00e8tica Avan\u00e7ada\",\"potentialAction\":[{\"@type\":\"SearchAction\",\"target\":{\"@type\":\"EntryPoint\",\"urlTemplate\":\"https:\/\/grupnexus.com\/es\/?s={search_term_string}\"},\"query-input\":\"required name=search_term_string\"}],\"inLanguage\":\"es\"},{\"@type\":\"ImageObject\",\"@id\":\"https:\/\/grupnexus.com\/es\/adios-a-la-flacidez-con-potenza\/#primaryimage\",\"inLanguage\":\"es\",\"url\":\"https:\/\/grupnexus.com\/wp-content\/uploads\/2022\/04\/potenza-7.jpg\",\"contentUrl\":\"https:\/\/grupnexus.com\/wp-content\/uploads\/2022\/04\/potenza-7.jpg\",\"width\":600,\"height\":400},{\"@type\":\"WebPage\",\"@id\":\"https:\/\/grupnexus.com\/es\/adios-a-la-flacidez-con-potenza\/#webpage\",\"url\":\"https:\/\/grupnexus.com\/es\/adios-a-la-flacidez-con-potenza\/\",\"name\":\"Adi\u00f3s a la flacidez con Potenza. El sistema de Radiofrecuencia y Microonedling\",\"isPartOf\":{\"@id\":\"https:\/\/grupnexus.com\/es\/#website\"},\"primaryImageOfPage\":{\"@id\":\"https:\/\/grupnexus.com\/es\/adios-a-la-flacidez-con-potenza\/#primaryimage\"},\"datePublished\":\"2022-04-08T08:22:51+00:00\",\"dateModified\":\"2022-04-12T10:10:03+00:00\",\"author\":{\"@id\":\"https:\/\/grupnexus.com\/es\/#\/schema\/person\/e766a805d9eadac3ecbb8c0d3dcd3355\"},\"description\":\"La cura facial i corporal \u00e9s la base perqu\u00e8 un bon o una bona model pugui triomfar. Consells b\u00e0sics de Cl\u00ednica Nexus Lleida.\",\"breadcrumb\":{\"@id\":\"https:\/\/grupnexus.com\/es\/adios-a-la-flacidez-con-potenza\/#breadcrumb\"},\"inLanguage\":\"es\",\"potentialAction\":[{\"@type\":\"ReadAction\",\"target\":[\"https:\/\/grupnexus.com\/es\/adios-a-la-flacidez-con-potenza\/\"]}]},{\"@type\":\"BreadcrumbList\",\"@id\":\"https:\/\/grupnexus.com\/es\/adios-a-la-flacidez-con-potenza\/#breadcrumb\",\"itemListElement\":[{\"@type\":\"ListItem\",\"position\":1,\"name\":\"Portada\",\"item\":\"https:\/\/grupnexus.com\/es\/\"},{\"@type\":\"ListItem\",\"position\":2,\"name\":\"Adi\u00f3s a la flacidez con Potenza. El sistema de Radiofrecuencia y Microonedling\"}]},{\"@type\":\"Person\",\"@id\":\"https:\/\/grupnexus.com\/es\/#\/schema\/person\/e766a805d9eadac3ecbb8c0d3dcd3355\",\"name\":\"Nexus\",\"image\":{\"@type\":\"ImageObject\",\"@id\":\"https:\/\/grupnexus.com\/es\/#personlogo\",\"inLanguage\":\"es\",\"url\":\"https:\/\/secure.gravatar.com\/avatar\/8d9fa4540dd1ce6a7ed07044eb5f16c9?s=96&d=mm&r=g\",\"contentUrl\":\"https:\/\/secure.gravatar.com\/avatar\/8d9fa4540dd1ce6a7ed07044eb5f16c9?s=96&d=mm&r=g\",\"caption\":\"Nexus\"}}]}<\/script>\n<!-- \/ Yoast SEO plugin. -->","yoast_head_json":{"title":"Adi\u00f3s a la flacidez con Potenza. El sistema de Radiofrecuencia y Microonedling","description":"La cura facial i corporal \u00e9s la base perqu\u00e8 un bon o una bona model pugui triomfar. Consells b\u00e0sics de Cl\u00ednica Nexus Lleida.","robots":{"index":"index","follow":"follow","max-snippet":"max-snippet:-1","max-image-preview":"max-image-preview:large","max-video-preview":"max-video-preview:-1"},"canonical":"https:\/\/grupnexus.com\/es\/adios-a-la-flacidez-con-potenza\/","og_locale":"es_ES","og_type":"article","og_title":"Adi\u00f3s a la flacidez con Potenza. El sistema de Radiofrecuencia y Microonedling","og_description":"La cura facial i corporal \u00e9s la base perqu\u00e8 un bon o una bona model pugui triomfar. Consells b\u00e0sics de Cl\u00ednica Nexus Lleida.","og_url":"https:\/\/grupnexus.com\/es\/adios-a-la-flacidez-con-potenza\/","og_site_name":"Cl\u00ednica Nexus","article_published_time":"2022-04-08T08:22:51+00:00","article_modified_time":"2022-04-12T10:10:03+00:00","og_image":[{"width":600,"height":400,"url":"https:\/\/grupnexus.com\/wp-content\/uploads\/2022\/04\/potenza-7.jpg","type":"image\/jpeg"}],"twitter_card":"summary","twitter_misc":{"Escrito por":"Nexus","Tiempo de lectura":"5 minutos"},"schema":{"@context":"https:\/\/schema.org","@graph":[{"@type":"WebSite","@id":"https:\/\/grupnexus.com\/es\/#website","url":"https:\/\/grupnexus.com\/es\/","name":"Cl\u00ednica Nexus","description":"L\u00edders en Medicina Est\u00e8tica Avan\u00e7ada","potentialAction":[{"@type":"SearchAction","target":{"@type":"EntryPoint","urlTemplate":"https:\/\/grupnexus.com\/es\/?s={search_term_string}"},"query-input":"required name=search_term_string"}],"inLanguage":"es"},{"@type":"ImageObject","@id":"https:\/\/grupnexus.com\/es\/adios-a-la-flacidez-con-potenza\/#primaryimage","inLanguage":"es","url":"https:\/\/grupnexus.com\/wp-content\/uploads\/2022\/04\/potenza-7.jpg","contentUrl":"https:\/\/grupnexus.com\/wp-content\/uploads\/2022\/04\/potenza-7.jpg","width":600,"height":400},{"@type":"WebPage","@id":"https:\/\/grupnexus.com\/es\/adios-a-la-flacidez-con-potenza\/#webpage","url":"https:\/\/grupnexus.com\/es\/adios-a-la-flacidez-con-potenza\/","name":"Adi\u00f3s a la flacidez con Potenza. El sistema de Radiofrecuencia y Microonedling","isPartOf":{"@id":"https:\/\/grupnexus.com\/es\/#website"},"primaryImageOfPage":{"@id":"https:\/\/grupnexus.com\/es\/adios-a-la-flacidez-con-potenza\/#primaryimage"},"datePublished":"2022-04-08T08:22:51+00:00","dateModified":"2022-04-12T10:10:03+00:00","author":{"@id":"https:\/\/grupnexus.com\/es\/#\/schema\/person\/e766a805d9eadac3ecbb8c0d3dcd3355"},"description":"La cura facial i corporal \u00e9s la base perqu\u00e8 un bon o una bona model pugui triomfar. Consells b\u00e0sics de Cl\u00ednica Nexus Lleida.","breadcrumb":{"@id":"https:\/\/grupnexus.com\/es\/adios-a-la-flacidez-con-potenza\/#breadcrumb"},"inLanguage":"es","potentialAction":[{"@type":"ReadAction","target":["https:\/\/grupnexus.com\/es\/adios-a-la-flacidez-con-potenza\/"]}]},{"@type":"BreadcrumbList","@id":"https:\/\/grupnexus.com\/es\/adios-a-la-flacidez-con-potenza\/#breadcrumb","itemListElement":[{"@type":"ListItem","position":1,"name":"Portada","item":"https:\/\/grupnexus.com\/es\/"},{"@type":"ListItem","position":2,"name":"Adi\u00f3s a la flacidez con Potenza. El sistema de Radiofrecuencia y Microonedling"}]},{"@type":"Person","@id":"https:\/\/grupnexus.com\/es\/#\/schema\/person\/e766a805d9eadac3ecbb8c0d3dcd3355","name":"Nexus","image":{"@type":"ImageObject","@id":"https:\/\/grupnexus.com\/es\/#personlogo","inLanguage":"es","url":"https:\/\/secure.gravatar.com\/avatar\/8d9fa4540dd1ce6a7ed07044eb5f16c9?s=96&d=mm&r=g","contentUrl":"https:\/\/secure.gravatar.com\/avatar\/8d9fa4540dd1ce6a7ed07044eb5f16c9?s=96&d=mm&r=g","caption":"Nexus"}}]}},"_links":{"self":[{"href":"https:\/\/grupnexus.com\/es\/wp-json\/wp\/v2\/posts\/50127"}],"collection":[{"href":"https:\/\/grupnexus.com\/es\/wp-json\/wp\/v2\/posts"}],"about":[{"href":"https:\/\/grupnexus.com\/es\/wp-json\/wp\/v2\/types\/post"}],"author":[{"embeddable":true,"href":"https:\/\/grupnexus.com\/es\/wp-json\/wp\/v2\/users\/5"}],"replies":[{"embeddable":true,"href":"https:\/\/grupnexus.com\/es\/wp-json\/wp\/v2\/comments?post=50127"}],"version-history":[{"count":4,"href":"https:\/\/grupnexus.com\/es\/wp-json\/wp\/v2\/posts\/50127\/revisions"}],"predecessor-version":[{"id":50190,"href":"https:\/\/grupnexus.com\/es\/wp-json\/wp\/v2\/posts\/50127\/revisions\/50190"}],"wp:featuredmedia":[{"embeddable":true,"href":"https:\/\/grupnexus.com\/es\/wp-json\/wp\/v2\/media\/50129"}],"wp:attachment":[{"href":"https:\/\/grupnexus.com\/es\/wp-json\/wp\/v2\/media?parent=50127"}],"wp:term":[{"taxonomy":"category","embeddable":true,"href":"https:\/\/grupnexus.com\/es\/wp-json\/wp\/v2\/categories?post=50127"},{"taxonomy":"post_tag","embeddable":true,"href":"https:\/\/grupnexus.com\/es\/wp-json\/wp\/v2\/tags?post=50127"}],"curies":[{"name":"wp","href":"https:\/\/api.w.org\/{rel}","templated":true}]}}