{"id":50503,"date":"2022-06-01T09:46:31","date_gmt":"2022-06-01T07:46:31","guid":{"rendered":"https:\/\/grupnexus.com\/?p=50503"},"modified":"2022-06-01T10:06:47","modified_gmt":"2022-06-01T08:06:47","slug":"trasplante-capilar-testimonio-miguel-perez","status":"publish","type":"post","link":"https:\/\/grupnexus.com\/es\/trasplante-capilar-testimonio-miguel-perez\/","title":{"rendered":"Trasplante capilar. Testimonio Miguel P\u00e9rez"},"content":{"rendered":"<p>La alopecia o p\u00e9rdida de cabello es una de las mayores preocupaciones est\u00e9ticas de la poblaci\u00f3n. Desde hace unos a\u00f1os podemos tratarla con diferentes t\u00e9cnicas avanzadas, siendo una de ellas el <b>trasplante capilar.<\/b> En este sentido, Cl\u00ednica Nexus es la cl\u00ednica de referencia en <b>Lleida y provincia<\/b> en este tipo de intervenciones, realizadas siempre en quir\u00f3fano, por un equipo m\u00e9dico especializado con una <b>dilatada experiencia<\/b> en este \u00e1mbito.<\/p>\n<p>Uno de los casos m\u00e1s recientes, es el de Miguel P\u00e9rez. Miguel acudi\u00f3 a Cl\u00ednica Nexus, ya que <b>estaba muy preocupado con su p\u00e9rdida de cabello.<\/b> Gracias a la recomendaci\u00f3n de personas de su entorno y a los a\u00f1os de experiencia que nos avalan, Miguel se puso en manos del equipo de la Unidad Capilar para empezar el proceso del trasplante de cabello.<\/p>\n<p>En el caso de Miguel, se opt\u00f3 por aplicar la T\u00e9cnica FUE Zafiro, una intervenci\u00f3n que tiene una duraci\u00f3n de entre 6 y 9 horas, dependiendo de los bulbos a trasplantar. Se aplica anestesia local, por lo que el paciente est\u00e1 consciente en todo momento, y en una postura c\u00f3moda y relajada.<\/p>\n<p>Por \u00faltimo, despu\u00e9s de la intervenci\u00f3n, Miguel, ha tenido que seguir unas pautas de suplementaci\u00f3n nutricosm\u00e9tica que han ayudado a una mejor recuperaci\u00f3n y unos resultados \u00f3ptimos. Miguel, adem\u00e1s, complement\u00f3 el resultado con un <b>tratamiento de Plasma Rico en Plaquetas,<\/b> que consiste en inyectar el propio plasma del paciente para sobreestimular el crecimiento de cabello.<\/p>\n<p>Tal y como apunta el propio Miguel, la experiencia ha sido muy buena y recomienda este tratamiento a todas las personas que est\u00e9n buscando una soluci\u00f3n a la p\u00e9rdida del cabello. Adem\u00e1s, a\u00f1ade que es una opci\u00f3n indolora, eficaz y con excelentes resultados.<\/p>\n\n\t\t<style type=\"text\/css\">\n\t\t\t#gallery-1 {\n\t\t\t\tmargin: auto;\n\t\t\t}\n\t\t\t#gallery-1 .gallery-item {\n\t\t\t\tfloat: left;\n\t\t\t\tmargin-top: 10px;\n\t\t\t\ttext-align: center;\n\t\t\t\twidth: 33%;\n\t\t\t}\n\t\t\t#gallery-1 img {\n\t\t\t\tborder: 2px solid #cfcfcf;\n\t\t\t}\n\t\t\t#gallery-1 .gallery-caption {\n\t\t\t\tmargin-left: 0;\n\t\t\t}\n\t\t\t\/* see gallery_shortcode() in wp-includes\/media.php *\/\n\t\t<\/style>\n\t\t<div id='gallery-1' class='gallery galleryid-50503 gallery-columns-3 gallery-size-medium'><dl class='gallery-item'>\n\t\t\t<dt class='gallery-icon landscape'>\n\t\t\t\t<a href='https:\/\/grupnexus.com\/wp-content\/uploads\/2022\/06\/testimonio-miguel-trasplante-capilar.jpg'><img width=\"300\" height=\"222\" src=\"https:\/\/grupnexus.com\/wp-content\/uploads\/2022\/06\/testimonio-miguel-trasplante-capilar-300x222.jpg\" class=\"attachment-medium size-medium\" alt=\"\" loading=\"lazy\" srcset=\"https:\/\/grupnexus.com\/wp-content\/uploads\/2022\/06\/testimonio-miguel-trasplante-capilar-300x222.jpg 300w, https:\/\/grupnexus.com\/wp-content\/uploads\/2022\/06\/testimonio-miguel-trasplante-capilar-768x569.jpg 768w, https:\/\/grupnexus.com\/wp-content\/uploads\/2022\/06\/testimonio-miguel-trasplante-capilar-615x455.jpg 615w, https:\/\/grupnexus.com\/wp-content\/uploads\/2022\/06\/testimonio-miguel-trasplante-capilar-400x296.jpg 400w, https:\/\/grupnexus.com\/wp-content\/uploads\/2022\/06\/testimonio-miguel-trasplante-capilar-292x216.jpg 292w, https:\/\/grupnexus.com\/wp-content\/uploads\/2022\/06\/testimonio-miguel-trasplante-capilar-510x378.jpg 510w, https:\/\/grupnexus.com\/wp-content\/uploads\/2022\/06\/testimonio-miguel-trasplante-capilar.jpg 1024w\" sizes=\"(max-width: 300px) 100vw, 300px\" \/><\/a>\n\t\t\t<\/dt><\/dl><dl class='gallery-item'>\n\t\t\t<dt class='gallery-icon landscape'>\n\t\t\t\t<a href='https:\/\/grupnexus.com\/wp-content\/uploads\/2022\/06\/testimonio-miguel-trasplante-capilar-3.jpg'><img width=\"300\" height=\"222\" src=\"https:\/\/grupnexus.com\/wp-content\/uploads\/2022\/06\/testimonio-miguel-trasplante-capilar-3-300x222.jpg\" class=\"attachment-medium size-medium\" alt=\"\" loading=\"lazy\" srcset=\"https:\/\/grupnexus.com\/wp-content\/uploads\/2022\/06\/testimonio-miguel-trasplante-capilar-3-300x222.jpg 300w, https:\/\/grupnexus.com\/wp-content\/uploads\/2022\/06\/testimonio-miguel-trasplante-capilar-3-768x569.jpg 768w, https:\/\/grupnexus.com\/wp-content\/uploads\/2022\/06\/testimonio-miguel-trasplante-capilar-3-615x455.jpg 615w, https:\/\/grupnexus.com\/wp-content\/uploads\/2022\/06\/testimonio-miguel-trasplante-capilar-3-400x296.jpg 400w, https:\/\/grupnexus.com\/wp-content\/uploads\/2022\/06\/testimonio-miguel-trasplante-capilar-3-292x216.jpg 292w, https:\/\/grupnexus.com\/wp-content\/uploads\/2022\/06\/testimonio-miguel-trasplante-capilar-3-510x378.jpg 510w, https:\/\/grupnexus.com\/wp-content\/uploads\/2022\/06\/testimonio-miguel-trasplante-capilar-3.jpg 1024w\" sizes=\"(max-width: 300px) 100vw, 300px\" \/><\/a>\n\t\t\t<\/dt><\/dl><dl class='gallery-item'>\n\t\t\t<dt class='gallery-icon landscape'>\n\t\t\t\t<a href='https:\/\/grupnexus.com\/wp-content\/uploads\/2022\/06\/testimonio-miguel-trasplante-capilar-2.jpg'><img width=\"300\" height=\"222\" src=\"https:\/\/grupnexus.com\/wp-content\/uploads\/2022\/06\/testimonio-miguel-trasplante-capilar-2-300x222.jpg\" class=\"attachment-medium size-medium\" alt=\"\" loading=\"lazy\" srcset=\"https:\/\/grupnexus.com\/wp-content\/uploads\/2022\/06\/testimonio-miguel-trasplante-capilar-2-300x222.jpg 300w, https:\/\/grupnexus.com\/wp-content\/uploads\/2022\/06\/testimonio-miguel-trasplante-capilar-2-768x569.jpg 768w, https:\/\/grupnexus.com\/wp-content\/uploads\/2022\/06\/testimonio-miguel-trasplante-capilar-2-615x455.jpg 615w, https:\/\/grupnexus.com\/wp-content\/uploads\/2022\/06\/testimonio-miguel-trasplante-capilar-2-400x296.jpg 400w, https:\/\/grupnexus.com\/wp-content\/uploads\/2022\/06\/testimonio-miguel-trasplante-capilar-2-292x216.jpg 292w, https:\/\/grupnexus.com\/wp-content\/uploads\/2022\/06\/testimonio-miguel-trasplante-capilar-2-510x378.jpg 510w, https:\/\/grupnexus.com\/wp-content\/uploads\/2022\/06\/testimonio-miguel-trasplante-capilar-2.jpg 1024w\" sizes=\"(max-width: 300px) 100vw, 300px\" \/><\/a>\n\t\t\t<\/dt><\/dl><br style=\"clear: both\" \/>\n\t\t<\/div>\n\n","protected":false},"excerpt":{"rendered":"<p>La alopecia o p\u00e9rdida de cabello es una de las mayores preocupaciones est\u00e9ticas de la poblaci\u00f3n. Desde hace unos a\u00f1os podemos tratarla con diferentes t\u00e9cnicas avanzadas, siendo una de ellas el trasplante capilar. En este sentido, Cl\u00ednica Nexus es la cl\u00ednica de referencia en Lleida y provincia en este tipo de intervenciones, realizadas siempre en&#8230;<\/p>\n","protected":false},"author":5,"featured_media":0,"comment_status":"closed","ping_status":"closed","sticky":false,"template":"","format":"video","meta":[],"categories":[2,330,464],"tags":[922,709,718],"yoast_head":"<!-- This site is optimized with the Yoast SEO plugin v18.6 - https:\/\/yoast.com\/wordpress\/plugins\/seo\/ -->\n<title>Miguel P\u00e9rez, testimonio de trasplante capilar<\/title>\n<meta name=\"description\" content=\"Testimonio de un paciente que se ha sometido a un trasplante capilar con la t\u00e9cnica fue zafire. Trasplantes capilares Cl\u00ednica Nexus.\" \/>\n<meta name=\"robots\" content=\"index, follow, max-snippet:-1, max-image-preview:large, max-video-preview:-1\" \/>\n<link rel=\"canonical\" href=\"https:\/\/grupnexus.com\/es\/trasplante-capilar-testimonio-miguel-perez\/\" \/>\n<meta property=\"og:locale\" content=\"es_ES\" \/>\n<meta property=\"og:type\" content=\"article\" \/>\n<meta property=\"og:title\" content=\"Miguel P\u00e9rez, testimonio de trasplante capilar\" \/>\n<meta property=\"og:description\" content=\"Testimonio de un paciente que se ha sometido a un trasplante capilar con la t\u00e9cnica fue zafire. Trasplantes capilares Cl\u00ednica Nexus.\" \/>\n<meta property=\"og:url\" content=\"https:\/\/grupnexus.com\/es\/trasplante-capilar-testimonio-miguel-perez\/\" \/>\n<meta property=\"og:site_name\" content=\"Cl\u00ednica Nexus\" \/>\n<meta property=\"article:published_time\" content=\"2022-06-01T07:46:31+00:00\" \/>\n<meta property=\"article:modified_time\" content=\"2022-06-01T08:06:47+00:00\" \/>\n<meta property=\"og:image\" content=\"https:\/\/grupnexus.com\/wp-content\/uploads\/2022\/06\/testimonio-miguel-trasplante-capilar-300x222.jpg\" \/>\n<meta name=\"twitter:card\" content=\"summary\" \/>\n<meta name=\"twitter:label1\" content=\"Escrito por\" \/>\n\t<meta name=\"twitter:data1\" content=\"Nexus\" \/>\n\t<meta name=\"twitter:label2\" content=\"Tiempo de lectura\" \/>\n\t<meta name=\"twitter:data2\" content=\"2 minutos\" \/>\n<script type=\"application\/ld+json\" class=\"yoast-schema-graph\">{\"@context\":\"https:\/\/schema.org\",\"@graph\":[{\"@type\":\"WebSite\",\"@id\":\"https:\/\/grupnexus.com\/es\/#website\",\"url\":\"https:\/\/grupnexus.com\/es\/\",\"name\":\"Cl\u00ednica Nexus\",\"description\":\"L\u00edders en Medicina Est\u00e8tica Avan\u00e7ada\",\"potentialAction\":[{\"@type\":\"SearchAction\",\"target\":{\"@type\":\"EntryPoint\",\"urlTemplate\":\"https:\/\/grupnexus.com\/es\/?s={search_term_string}\"},\"query-input\":\"required name=search_term_string\"}],\"inLanguage\":\"es\"},{\"@type\":\"WebPage\",\"@id\":\"https:\/\/grupnexus.com\/es\/trasplante-capilar-testimonio-miguel-perez\/#webpage\",\"url\":\"https:\/\/grupnexus.com\/es\/trasplante-capilar-testimonio-miguel-perez\/\",\"name\":\"Miguel P\u00e9rez, testimonio de trasplante capilar\",\"isPartOf\":{\"@id\":\"https:\/\/grupnexus.com\/es\/#website\"},\"datePublished\":\"2022-06-01T07:46:31+00:00\",\"dateModified\":\"2022-06-01T08:06:47+00:00\",\"author\":{\"@id\":\"https:\/\/grupnexus.com\/es\/#\/schema\/person\/e766a805d9eadac3ecbb8c0d3dcd3355\"},\"description\":\"Testimonio de un paciente que se ha sometido a un trasplante capilar con la t\u00e9cnica fue zafire. Trasplantes capilares Cl\u00ednica Nexus.\",\"breadcrumb\":{\"@id\":\"https:\/\/grupnexus.com\/es\/trasplante-capilar-testimonio-miguel-perez\/#breadcrumb\"},\"inLanguage\":\"es\",\"potentialAction\":[{\"@type\":\"ReadAction\",\"target\":[\"https:\/\/grupnexus.com\/es\/trasplante-capilar-testimonio-miguel-perez\/\"]}]},{\"@type\":\"BreadcrumbList\",\"@id\":\"https:\/\/grupnexus.com\/es\/trasplante-capilar-testimonio-miguel-perez\/#breadcrumb\",\"itemListElement\":[{\"@type\":\"ListItem\",\"position\":1,\"name\":\"Portada\",\"item\":\"https:\/\/grupnexus.com\/es\/\"},{\"@type\":\"ListItem\",\"position\":2,\"name\":\"Trasplante capilar. Testimonio Miguel P\u00e9rez\"}]},{\"@type\":\"Person\",\"@id\":\"https:\/\/grupnexus.com\/es\/#\/schema\/person\/e766a805d9eadac3ecbb8c0d3dcd3355\",\"name\":\"Nexus\",\"image\":{\"@type\":\"ImageObject\",\"@id\":\"https:\/\/grupnexus.com\/es\/#personlogo\",\"inLanguage\":\"es\",\"url\":\"https:\/\/secure.gravatar.com\/avatar\/8d9fa4540dd1ce6a7ed07044eb5f16c9?s=96&d=mm&r=g\",\"contentUrl\":\"https:\/\/secure.gravatar.com\/avatar\/8d9fa4540dd1ce6a7ed07044eb5f16c9?s=96&d=mm&r=g\",\"caption\":\"Nexus\"}}]}<\/script>\n<!-- \/ Yoast SEO plugin. -->","yoast_head_json":{"title":"Miguel P\u00e9rez, testimonio de trasplante capilar","description":"Testimonio de un paciente que se ha sometido a un trasplante capilar con la t\u00e9cnica fue zafire. Trasplantes capilares Cl\u00ednica Nexus.","robots":{"index":"index","follow":"follow","max-snippet":"max-snippet:-1","max-image-preview":"max-image-preview:large","max-video-preview":"max-video-preview:-1"},"canonical":"https:\/\/grupnexus.com\/es\/trasplante-capilar-testimonio-miguel-perez\/","og_locale":"es_ES","og_type":"article","og_title":"Miguel P\u00e9rez, testimonio de trasplante capilar","og_description":"Testimonio de un paciente que se ha sometido a un trasplante capilar con la t\u00e9cnica fue zafire. Trasplantes capilares Cl\u00ednica Nexus.","og_url":"https:\/\/grupnexus.com\/es\/trasplante-capilar-testimonio-miguel-perez\/","og_site_name":"Cl\u00ednica Nexus","article_published_time":"2022-06-01T07:46:31+00:00","article_modified_time":"2022-06-01T08:06:47+00:00","og_image":[{"url":"https:\/\/grupnexus.com\/wp-content\/uploads\/2022\/06\/testimonio-miguel-trasplante-capilar-300x222.jpg"}],"twitter_card":"summary","twitter_misc":{"Escrito por":"Nexus","Tiempo de lectura":"2 minutos"},"schema":{"@context":"https:\/\/schema.org","@graph":[{"@type":"WebSite","@id":"https:\/\/grupnexus.com\/es\/#website","url":"https:\/\/grupnexus.com\/es\/","name":"Cl\u00ednica Nexus","description":"L\u00edders en Medicina Est\u00e8tica Avan\u00e7ada","potentialAction":[{"@type":"SearchAction","target":{"@type":"EntryPoint","urlTemplate":"https:\/\/grupnexus.com\/es\/?s={search_term_string}"},"query-input":"required name=search_term_string"}],"inLanguage":"es"},{"@type":"WebPage","@id":"https:\/\/grupnexus.com\/es\/trasplante-capilar-testimonio-miguel-perez\/#webpage","url":"https:\/\/grupnexus.com\/es\/trasplante-capilar-testimonio-miguel-perez\/","name":"Miguel P\u00e9rez, testimonio de trasplante capilar","isPartOf":{"@id":"https:\/\/grupnexus.com\/es\/#website"},"datePublished":"2022-06-01T07:46:31+00:00","dateModified":"2022-06-01T08:06:47+00:00","author":{"@id":"https:\/\/grupnexus.com\/es\/#\/schema\/person\/e766a805d9eadac3ecbb8c0d3dcd3355"},"description":"Testimonio de un paciente que se ha sometido a un trasplante capilar con la t\u00e9cnica fue zafire. Trasplantes capilares Cl\u00ednica Nexus.","breadcrumb":{"@id":"https:\/\/grupnexus.com\/es\/trasplante-capilar-testimonio-miguel-perez\/#breadcrumb"},"inLanguage":"es","potentialAction":[{"@type":"ReadAction","target":["https:\/\/grupnexus.com\/es\/trasplante-capilar-testimonio-miguel-perez\/"]}]},{"@type":"BreadcrumbList","@id":"https:\/\/grupnexus.com\/es\/trasplante-capilar-testimonio-miguel-perez\/#breadcrumb","itemListElement":[{"@type":"ListItem","position":1,"name":"Portada","item":"https:\/\/grupnexus.com\/es\/"},{"@type":"ListItem","position":2,"name":"Trasplante capilar. Testimonio Miguel P\u00e9rez"}]},{"@type":"Person","@id":"https:\/\/grupnexus.com\/es\/#\/schema\/person\/e766a805d9eadac3ecbb8c0d3dcd3355","name":"Nexus","image":{"@type":"ImageObject","@id":"https:\/\/grupnexus.com\/es\/#personlogo","inLanguage":"es","url":"https:\/\/secure.gravatar.com\/avatar\/8d9fa4540dd1ce6a7ed07044eb5f16c9?s=96&d=mm&r=g","contentUrl":"https:\/\/secure.gravatar.com\/avatar\/8d9fa4540dd1ce6a7ed07044eb5f16c9?s=96&d=mm&r=g","caption":"Nexus"}}]}},"_links":{"self":[{"href":"https:\/\/grupnexus.com\/es\/wp-json\/wp\/v2\/posts\/50503"}],"collection":[{"href":"https:\/\/grupnexus.com\/es\/wp-json\/wp\/v2\/posts"}],"about":[{"href":"https:\/\/grupnexus.com\/es\/wp-json\/wp\/v2\/types\/post"}],"author":[{"embeddable":true,"href":"https:\/\/grupnexus.com\/es\/wp-json\/wp\/v2\/users\/5"}],"replies":[{"embeddable":true,"href":"https:\/\/grupnexus.com\/es\/wp-json\/wp\/v2\/comments?post=50503"}],"version-history":[{"count":4,"href":"https:\/\/grupnexus.com\/es\/wp-json\/wp\/v2\/posts\/50503\/revisions"}],"predecessor-version":[{"id":50518,"href":"https:\/\/grupnexus.com\/es\/wp-json\/wp\/v2\/posts\/50503\/revisions\/50518"}],"wp:attachment":[{"href":"https:\/\/grupnexus.com\/es\/wp-json\/wp\/v2\/media?parent=50503"}],"wp:term":[{"taxonomy":"category","embeddable":true,"href":"https:\/\/grupnexus.com\/es\/wp-json\/wp\/v2\/categories?post=50503"},{"taxonomy":"post_tag","embeddable":true,"href":"https:\/\/grupnexus.com\/es\/wp-json\/wp\/v2\/tags?post=50503"}],"curies":[{"name":"wp","href":"https:\/\/api.w.org\/{rel}","templated":true}]}}