{"id":50675,"date":"2024-06-21T10:14:51","date_gmt":"2024-06-21T08:14:51","guid":{"rendered":"https:\/\/grupnexus.com\/?p=50675"},"modified":"2024-09-05T09:41:29","modified_gmt":"2024-09-05T07:41:29","slug":"tratamientos-medico-esteticos-especial-verano","status":"publish","type":"post","link":"https:\/\/grupnexus.com\/es\/tratamientos-medico-esteticos-especial-verano\/","title":{"rendered":"Tratamientos m\u00e9dico-est\u00e9ticos especial verano"},"content":{"rendered":"<p>En nuestra tercera entrega del podcast \u201cBelleza emocional con Nexus\u201d, Montse Monjo, directora gerente de Cl\u00ednica Nexus, nos revela los <strong>tratamientos faciales y corporales que triunfan en verano. <\/strong><\/p>\n<p>Un par de meses antes del verano, empezamos a vernos esos \u201cdefectos o complejos\u201d como la <strong>flacidez, la celulitis, o la grasa localizada<\/strong>\u2026 que quedar\u00e1 al descubierto en la playa o en la piscina. Hay personas muy previsoras, pero otras son m\u00e1s de <strong>tratamientos flash, que den resultados r\u00e1pidos y eficaces. <\/strong><\/p>\n<p>Y no olvidemos el rostro, debemos <strong>preparar nuestra dermis para esas largas exposiciones al sol, que sin prevenci\u00f3n conllevan al fotoenvejecimiento y manchas no deseadas<\/strong>.<\/p>\n<p>Si quieres saber de qu\u00e9 tratamientos estamos hablando, escucha el audio de este mes, vas a descubrir que hay <strong>una soluci\u00f3n para cada tipo problema<\/strong>.<\/p>\n<p><strong>Puedes escucharnos en <a href=\"https:\/\/www.segre.com\/noticies\/suplements\/podcasts\/podcast_nexus\/2022\/05\/25\/como_cuidar_piel_antiaging_wellaging_172208_12393.html\" target=\"_blank\" rel=\"noopener\">Segre.com<\/a>, en <a href=\"https:\/\/open.spotify.com\/show\/0yNvDCiCHcmmjK9ZaQe4Yj\" target=\"_blank\" rel=\"noopener\">Spotify<\/a>, en <a href=\"https:\/\/podcasts.google.com\/feed\/aHR0cHM6Ly93d3cuc3ByZWFrZXIuY29tL3Nob3cvNTQ2Nzk2NS9lcGlzb2Rlcy9mZWVk?sa=X&amp;ved=0CAMQ4aUDahcKEwig-peo6ar4AhUAAAAAHQAAAAAQAQ\" target=\"_blank\" rel=\"noopener\">Google Podcast<\/a>, y en <a href=\"https:\/\/www.spreaker.com\/show\/belleza-emocional-el-podcast-de-nexus\" target=\"_blank\" rel=\"noopener\">Spreaker<\/a>.<\/strong><\/p>\n<p><strong>Si no quieres perderte ning\u00fan cap\u00edtulo, s\u00edguenos en nuestro canal de Spotify, o suscr\u00edbete en nuestro canal de Google Podcast. <\/strong><\/p>\n<p>Este verano, rel\u00e1jate escuchando los <strong>mejores consejos de belleza, salud y bienestar<\/strong>. \u201cBelleza emocional con Nexus\u201d, te empodera y te descubre todo lo que necesitas para liderar tu vida, desde el <strong>cuidado de tu cuerpo y tu rostro<\/strong>. Y como, este cuidado, mejorar\u00e1 tambi\u00e9n tu <strong>salud emocional<\/strong>.<\/p>\n<p><strong>En pr\u00f3ximos podcasts hablaremos sobre*: <\/strong><\/p>\n<ul>\n<li>La alternativa a la liposucci\u00f3n. Dr. F\u00e8lix Chavarria<\/li>\n<li>Escultura corporal. Montse Monjo<\/li>\n<li>Mitos sobre la cirug\u00eda de mama. Dr. F\u00e8lix Chavarria<\/li>\n<li>Fotoenvejecimiento y eliminaci\u00f3n de manchas. Dr. Samuel Pin\u00f3s<\/li>\n<li>Alopecia en hombres y mujeres. Dr. Samuel Pin\u00f3s<\/li>\n<li>Preparar nuestra piel para estas Navidades. Dr. Samuel Pin\u00f3s<\/li>\n<\/ul>\n<p>(*) Este calendario puede verse modificado<\/p>\n<p>&nbsp;<\/p>\n<p><iframe loading=\"lazy\" src=\"https:\/\/widget.spreaker.com\/player?episode_id=50239308&amp;theme=light&amp;playlist=false\" width=\"100%\" height=\"200px\" frameborder=\"0\"><\/iframe><\/p>\n","protected":false},"excerpt":{"rendered":"<p>En nuestra tercera entrega del podcast \u201cBelleza emocional con Nexus\u201d, Montse Monjo, directora gerente de Cl\u00ednica Nexus, nos revela los tratamientos faciales y corporales que triunfan en verano. Un par de meses antes del verano, empezamos a vernos esos \u201cdefectos o complejos\u201d como la flacidez, la celulitis, o la grasa localizada\u2026 que quedar\u00e1 al descubierto&#8230;<\/p>\n","protected":false},"author":5,"featured_media":49753,"comment_status":"closed","ping_status":"closed","sticky":false,"template":"","format":"standard","meta":[],"categories":[2,330,472],"tags":[944,945,54],"yoast_head":"<!-- This site is optimized with the Yoast SEO plugin v18.6 - https:\/\/yoast.com\/wordpress\/plugins\/seo\/ -->\n<title>Tratamientos m\u00e9dico-est\u00e9ticos especial verano<\/title>\n<meta name=\"description\" content=\"Abrimos nuevo canal mensual de comunicaci\u00f3n. Los mejores consejos de belleza, salud y bienestar de Cl\u00ednica Nexus Lleida.\" \/>\n<meta name=\"robots\" content=\"index, follow, max-snippet:-1, max-image-preview:large, max-video-preview:-1\" \/>\n<link rel=\"canonical\" href=\"https:\/\/grupnexus.com\/es\/tratamientos-medico-esteticos-especial-verano\/\" \/>\n<meta property=\"og:locale\" content=\"es_ES\" \/>\n<meta property=\"og:type\" content=\"article\" \/>\n<meta property=\"og:title\" content=\"Tratamientos m\u00e9dico-est\u00e9ticos especial verano\" \/>\n<meta property=\"og:description\" content=\"Abrimos nuevo canal mensual de comunicaci\u00f3n. Los mejores consejos de belleza, salud y bienestar de Cl\u00ednica Nexus Lleida.\" \/>\n<meta property=\"og:url\" content=\"https:\/\/grupnexus.com\/es\/tratamientos-medico-esteticos-especial-verano\/\" \/>\n<meta property=\"og:site_name\" content=\"Cl\u00ednica Nexus\" \/>\n<meta property=\"article:published_time\" content=\"2024-06-21T08:14:51+00:00\" \/>\n<meta property=\"article:modified_time\" content=\"2024-09-05T07:41:29+00:00\" \/>\n<meta property=\"og:image\" content=\"https:\/\/grupnexus.com\/wp-content\/uploads\/2022\/03\/64d917b18ee008d11c4309792856d8df.jpg\" \/>\n\t<meta property=\"og:image:width\" content=\"720\" \/>\n\t<meta property=\"og:image:height\" content=\"720\" \/>\n\t<meta property=\"og:image:type\" content=\"image\/jpeg\" \/>\n<meta name=\"twitter:card\" content=\"summary\" \/>\n<meta name=\"twitter:label1\" content=\"Escrito por\" \/>\n\t<meta name=\"twitter:data1\" content=\"Nexus\" \/>\n\t<meta name=\"twitter:label2\" content=\"Tiempo de lectura\" \/>\n\t<meta name=\"twitter:data2\" content=\"2 minutos\" \/>\n<script type=\"application\/ld+json\" class=\"yoast-schema-graph\">{\"@context\":\"https:\/\/schema.org\",\"@graph\":[{\"@type\":\"WebSite\",\"@id\":\"https:\/\/grupnexus.com\/es\/#website\",\"url\":\"https:\/\/grupnexus.com\/es\/\",\"name\":\"Cl\u00ednica Nexus\",\"description\":\"L\u00edders en Medicina Est\u00e8tica Avan\u00e7ada\",\"potentialAction\":[{\"@type\":\"SearchAction\",\"target\":{\"@type\":\"EntryPoint\",\"urlTemplate\":\"https:\/\/grupnexus.com\/es\/?s={search_term_string}\"},\"query-input\":\"required name=search_term_string\"}],\"inLanguage\":\"es\"},{\"@type\":\"ImageObject\",\"@id\":\"https:\/\/grupnexus.com\/es\/tratamientos-medico-esteticos-especial-verano\/#primaryimage\",\"inLanguage\":\"es\",\"url\":\"https:\/\/grupnexus.com\/wp-content\/uploads\/2022\/03\/64d917b18ee008d11c4309792856d8df.jpg\",\"contentUrl\":\"https:\/\/grupnexus.com\/wp-content\/uploads\/2022\/03\/64d917b18ee008d11c4309792856d8df.jpg\",\"width\":720,\"height\":720},{\"@type\":\"WebPage\",\"@id\":\"https:\/\/grupnexus.com\/es\/tratamientos-medico-esteticos-especial-verano\/#webpage\",\"url\":\"https:\/\/grupnexus.com\/es\/tratamientos-medico-esteticos-especial-verano\/\",\"name\":\"Tratamientos m\u00e9dico-est\u00e9ticos especial verano\",\"isPartOf\":{\"@id\":\"https:\/\/grupnexus.com\/es\/#website\"},\"primaryImageOfPage\":{\"@id\":\"https:\/\/grupnexus.com\/es\/tratamientos-medico-esteticos-especial-verano\/#primaryimage\"},\"datePublished\":\"2024-06-21T08:14:51+00:00\",\"dateModified\":\"2024-09-05T07:41:29+00:00\",\"author\":{\"@id\":\"https:\/\/grupnexus.com\/es\/#\/schema\/person\/e766a805d9eadac3ecbb8c0d3dcd3355\"},\"description\":\"Abrimos nuevo canal mensual de comunicaci\u00f3n. Los mejores consejos de belleza, salud y bienestar de Cl\u00ednica Nexus Lleida.\",\"breadcrumb\":{\"@id\":\"https:\/\/grupnexus.com\/es\/tratamientos-medico-esteticos-especial-verano\/#breadcrumb\"},\"inLanguage\":\"es\",\"potentialAction\":[{\"@type\":\"ReadAction\",\"target\":[\"https:\/\/grupnexus.com\/es\/tratamientos-medico-esteticos-especial-verano\/\"]}]},{\"@type\":\"BreadcrumbList\",\"@id\":\"https:\/\/grupnexus.com\/es\/tratamientos-medico-esteticos-especial-verano\/#breadcrumb\",\"itemListElement\":[{\"@type\":\"ListItem\",\"position\":1,\"name\":\"Portada\",\"item\":\"https:\/\/grupnexus.com\/es\/\"},{\"@type\":\"ListItem\",\"position\":2,\"name\":\"Tratamientos m\u00e9dico-est\u00e9ticos especial verano\"}]},{\"@type\":\"Person\",\"@id\":\"https:\/\/grupnexus.com\/es\/#\/schema\/person\/e766a805d9eadac3ecbb8c0d3dcd3355\",\"name\":\"Nexus\",\"image\":{\"@type\":\"ImageObject\",\"@id\":\"https:\/\/grupnexus.com\/es\/#personlogo\",\"inLanguage\":\"es\",\"url\":\"https:\/\/secure.gravatar.com\/avatar\/8d9fa4540dd1ce6a7ed07044eb5f16c9?s=96&d=mm&r=g\",\"contentUrl\":\"https:\/\/secure.gravatar.com\/avatar\/8d9fa4540dd1ce6a7ed07044eb5f16c9?s=96&d=mm&r=g\",\"caption\":\"Nexus\"}}]}<\/script>\n<!-- \/ Yoast SEO plugin. -->","yoast_head_json":{"title":"Tratamientos m\u00e9dico-est\u00e9ticos especial verano","description":"Abrimos nuevo canal mensual de comunicaci\u00f3n. Los mejores consejos de belleza, salud y bienestar de Cl\u00ednica Nexus Lleida.","robots":{"index":"index","follow":"follow","max-snippet":"max-snippet:-1","max-image-preview":"max-image-preview:large","max-video-preview":"max-video-preview:-1"},"canonical":"https:\/\/grupnexus.com\/es\/tratamientos-medico-esteticos-especial-verano\/","og_locale":"es_ES","og_type":"article","og_title":"Tratamientos m\u00e9dico-est\u00e9ticos especial verano","og_description":"Abrimos nuevo canal mensual de comunicaci\u00f3n. Los mejores consejos de belleza, salud y bienestar de Cl\u00ednica Nexus Lleida.","og_url":"https:\/\/grupnexus.com\/es\/tratamientos-medico-esteticos-especial-verano\/","og_site_name":"Cl\u00ednica Nexus","article_published_time":"2024-06-21T08:14:51+00:00","article_modified_time":"2024-09-05T07:41:29+00:00","og_image":[{"width":720,"height":720,"url":"https:\/\/grupnexus.com\/wp-content\/uploads\/2022\/03\/64d917b18ee008d11c4309792856d8df.jpg","type":"image\/jpeg"}],"twitter_card":"summary","twitter_misc":{"Escrito por":"Nexus","Tiempo de lectura":"2 minutos"},"schema":{"@context":"https:\/\/schema.org","@graph":[{"@type":"WebSite","@id":"https:\/\/grupnexus.com\/es\/#website","url":"https:\/\/grupnexus.com\/es\/","name":"Cl\u00ednica Nexus","description":"L\u00edders en Medicina Est\u00e8tica Avan\u00e7ada","potentialAction":[{"@type":"SearchAction","target":{"@type":"EntryPoint","urlTemplate":"https:\/\/grupnexus.com\/es\/?s={search_term_string}"},"query-input":"required name=search_term_string"}],"inLanguage":"es"},{"@type":"ImageObject","@id":"https:\/\/grupnexus.com\/es\/tratamientos-medico-esteticos-especial-verano\/#primaryimage","inLanguage":"es","url":"https:\/\/grupnexus.com\/wp-content\/uploads\/2022\/03\/64d917b18ee008d11c4309792856d8df.jpg","contentUrl":"https:\/\/grupnexus.com\/wp-content\/uploads\/2022\/03\/64d917b18ee008d11c4309792856d8df.jpg","width":720,"height":720},{"@type":"WebPage","@id":"https:\/\/grupnexus.com\/es\/tratamientos-medico-esteticos-especial-verano\/#webpage","url":"https:\/\/grupnexus.com\/es\/tratamientos-medico-esteticos-especial-verano\/","name":"Tratamientos m\u00e9dico-est\u00e9ticos especial verano","isPartOf":{"@id":"https:\/\/grupnexus.com\/es\/#website"},"primaryImageOfPage":{"@id":"https:\/\/grupnexus.com\/es\/tratamientos-medico-esteticos-especial-verano\/#primaryimage"},"datePublished":"2024-06-21T08:14:51+00:00","dateModified":"2024-09-05T07:41:29+00:00","author":{"@id":"https:\/\/grupnexus.com\/es\/#\/schema\/person\/e766a805d9eadac3ecbb8c0d3dcd3355"},"description":"Abrimos nuevo canal mensual de comunicaci\u00f3n. Los mejores consejos de belleza, salud y bienestar de Cl\u00ednica Nexus Lleida.","breadcrumb":{"@id":"https:\/\/grupnexus.com\/es\/tratamientos-medico-esteticos-especial-verano\/#breadcrumb"},"inLanguage":"es","potentialAction":[{"@type":"ReadAction","target":["https:\/\/grupnexus.com\/es\/tratamientos-medico-esteticos-especial-verano\/"]}]},{"@type":"BreadcrumbList","@id":"https:\/\/grupnexus.com\/es\/tratamientos-medico-esteticos-especial-verano\/#breadcrumb","itemListElement":[{"@type":"ListItem","position":1,"name":"Portada","item":"https:\/\/grupnexus.com\/es\/"},{"@type":"ListItem","position":2,"name":"Tratamientos m\u00e9dico-est\u00e9ticos especial verano"}]},{"@type":"Person","@id":"https:\/\/grupnexus.com\/es\/#\/schema\/person\/e766a805d9eadac3ecbb8c0d3dcd3355","name":"Nexus","image":{"@type":"ImageObject","@id":"https:\/\/grupnexus.com\/es\/#personlogo","inLanguage":"es","url":"https:\/\/secure.gravatar.com\/avatar\/8d9fa4540dd1ce6a7ed07044eb5f16c9?s=96&d=mm&r=g","contentUrl":"https:\/\/secure.gravatar.com\/avatar\/8d9fa4540dd1ce6a7ed07044eb5f16c9?s=96&d=mm&r=g","caption":"Nexus"}}]}},"_links":{"self":[{"href":"https:\/\/grupnexus.com\/es\/wp-json\/wp\/v2\/posts\/50675"}],"collection":[{"href":"https:\/\/grupnexus.com\/es\/wp-json\/wp\/v2\/posts"}],"about":[{"href":"https:\/\/grupnexus.com\/es\/wp-json\/wp\/v2\/types\/post"}],"author":[{"embeddable":true,"href":"https:\/\/grupnexus.com\/es\/wp-json\/wp\/v2\/users\/5"}],"replies":[{"embeddable":true,"href":"https:\/\/grupnexus.com\/es\/wp-json\/wp\/v2\/comments?post=50675"}],"version-history":[{"count":4,"href":"https:\/\/grupnexus.com\/es\/wp-json\/wp\/v2\/posts\/50675\/revisions"}],"predecessor-version":[{"id":50689,"href":"https:\/\/grupnexus.com\/es\/wp-json\/wp\/v2\/posts\/50675\/revisions\/50689"}],"wp:featuredmedia":[{"embeddable":true,"href":"https:\/\/grupnexus.com\/es\/wp-json\/wp\/v2\/media\/49753"}],"wp:attachment":[{"href":"https:\/\/grupnexus.com\/es\/wp-json\/wp\/v2\/media?parent=50675"}],"wp:term":[{"taxonomy":"category","embeddable":true,"href":"https:\/\/grupnexus.com\/es\/wp-json\/wp\/v2\/categories?post=50675"},{"taxonomy":"post_tag","embeddable":true,"href":"https:\/\/grupnexus.com\/es\/wp-json\/wp\/v2\/tags?post=50675"}],"curies":[{"name":"wp","href":"https:\/\/api.w.org\/{rel}","templated":true}]}}