{"id":50715,"date":"2022-07-01T10:26:18","date_gmt":"2022-07-01T08:26:18","guid":{"rendered":"https:\/\/grupnexus.com\/?p=50715"},"modified":"2022-07-01T10:26:52","modified_gmt":"2022-07-01T08:26:52","slug":"clinica-nexus-asiste-a-la-cena-empresarial-ser-empresarios","status":"publish","type":"post","link":"https:\/\/grupnexus.com\/es\/clinica-nexus-asiste-a-la-cena-empresarial-ser-empresarios\/","title":{"rendered":"Cl\u00ednica Nexus asiste a la cena empresarial SER Empresarios"},"content":{"rendered":"<p>Cl\u00ednica Nexus asisti\u00f3 como invitada a la cena empresarial Ser Empresarios, de esta temporada, un evento organizado por R\u00e0dio Lleida que cuenta con emisoras como Cadena Ser, Cadena Dial, Los 40P y 40.<\/p>\n<p>Cl\u00e1sicos. Como empresa referente del sector, hemos colaborado con R\u00e0dio Lleida participando en diversas ocasiones informando sobre la actualidad que nos afecta, tanto como sector de la medicina est\u00e9tica, como empresa del territorio.<\/p>\n<p>Montse Monjo y Laura S\u00e1nchez han asistido como representantes de la cl\u00ednica.<\/p>\n","protected":false},"excerpt":{"rendered":"<p>Cl\u00ednica Nexus asisti\u00f3 como invitada a la cena empresarial Ser Empresarios, de esta temporada, un evento organizado por R\u00e0dio Lleida que cuenta con emisoras como Cadena Ser, Cadena Dial, Los 40P y 40. Cl\u00e1sicos. Como empresa referente del sector, hemos colaborado con R\u00e0dio Lleida participando en diversas ocasiones informando sobre la actualidad que nos afecta,&#8230;<\/p>\n","protected":false},"author":5,"featured_media":0,"comment_status":"closed","ping_status":"closed","sticky":false,"template":"","format":"video","meta":[],"categories":[2,330,461],"tags":[],"yoast_head":"<!-- This site is optimized with the Yoast SEO plugin v18.6 - https:\/\/yoast.com\/wordpress\/plugins\/seo\/ -->\n<title>Cl\u00ednica Nexus asisti\u00f3 como invitada a la cena empresarial Ser Empresarios<\/title>\n<meta name=\"description\" content=\"Cl\u00ednica Nexus asisti\u00f3 como invitada a la cena empresarial Ser Empresarios, de esta temporada, un evento organizado por R\u00e0dio Lleida\" \/>\n<meta name=\"robots\" content=\"index, follow, max-snippet:-1, max-image-preview:large, max-video-preview:-1\" \/>\n<link rel=\"canonical\" href=\"https:\/\/grupnexus.com\/es\/clinica-nexus-asiste-a-la-cena-empresarial-ser-empresarios\/\" \/>\n<meta property=\"og:locale\" content=\"es_ES\" \/>\n<meta property=\"og:type\" content=\"article\" \/>\n<meta property=\"og:title\" content=\"Cl\u00ednica Nexus asisti\u00f3 como invitada a la cena empresarial Ser Empresarios\" \/>\n<meta property=\"og:description\" content=\"Cl\u00ednica Nexus asisti\u00f3 como invitada a la cena empresarial Ser Empresarios, de esta temporada, un evento organizado por R\u00e0dio Lleida\" \/>\n<meta property=\"og:url\" content=\"https:\/\/grupnexus.com\/es\/clinica-nexus-asiste-a-la-cena-empresarial-ser-empresarios\/\" \/>\n<meta property=\"og:site_name\" content=\"Cl\u00ednica Nexus\" \/>\n<meta property=\"article:published_time\" content=\"2022-07-01T08:26:18+00:00\" \/>\n<meta property=\"article:modified_time\" content=\"2022-07-01T08:26:52+00:00\" \/>\n<meta name=\"twitter:card\" content=\"summary\" \/>\n<meta name=\"twitter:label1\" content=\"Escrito por\" \/>\n\t<meta name=\"twitter:data1\" content=\"Nexus\" \/>\n\t<meta name=\"twitter:label2\" content=\"Tiempo de lectura\" \/>\n\t<meta name=\"twitter:data2\" content=\"2 minutos\" \/>\n<script type=\"application\/ld+json\" class=\"yoast-schema-graph\">{\"@context\":\"https:\/\/schema.org\",\"@graph\":[{\"@type\":\"WebSite\",\"@id\":\"https:\/\/grupnexus.com\/es\/#website\",\"url\":\"https:\/\/grupnexus.com\/es\/\",\"name\":\"Cl\u00ednica Nexus\",\"description\":\"L\u00edders en Medicina Est\u00e8tica Avan\u00e7ada\",\"potentialAction\":[{\"@type\":\"SearchAction\",\"target\":{\"@type\":\"EntryPoint\",\"urlTemplate\":\"https:\/\/grupnexus.com\/es\/?s={search_term_string}\"},\"query-input\":\"required name=search_term_string\"}],\"inLanguage\":\"es\"},{\"@type\":\"WebPage\",\"@id\":\"https:\/\/grupnexus.com\/es\/clinica-nexus-asiste-a-la-cena-empresarial-ser-empresarios\/#webpage\",\"url\":\"https:\/\/grupnexus.com\/es\/clinica-nexus-asiste-a-la-cena-empresarial-ser-empresarios\/\",\"name\":\"Cl\u00ednica Nexus asisti\u00f3 como invitada a la cena empresarial Ser Empresarios\",\"isPartOf\":{\"@id\":\"https:\/\/grupnexus.com\/es\/#website\"},\"datePublished\":\"2022-07-01T08:26:18+00:00\",\"dateModified\":\"2022-07-01T08:26:52+00:00\",\"author\":{\"@id\":\"https:\/\/grupnexus.com\/es\/#\/schema\/person\/e766a805d9eadac3ecbb8c0d3dcd3355\"},\"description\":\"Cl\u00ednica Nexus asisti\u00f3 como invitada a la cena empresarial Ser Empresarios, de esta temporada, un evento organizado por R\u00e0dio Lleida\",\"breadcrumb\":{\"@id\":\"https:\/\/grupnexus.com\/es\/clinica-nexus-asiste-a-la-cena-empresarial-ser-empresarios\/#breadcrumb\"},\"inLanguage\":\"es\",\"potentialAction\":[{\"@type\":\"ReadAction\",\"target\":[\"https:\/\/grupnexus.com\/es\/clinica-nexus-asiste-a-la-cena-empresarial-ser-empresarios\/\"]}]},{\"@type\":\"BreadcrumbList\",\"@id\":\"https:\/\/grupnexus.com\/es\/clinica-nexus-asiste-a-la-cena-empresarial-ser-empresarios\/#breadcrumb\",\"itemListElement\":[{\"@type\":\"ListItem\",\"position\":1,\"name\":\"Portada\",\"item\":\"https:\/\/grupnexus.com\/es\/\"},{\"@type\":\"ListItem\",\"position\":2,\"name\":\"Cl\u00ednica Nexus asiste a la cena empresarial SER Empresarios\"}]},{\"@type\":\"Person\",\"@id\":\"https:\/\/grupnexus.com\/es\/#\/schema\/person\/e766a805d9eadac3ecbb8c0d3dcd3355\",\"name\":\"Nexus\",\"image\":{\"@type\":\"ImageObject\",\"@id\":\"https:\/\/grupnexus.com\/es\/#personlogo\",\"inLanguage\":\"es\",\"url\":\"https:\/\/secure.gravatar.com\/avatar\/8d9fa4540dd1ce6a7ed07044eb5f16c9?s=96&d=mm&r=g\",\"contentUrl\":\"https:\/\/secure.gravatar.com\/avatar\/8d9fa4540dd1ce6a7ed07044eb5f16c9?s=96&d=mm&r=g\",\"caption\":\"Nexus\"}}]}<\/script>\n<!-- \/ Yoast SEO plugin. -->","yoast_head_json":{"title":"Cl\u00ednica Nexus asisti\u00f3 como invitada a la cena empresarial Ser Empresarios","description":"Cl\u00ednica Nexus asisti\u00f3 como invitada a la cena empresarial Ser Empresarios, de esta temporada, un evento organizado por R\u00e0dio Lleida","robots":{"index":"index","follow":"follow","max-snippet":"max-snippet:-1","max-image-preview":"max-image-preview:large","max-video-preview":"max-video-preview:-1"},"canonical":"https:\/\/grupnexus.com\/es\/clinica-nexus-asiste-a-la-cena-empresarial-ser-empresarios\/","og_locale":"es_ES","og_type":"article","og_title":"Cl\u00ednica Nexus asisti\u00f3 como invitada a la cena empresarial Ser Empresarios","og_description":"Cl\u00ednica Nexus asisti\u00f3 como invitada a la cena empresarial Ser Empresarios, de esta temporada, un evento organizado por R\u00e0dio Lleida","og_url":"https:\/\/grupnexus.com\/es\/clinica-nexus-asiste-a-la-cena-empresarial-ser-empresarios\/","og_site_name":"Cl\u00ednica Nexus","article_published_time":"2022-07-01T08:26:18+00:00","article_modified_time":"2022-07-01T08:26:52+00:00","twitter_card":"summary","twitter_misc":{"Escrito por":"Nexus","Tiempo de lectura":"2 minutos"},"schema":{"@context":"https:\/\/schema.org","@graph":[{"@type":"WebSite","@id":"https:\/\/grupnexus.com\/es\/#website","url":"https:\/\/grupnexus.com\/es\/","name":"Cl\u00ednica Nexus","description":"L\u00edders en Medicina Est\u00e8tica Avan\u00e7ada","potentialAction":[{"@type":"SearchAction","target":{"@type":"EntryPoint","urlTemplate":"https:\/\/grupnexus.com\/es\/?s={search_term_string}"},"query-input":"required name=search_term_string"}],"inLanguage":"es"},{"@type":"WebPage","@id":"https:\/\/grupnexus.com\/es\/clinica-nexus-asiste-a-la-cena-empresarial-ser-empresarios\/#webpage","url":"https:\/\/grupnexus.com\/es\/clinica-nexus-asiste-a-la-cena-empresarial-ser-empresarios\/","name":"Cl\u00ednica Nexus asisti\u00f3 como invitada a la cena empresarial Ser Empresarios","isPartOf":{"@id":"https:\/\/grupnexus.com\/es\/#website"},"datePublished":"2022-07-01T08:26:18+00:00","dateModified":"2022-07-01T08:26:52+00:00","author":{"@id":"https:\/\/grupnexus.com\/es\/#\/schema\/person\/e766a805d9eadac3ecbb8c0d3dcd3355"},"description":"Cl\u00ednica Nexus asisti\u00f3 como invitada a la cena empresarial Ser Empresarios, de esta temporada, un evento organizado por R\u00e0dio Lleida","breadcrumb":{"@id":"https:\/\/grupnexus.com\/es\/clinica-nexus-asiste-a-la-cena-empresarial-ser-empresarios\/#breadcrumb"},"inLanguage":"es","potentialAction":[{"@type":"ReadAction","target":["https:\/\/grupnexus.com\/es\/clinica-nexus-asiste-a-la-cena-empresarial-ser-empresarios\/"]}]},{"@type":"BreadcrumbList","@id":"https:\/\/grupnexus.com\/es\/clinica-nexus-asiste-a-la-cena-empresarial-ser-empresarios\/#breadcrumb","itemListElement":[{"@type":"ListItem","position":1,"name":"Portada","item":"https:\/\/grupnexus.com\/es\/"},{"@type":"ListItem","position":2,"name":"Cl\u00ednica Nexus asiste a la cena empresarial SER Empresarios"}]},{"@type":"Person","@id":"https:\/\/grupnexus.com\/es\/#\/schema\/person\/e766a805d9eadac3ecbb8c0d3dcd3355","name":"Nexus","image":{"@type":"ImageObject","@id":"https:\/\/grupnexus.com\/es\/#personlogo","inLanguage":"es","url":"https:\/\/secure.gravatar.com\/avatar\/8d9fa4540dd1ce6a7ed07044eb5f16c9?s=96&d=mm&r=g","contentUrl":"https:\/\/secure.gravatar.com\/avatar\/8d9fa4540dd1ce6a7ed07044eb5f16c9?s=96&d=mm&r=g","caption":"Nexus"}}]}},"_links":{"self":[{"href":"https:\/\/grupnexus.com\/es\/wp-json\/wp\/v2\/posts\/50715"}],"collection":[{"href":"https:\/\/grupnexus.com\/es\/wp-json\/wp\/v2\/posts"}],"about":[{"href":"https:\/\/grupnexus.com\/es\/wp-json\/wp\/v2\/types\/post"}],"author":[{"embeddable":true,"href":"https:\/\/grupnexus.com\/es\/wp-json\/wp\/v2\/users\/5"}],"replies":[{"embeddable":true,"href":"https:\/\/grupnexus.com\/es\/wp-json\/wp\/v2\/comments?post=50715"}],"version-history":[{"count":2,"href":"https:\/\/grupnexus.com\/es\/wp-json\/wp\/v2\/posts\/50715\/revisions"}],"predecessor-version":[{"id":50718,"href":"https:\/\/grupnexus.com\/es\/wp-json\/wp\/v2\/posts\/50715\/revisions\/50718"}],"wp:attachment":[{"href":"https:\/\/grupnexus.com\/es\/wp-json\/wp\/v2\/media?parent=50715"}],"wp:term":[{"taxonomy":"category","embeddable":true,"href":"https:\/\/grupnexus.com\/es\/wp-json\/wp\/v2\/categories?post=50715"},{"taxonomy":"post_tag","embeddable":true,"href":"https:\/\/grupnexus.com\/es\/wp-json\/wp\/v2\/tags?post=50715"}],"curies":[{"name":"wp","href":"https:\/\/api.w.org\/{rel}","templated":true}]}}