{"id":51355,"date":"2022-09-26T10:09:39","date_gmt":"2022-09-26T08:09:39","guid":{"rendered":"https:\/\/grupnexus.com\/?p=51355"},"modified":"2022-11-23T18:44:10","modified_gmt":"2022-11-23T16:44:10","slug":"nexus-marca-tendencia-y-asiste-al-congreso-baas-de-barcelona","status":"publish","type":"post","link":"https:\/\/grupnexus.com\/es\/nexus-marca-tendencia-y-asiste-al-congreso-baas-de-barcelona\/","title":{"rendered":"Nexus marca tendencia y asiste al Congreso BAAS de Barcelona"},"content":{"rendered":"<p>La direcci\u00f3n de Cl\u00ednica Nexus siempre un paso adelante, en lo que se refiere a las \u00faltimas tendencias en el campo de la medicina est\u00e9tica, asiste al <strong>congreso BAAS<\/strong> que ha tenido lugar en Barcelona, y en el que ha podido afianzar <strong>el liderazgo en t\u00e9cnicas, como tratamientos que ya llevamos a cabo en nuestra cl\u00ednica.<\/strong><\/p>\n<p>BAAS es un encuentro, donde caben los mejores especialistas de todo el mundo y se muestran las t\u00e9cnicas m\u00e1s relevantes de hoy en d\u00eda, y que marcar\u00e1n tendencia en un futuro inmediato. En un formato eminentemente pr\u00e1ctico, esta vez se han incluido en su programa varias \u201clive sesiones\u201d con demostraciones de <strong>toxinas, hilos, bio estimulaci\u00f3n facial, gen\u00e9tica, tel\u00f3meros y envejecimiento celular, est\u00e9tica y nutrici\u00f3n gen\u00f3mica, armonizaci\u00f3n facial, alopecia , entre otros.<\/strong><\/p>\n<p>El <strong>Dr. Samuel Pin\u00f3s,<\/strong> director m\u00e9dico de Cl\u00ednica Nexus, realiza cada uno de estos tratamientos y es por este motivo que, junto a <strong>Montse Monjo<\/strong>, directora gerente, acuden regularmente a los congresos m\u00e1s punteros para estar en constante investigaci\u00f3n, formaci\u00f3n y mejora continua.<\/p>\n\n\t\t<style type=\"text\/css\">\n\t\t\t#gallery-1 {\n\t\t\t\tmargin: auto;\n\t\t\t}\n\t\t\t#gallery-1 .gallery-item {\n\t\t\t\tfloat: left;\n\t\t\t\tmargin-top: 10px;\n\t\t\t\ttext-align: center;\n\t\t\t\twidth: 33%;\n\t\t\t}\n\t\t\t#gallery-1 img {\n\t\t\t\tborder: 2px solid #cfcfcf;\n\t\t\t}\n\t\t\t#gallery-1 .gallery-caption {\n\t\t\t\tmargin-left: 0;\n\t\t\t}\n\t\t\t\/* see gallery_shortcode() in wp-includes\/media.php *\/\n\t\t<\/style>\n\t\t<div id='gallery-1' class='gallery galleryid-51355 gallery-columns-3 gallery-size-medium'><dl class='gallery-item'>\n\t\t\t<dt class='gallery-icon landscape'>\n\t\t\t\t<a href='https:\/\/grupnexus.com\/wp-content\/uploads\/2022\/09\/congres-baas-nexus-2.jpg'><img width=\"300\" height=\"200\" src=\"https:\/\/grupnexus.com\/wp-content\/uploads\/2022\/09\/congres-baas-nexus-2-300x200.jpg\" class=\"attachment-medium size-medium\" alt=\"\" loading=\"lazy\" srcset=\"https:\/\/grupnexus.com\/wp-content\/uploads\/2022\/09\/congres-baas-nexus-2-300x200.jpg 300w, https:\/\/grupnexus.com\/wp-content\/uploads\/2022\/09\/congres-baas-nexus-2-400x266.jpg 400w, https:\/\/grupnexus.com\/wp-content\/uploads\/2022\/09\/congres-baas-nexus-2-292x195.jpg 292w, https:\/\/grupnexus.com\/wp-content\/uploads\/2022\/09\/congres-baas-nexus-2-510x340.jpg 510w, https:\/\/grupnexus.com\/wp-content\/uploads\/2022\/09\/congres-baas-nexus-2.jpg 600w\" sizes=\"(max-width: 300px) 100vw, 300px\" \/><\/a>\n\t\t\t<\/dt><\/dl><dl class='gallery-item'>\n\t\t\t<dt class='gallery-icon portrait'>\n\t\t\t\t<a href='https:\/\/grupnexus.com\/wp-content\/uploads\/2022\/09\/PHOTO-2022-09-21-10-25-33.jpg'><img width=\"169\" height=\"300\" src=\"https:\/\/grupnexus.com\/wp-content\/uploads\/2022\/09\/PHOTO-2022-09-21-10-25-33-169x300.jpg\" class=\"attachment-medium size-medium\" alt=\"\" loading=\"lazy\" srcset=\"https:\/\/grupnexus.com\/wp-content\/uploads\/2022\/09\/PHOTO-2022-09-21-10-25-33-169x300.jpg 169w, https:\/\/grupnexus.com\/wp-content\/uploads\/2022\/09\/PHOTO-2022-09-21-10-25-33-576x1024.jpg 576w, https:\/\/grupnexus.com\/wp-content\/uploads\/2022\/09\/PHOTO-2022-09-21-10-25-33-432x768.jpg 432w, https:\/\/grupnexus.com\/wp-content\/uploads\/2022\/09\/PHOTO-2022-09-21-10-25-33-615x1093.jpg 615w, https:\/\/grupnexus.com\/wp-content\/uploads\/2022\/09\/PHOTO-2022-09-21-10-25-33-400x711.jpg 400w, https:\/\/grupnexus.com\/wp-content\/uploads\/2022\/09\/PHOTO-2022-09-21-10-25-33-292x519.jpg 292w, https:\/\/grupnexus.com\/wp-content\/uploads\/2022\/09\/PHOTO-2022-09-21-10-25-33-510x907.jpg 510w, https:\/\/grupnexus.com\/wp-content\/uploads\/2022\/09\/PHOTO-2022-09-21-10-25-33.jpg 720w\" sizes=\"(max-width: 169px) 100vw, 169px\" \/><\/a>\n\t\t\t<\/dt><\/dl><dl class='gallery-item'>\n\t\t\t<dt class='gallery-icon portrait'>\n\t\t\t\t<a href='https:\/\/grupnexus.com\/wp-content\/uploads\/2022\/09\/PHOTO-2022-09-21-10-25-32.jpg'><img width=\"169\" height=\"300\" src=\"https:\/\/grupnexus.com\/wp-content\/uploads\/2022\/09\/PHOTO-2022-09-21-10-25-32-169x300.jpg\" class=\"attachment-medium size-medium\" alt=\"\" loading=\"lazy\" srcset=\"https:\/\/grupnexus.com\/wp-content\/uploads\/2022\/09\/PHOTO-2022-09-21-10-25-32-169x300.jpg 169w, https:\/\/grupnexus.com\/wp-content\/uploads\/2022\/09\/PHOTO-2022-09-21-10-25-32-576x1024.jpg 576w, https:\/\/grupnexus.com\/wp-content\/uploads\/2022\/09\/PHOTO-2022-09-21-10-25-32-432x768.jpg 432w, https:\/\/grupnexus.com\/wp-content\/uploads\/2022\/09\/PHOTO-2022-09-21-10-25-32-615x1093.jpg 615w, https:\/\/grupnexus.com\/wp-content\/uploads\/2022\/09\/PHOTO-2022-09-21-10-25-32-400x711.jpg 400w, https:\/\/grupnexus.com\/wp-content\/uploads\/2022\/09\/PHOTO-2022-09-21-10-25-32-292x519.jpg 292w, https:\/\/grupnexus.com\/wp-content\/uploads\/2022\/09\/PHOTO-2022-09-21-10-25-32-510x907.jpg 510w, https:\/\/grupnexus.com\/wp-content\/uploads\/2022\/09\/PHOTO-2022-09-21-10-25-32.jpg 720w\" sizes=\"(max-width: 169px) 100vw, 169px\" \/><\/a>\n\t\t\t<\/dt><\/dl><br style=\"clear: both\" \/>\n\t\t<\/div>\n\n","protected":false},"excerpt":{"rendered":"<p>La direcci\u00f3n de Cl\u00ednica Nexus siempre un paso adelante, en lo que se refiere a las \u00faltimas tendencias en el campo de la medicina est\u00e9tica, asiste al congreso BAAS que ha tenido lugar en Barcelona, y en el que ha podido afianzar el liderazgo en t\u00e9cnicas, como tratamientos que ya llevamos a cabo en nuestra&#8230;<\/p>\n","protected":false},"author":5,"featured_media":51360,"comment_status":"closed","ping_status":"closed","sticky":false,"template":"","format":"image","meta":[],"categories":[2,330],"tags":[],"yoast_head":"<!-- This site is optimized with the Yoast SEO plugin v18.6 - https:\/\/yoast.com\/wordpress\/plugins\/seo\/ -->\n<title>Nexus asiste al Congreso BAAS de Barcelona<\/title>\n<meta name=\"description\" content=\"Cl\u00ednica Nexus siempre un paso adelante, en lo que se refiere a las \u00faltimas tendencias en en medicina est\u00e9tica, asiste al congreso BAAS.\" \/>\n<meta name=\"robots\" content=\"index, follow, max-snippet:-1, max-image-preview:large, max-video-preview:-1\" \/>\n<link rel=\"canonical\" href=\"https:\/\/grupnexus.com\/es\/nexus-marca-tendencia-y-asiste-al-congreso-baas-de-barcelona\/\" \/>\n<meta property=\"og:locale\" content=\"es_ES\" \/>\n<meta property=\"og:type\" content=\"article\" \/>\n<meta property=\"og:title\" content=\"Nexus asiste al Congreso BAAS de Barcelona\" \/>\n<meta property=\"og:description\" content=\"Cl\u00ednica Nexus siempre un paso adelante, en lo que se refiere a las \u00faltimas tendencias en en medicina est\u00e9tica, asiste al congreso BAAS.\" \/>\n<meta property=\"og:url\" content=\"https:\/\/grupnexus.com\/es\/nexus-marca-tendencia-y-asiste-al-congreso-baas-de-barcelona\/\" \/>\n<meta property=\"og:site_name\" content=\"Cl\u00ednica Nexus\" \/>\n<meta property=\"article:published_time\" content=\"2022-09-26T08:09:39+00:00\" \/>\n<meta property=\"article:modified_time\" content=\"2022-11-23T16:44:10+00:00\" \/>\n<meta property=\"og:image\" content=\"https:\/\/grupnexus.com\/wp-content\/uploads\/2022\/09\/congres-baas-nexus.jpg\" \/>\n\t<meta property=\"og:image:width\" content=\"600\" \/>\n\t<meta property=\"og:image:height\" content=\"400\" \/>\n\t<meta property=\"og:image:type\" content=\"image\/jpeg\" \/>\n<meta name=\"twitter:card\" content=\"summary\" \/>\n<meta name=\"twitter:label1\" content=\"Escrito por\" \/>\n\t<meta name=\"twitter:data1\" content=\"Nexus\" \/>\n\t<meta name=\"twitter:label2\" content=\"Tiempo de lectura\" \/>\n\t<meta name=\"twitter:data2\" content=\"1 minuto\" \/>\n<script type=\"application\/ld+json\" class=\"yoast-schema-graph\">{\"@context\":\"https:\/\/schema.org\",\"@graph\":[{\"@type\":\"WebSite\",\"@id\":\"https:\/\/grupnexus.com\/es\/#website\",\"url\":\"https:\/\/grupnexus.com\/es\/\",\"name\":\"Cl\u00ednica Nexus\",\"description\":\"L\u00edders en Medicina Est\u00e8tica Avan\u00e7ada\",\"potentialAction\":[{\"@type\":\"SearchAction\",\"target\":{\"@type\":\"EntryPoint\",\"urlTemplate\":\"https:\/\/grupnexus.com\/es\/?s={search_term_string}\"},\"query-input\":\"required name=search_term_string\"}],\"inLanguage\":\"es\"},{\"@type\":\"ImageObject\",\"@id\":\"https:\/\/grupnexus.com\/es\/nexus-marca-tendencia-y-asiste-al-congreso-baas-de-barcelona\/#primaryimage\",\"inLanguage\":\"es\",\"url\":\"https:\/\/grupnexus.com\/wp-content\/uploads\/2022\/09\/congres-baas-nexus.jpg\",\"contentUrl\":\"https:\/\/grupnexus.com\/wp-content\/uploads\/2022\/09\/congres-baas-nexus.jpg\",\"width\":600,\"height\":400},{\"@type\":\"WebPage\",\"@id\":\"https:\/\/grupnexus.com\/es\/nexus-marca-tendencia-y-asiste-al-congreso-baas-de-barcelona\/#webpage\",\"url\":\"https:\/\/grupnexus.com\/es\/nexus-marca-tendencia-y-asiste-al-congreso-baas-de-barcelona\/\",\"name\":\"Nexus asiste al Congreso BAAS de Barcelona\",\"isPartOf\":{\"@id\":\"https:\/\/grupnexus.com\/es\/#website\"},\"primaryImageOfPage\":{\"@id\":\"https:\/\/grupnexus.com\/es\/nexus-marca-tendencia-y-asiste-al-congreso-baas-de-barcelona\/#primaryimage\"},\"datePublished\":\"2022-09-26T08:09:39+00:00\",\"dateModified\":\"2022-11-23T16:44:10+00:00\",\"author\":{\"@id\":\"https:\/\/grupnexus.com\/es\/#\/schema\/person\/e766a805d9eadac3ecbb8c0d3dcd3355\"},\"description\":\"Cl\u00ednica Nexus siempre un paso adelante, en lo que se refiere a las \u00faltimas tendencias en en medicina est\u00e9tica, asiste al congreso BAAS.\",\"breadcrumb\":{\"@id\":\"https:\/\/grupnexus.com\/es\/nexus-marca-tendencia-y-asiste-al-congreso-baas-de-barcelona\/#breadcrumb\"},\"inLanguage\":\"es\",\"potentialAction\":[{\"@type\":\"ReadAction\",\"target\":[\"https:\/\/grupnexus.com\/es\/nexus-marca-tendencia-y-asiste-al-congreso-baas-de-barcelona\/\"]}]},{\"@type\":\"BreadcrumbList\",\"@id\":\"https:\/\/grupnexus.com\/es\/nexus-marca-tendencia-y-asiste-al-congreso-baas-de-barcelona\/#breadcrumb\",\"itemListElement\":[{\"@type\":\"ListItem\",\"position\":1,\"name\":\"Portada\",\"item\":\"https:\/\/grupnexus.com\/es\/\"},{\"@type\":\"ListItem\",\"position\":2,\"name\":\"Nexus marca tendencia y asiste al Congreso BAAS de Barcelona\"}]},{\"@type\":\"Person\",\"@id\":\"https:\/\/grupnexus.com\/es\/#\/schema\/person\/e766a805d9eadac3ecbb8c0d3dcd3355\",\"name\":\"Nexus\",\"image\":{\"@type\":\"ImageObject\",\"@id\":\"https:\/\/grupnexus.com\/es\/#personlogo\",\"inLanguage\":\"es\",\"url\":\"https:\/\/secure.gravatar.com\/avatar\/8d9fa4540dd1ce6a7ed07044eb5f16c9?s=96&d=mm&r=g\",\"contentUrl\":\"https:\/\/secure.gravatar.com\/avatar\/8d9fa4540dd1ce6a7ed07044eb5f16c9?s=96&d=mm&r=g\",\"caption\":\"Nexus\"}}]}<\/script>\n<!-- \/ Yoast SEO plugin. -->","yoast_head_json":{"title":"Nexus asiste al Congreso BAAS de Barcelona","description":"Cl\u00ednica Nexus siempre un paso adelante, en lo que se refiere a las \u00faltimas tendencias en en medicina est\u00e9tica, asiste al congreso BAAS.","robots":{"index":"index","follow":"follow","max-snippet":"max-snippet:-1","max-image-preview":"max-image-preview:large","max-video-preview":"max-video-preview:-1"},"canonical":"https:\/\/grupnexus.com\/es\/nexus-marca-tendencia-y-asiste-al-congreso-baas-de-barcelona\/","og_locale":"es_ES","og_type":"article","og_title":"Nexus asiste al Congreso BAAS de Barcelona","og_description":"Cl\u00ednica Nexus siempre un paso adelante, en lo que se refiere a las \u00faltimas tendencias en en medicina est\u00e9tica, asiste al congreso BAAS.","og_url":"https:\/\/grupnexus.com\/es\/nexus-marca-tendencia-y-asiste-al-congreso-baas-de-barcelona\/","og_site_name":"Cl\u00ednica Nexus","article_published_time":"2022-09-26T08:09:39+00:00","article_modified_time":"2022-11-23T16:44:10+00:00","og_image":[{"width":600,"height":400,"url":"https:\/\/grupnexus.com\/wp-content\/uploads\/2022\/09\/congres-baas-nexus.jpg","type":"image\/jpeg"}],"twitter_card":"summary","twitter_misc":{"Escrito por":"Nexus","Tiempo de lectura":"1 minuto"},"schema":{"@context":"https:\/\/schema.org","@graph":[{"@type":"WebSite","@id":"https:\/\/grupnexus.com\/es\/#website","url":"https:\/\/grupnexus.com\/es\/","name":"Cl\u00ednica Nexus","description":"L\u00edders en Medicina Est\u00e8tica Avan\u00e7ada","potentialAction":[{"@type":"SearchAction","target":{"@type":"EntryPoint","urlTemplate":"https:\/\/grupnexus.com\/es\/?s={search_term_string}"},"query-input":"required name=search_term_string"}],"inLanguage":"es"},{"@type":"ImageObject","@id":"https:\/\/grupnexus.com\/es\/nexus-marca-tendencia-y-asiste-al-congreso-baas-de-barcelona\/#primaryimage","inLanguage":"es","url":"https:\/\/grupnexus.com\/wp-content\/uploads\/2022\/09\/congres-baas-nexus.jpg","contentUrl":"https:\/\/grupnexus.com\/wp-content\/uploads\/2022\/09\/congres-baas-nexus.jpg","width":600,"height":400},{"@type":"WebPage","@id":"https:\/\/grupnexus.com\/es\/nexus-marca-tendencia-y-asiste-al-congreso-baas-de-barcelona\/#webpage","url":"https:\/\/grupnexus.com\/es\/nexus-marca-tendencia-y-asiste-al-congreso-baas-de-barcelona\/","name":"Nexus asiste al Congreso BAAS de Barcelona","isPartOf":{"@id":"https:\/\/grupnexus.com\/es\/#website"},"primaryImageOfPage":{"@id":"https:\/\/grupnexus.com\/es\/nexus-marca-tendencia-y-asiste-al-congreso-baas-de-barcelona\/#primaryimage"},"datePublished":"2022-09-26T08:09:39+00:00","dateModified":"2022-11-23T16:44:10+00:00","author":{"@id":"https:\/\/grupnexus.com\/es\/#\/schema\/person\/e766a805d9eadac3ecbb8c0d3dcd3355"},"description":"Cl\u00ednica Nexus siempre un paso adelante, en lo que se refiere a las \u00faltimas tendencias en en medicina est\u00e9tica, asiste al congreso BAAS.","breadcrumb":{"@id":"https:\/\/grupnexus.com\/es\/nexus-marca-tendencia-y-asiste-al-congreso-baas-de-barcelona\/#breadcrumb"},"inLanguage":"es","potentialAction":[{"@type":"ReadAction","target":["https:\/\/grupnexus.com\/es\/nexus-marca-tendencia-y-asiste-al-congreso-baas-de-barcelona\/"]}]},{"@type":"BreadcrumbList","@id":"https:\/\/grupnexus.com\/es\/nexus-marca-tendencia-y-asiste-al-congreso-baas-de-barcelona\/#breadcrumb","itemListElement":[{"@type":"ListItem","position":1,"name":"Portada","item":"https:\/\/grupnexus.com\/es\/"},{"@type":"ListItem","position":2,"name":"Nexus marca tendencia y asiste al Congreso BAAS de Barcelona"}]},{"@type":"Person","@id":"https:\/\/grupnexus.com\/es\/#\/schema\/person\/e766a805d9eadac3ecbb8c0d3dcd3355","name":"Nexus","image":{"@type":"ImageObject","@id":"https:\/\/grupnexus.com\/es\/#personlogo","inLanguage":"es","url":"https:\/\/secure.gravatar.com\/avatar\/8d9fa4540dd1ce6a7ed07044eb5f16c9?s=96&d=mm&r=g","contentUrl":"https:\/\/secure.gravatar.com\/avatar\/8d9fa4540dd1ce6a7ed07044eb5f16c9?s=96&d=mm&r=g","caption":"Nexus"}}]}},"_links":{"self":[{"href":"https:\/\/grupnexus.com\/es\/wp-json\/wp\/v2\/posts\/51355"}],"collection":[{"href":"https:\/\/grupnexus.com\/es\/wp-json\/wp\/v2\/posts"}],"about":[{"href":"https:\/\/grupnexus.com\/es\/wp-json\/wp\/v2\/types\/post"}],"author":[{"embeddable":true,"href":"https:\/\/grupnexus.com\/es\/wp-json\/wp\/v2\/users\/5"}],"replies":[{"embeddable":true,"href":"https:\/\/grupnexus.com\/es\/wp-json\/wp\/v2\/comments?post=51355"}],"version-history":[{"count":2,"href":"https:\/\/grupnexus.com\/es\/wp-json\/wp\/v2\/posts\/51355\/revisions"}],"predecessor-version":[{"id":51369,"href":"https:\/\/grupnexus.com\/es\/wp-json\/wp\/v2\/posts\/51355\/revisions\/51369"}],"wp:featuredmedia":[{"embeddable":true,"href":"https:\/\/grupnexus.com\/es\/wp-json\/wp\/v2\/media\/51360"}],"wp:attachment":[{"href":"https:\/\/grupnexus.com\/es\/wp-json\/wp\/v2\/media?parent=51355"}],"wp:term":[{"taxonomy":"category","embeddable":true,"href":"https:\/\/grupnexus.com\/es\/wp-json\/wp\/v2\/categories?post=51355"},{"taxonomy":"post_tag","embeddable":true,"href":"https:\/\/grupnexus.com\/es\/wp-json\/wp\/v2\/tags?post=51355"}],"curies":[{"name":"wp","href":"https:\/\/api.w.org\/{rel}","templated":true}]}}