{"id":8399,"date":"2015-05-19T10:22:46","date_gmt":"2015-05-19T09:22:46","guid":{"rendered":"http:\/\/www.grupnexus.com\/es\/preparat-per-lestiu-amb-nexus\/"},"modified":"2022-05-13T13:03:14","modified_gmt":"2022-05-13T11:03:14","slug":"preparate-para-el-verano-con-nexus","status":"publish","type":"post","link":"https:\/\/grupnexus.com\/es\/preparate-para-el-verano-con-nexus\/","title":{"rendered":"Prep\u00e1rate para el verano con Nexus"},"content":{"rendered":"<p><span class=\"notranslate\"><b>Ante la pr\u00f3xima llegada del verano, ciertos tratamientos m\u00e9dico-est\u00e9ticos cobran una especial relevancia y son especialmente solicitados por los pacientes.<\/b><\/span> <span class=\"notranslate\"><b>Os presentamos enaquest art\u00edculo los rasgos m\u00e1s destacables de los TRATAMIENTOS M\u00c1S PEDIDOS y RECOMENDABLES PARA ESTA \u00c9POCA PREVIA EN VERANO<\/b><\/span><\/p>\n<p><span class=\"notranslate\"><u><b>1.TRATAMENTS FACIALES<\/b><\/u><\/span><\/p>\n<p><span class=\"notranslate\"><b>1.1.INFILTRACIONS FACIALES:<\/b><\/span><\/p>\n<p><span class=\"notranslate\">Se trata de microinyecciones de diferentssubst\u00e0ncies muy efectivas, mediante t\u00e9cnicas m\u00ednimamente invasivas.<\/span><\/p>\n<ul>\n<li><span class=\"notranslate\"><b>Prote\u00edna natural purificada:<\/b> Para la atenuaci\u00f3n y prevenci\u00f3n de las arrugas de expresi\u00f3n.<\/span><\/li>\n<li><span class=\"notranslate\"><b>Biomesoter\u00e0pia Facial<\/b> y <b>Biorevitalizaci\u00f3:<\/b> Inyecci\u00f3n de vitaminas, minerales, amino\u00e1cidos, \u00e1cido hialur\u00f3nico etc.<\/span> <span class=\"notranslate\">para mejorar la textura y calidad de la piel, devolvi\u00e9ndole la luminosidad.<\/span> <span class=\"notranslate\">Hay t\u00e9cnicas <i>Flash<\/i> especialmente dise\u00f1adas para estar radiante en momentos o diesespecials.<\/span><\/li>\n<li><span class=\"notranslate\"><b>Implantes de acido Hialur\u00f3nico:<\/b> Para corregir las arrugas est\u00e1ticas, surcos pronunciatsi cicatrices, o aportar volumen inmediato en labios, p\u00f3mulos y depresiones cut\u00e1neas mitjan\u00e7antla t\u00e9cnica de la Biopl\u00e1stia.<\/span><\/li>\n<li><span class=\"notranslate\"><b>Implantes para la flacidez:<\/b> Para alisar, reafirmar y redefinir el contorno facial mediante la estimulaci\u00f3n natural de la s\u00edntesis de col\u00e1geno.<\/span><\/li>\n<li><span class=\"notranslate\"><b>Filstensors y revitalizantes:<\/b> Implantados mediante agujas muy finas, proporcionan firmeza y tensi\u00f3n en el tejido cut\u00e1neo facial, combatiendo as\u00ed laflacciditat y el descolgamiento.<\/span><\/li>\n<li><span class=\"notranslate\"><b>PRP:<\/b> Los factores de crecimiento epid\u00e9rmico contenidos en las plaquetas, mejoran lesarrugues y aumentan el grosor y tersura de la piel, dando un aspecto m\u00e1s joven.<\/span><\/li>\n<li><span class=\"notranslate\"><b>Mesopl\u00e0stiafacial:<\/b> Es el tratamiento <b>por<\/b> excelencia de rejuvenecimiento facial si bien tambi\u00e9n puede realizarse a cuello, escote y dorso de lesmans.<\/span> <span class=\"notranslate\">Se inyecta un c\u00f3ctel de sustancias bioestimuladores cut\u00e1neas con \u00e0cidhialur\u00f2nic para estimular la producci\u00f3n de col\u00e1geno, restaurar las columnestensionals faciales para mejorar la flacidez, hidratar los tejidos, regenerarvolums y corregir surcos y depresiones.<\/span> <span class=\"notranslate\">Adem\u00e1s, se utiliza Prote\u00edna natural purificada para tratar lesarrugues din\u00e1micas y sustancias para corregir la flacidez.<\/span><span class=\"notranslate\">Se llevaron a cabo 2 sesiones y no origina ning\u00fan tipo de convalecencia.<\/span><\/li>\n<li><span class=\"notranslate\"><b>Lifting l\u00edquido:<\/b> T\u00e9cnica a base de infiltraciones para hidratar y mejorar la calidad de la piel del rostro, eliminar arrugas, elevar tejidos y reponer vol\u00famenes.<\/span> <span class=\"notranslate\">Esun Mesoplastia Facial ampliada en la que se tratan los tres tercios faciales deforma personalizada en funci\u00f3n de las necesidades del paciente.<\/span> <span class=\"notranslate\">Los resultatsson muy naturales y duran alrededor de un a\u00f1o.<\/span><\/li>\n<li><span class=\"notranslate\"><b>Volumetritzaci\u00f3n Facial:<\/b> Restauraci\u00f3n de los vol\u00famenes perdidos en tercio medio e inferior del rostro, debido al descolgamiento cut\u00e1neo facial.<\/span><\/li>\n<li><span class=\"notranslate\"><b>Peelingspersonalitzats:<\/b> Formulados a medida por los problemas espec\u00edficos faciales de cadapacient, proporcionan adem\u00e1s mejor\u00eda significativa en la textura y calidad dela piel.<\/span><\/li>\n<\/ul>\n<p><span class=\"notranslate\"><b>1.2.L\u00c0SER:<\/b><\/span><\/p>\n<ul>\n<li><span class=\"notranslate\"><b>Week-end Laser peel<\/b> Nuevo y revolucionario tratamiento con l\u00e1ser de CO2 de \u00faltima generaci\u00f3n\u00a0que, pr\u00e1cticamente sin convalecencia, aminora todas las alteraciones faciales, incluyendo cicatrices y poros abiertos, y proporciona una mejora cut\u00e1nea inigualable en todos los \u00e1mbitos.<\/span> <span class=\"notranslate\">Los par\u00e1metros de tratamiento son totalmente personalizados y los resultados r\u00e1pidamente visibles.<\/span> <span class=\"notranslate\">Ideal, adem\u00e1s, porque no desea pinchazos.<\/span><\/li>\n<li><span class=\"notranslate\"><b>L\u00e1ser Fraccional:<\/b> Para tratamiento de arrugas, flacidez cut\u00e1nea, poro abierto, cicatrices etc.<\/span><\/li>\n<\/ul>\n<p><b>\u00a0<\/b><\/p>\n<p><span class=\"notranslate\"><b><u>2.TRACTAMENTS CORPORALES<\/u><\/b><\/span><\/p>\n<p><span class=\"notranslate\"><b>2.1.GREIX LOCALIZADO:<\/b><\/span><\/p>\n<ul>\n<li><span class=\"notranslate\"><b><u>Adipocitolisi:<\/u><\/b> <b>esel referente<\/b> <b>pertractar la grasa localizada, siendo por su seguridad y eficacia, un delsm\u00e9s solicitados en el \u00e8pocapre-estival y estival.<\/b> <b>Es el \u00fanico alternativa comparable a la liposucci\u00f3n<\/b> y t\u00e9cnicas quir\u00fargicas afines. <b>Mitjan\u00e7antla<\/b><\/span> <b><i>\u00a0<\/i><\/b><span class=\"notranslate\"><b>t\u00e9cnica de la intralipoterapia,<\/b> (una t\u00e9cnica muy espec\u00edfica de uso exclusivo para m\u00e9dicos <b>entrenados),<\/b> se inyecta<b>directamente en el tejido adip\u00f3suna soluci\u00f3n detergente que rompe el adipocito, la c\u00e9lula que almacena ELGRA, el cual una vez disuelto se eliminar\u00e1 v\u00eda linf\u00e1tica y urinaria.<\/b> Adem\u00e1s cuenta con <b>la<\/b> ventaja <b>adicional de evitar la flacidez posterior, millorantl&#8217;aspecte y la textura <u>de<\/u> la piel.<\/b> <b>Lareducci\u00f3 de la grasa que se consigue es permanente.<\/b><\/span><\/li>\n<li><span class=\"notranslate\"><b><u>Lipol\u00e1ser (Lipolite &#x2122;):<\/u><\/b> <strong>Lipolite TM<\/strong> representa la evoluci\u00f3n de los equipos para <b>tratamientos delip\u00f2lisis mediante l\u00e1ser.<\/b><\/span> <span class=\"notranslate\">Este sistema est\u00e1 dise\u00f1ado para destruir lesc\u00e8l\u00b7lules de grasa y la coagulaci\u00f3n de los tejidos en el cuerpo y la cara de maneraefectiva.<\/span><span class=\"notranslate\">Es ideal para tratar zonas poco asequibles en la lipoesculturaquir\u00fargica tradicional, como la papada y los brazos.<\/span><\/li>\n<li><span class=\"notranslate\"><b><u>Criolipolisis m\u00e9dica:\u00a0<\/u><\/b>La criolip\u00f2lisi m\u00e9dica consiste aabaixar la temperatura de una zona corporal que contenga grasa acumulada hasta -8\u00baC, durante 60 minutos y de maneracontrolada, cristalizando as\u00ed lesc\u00e8l.lules de grasa, produciendo su destrucci\u00f3n definitiva y posteriormentl &#8216;expulsi\u00f3 por el propio cuerpo.<\/span> <span class=\"notranslate\">La reducci\u00f3n media con nuestros protocolspersonalitzats es de una talla por sesi\u00f3n;<\/span> <span class=\"notranslate\">y se recomienda de una a tres sessionsper zona.<\/span><\/li>\n<li><span class=\"notranslate\"><b><u>Sistema Noradrenalina Release:<\/u><\/b> <strong>Revolucionaria t\u00e9cnica Japonesa que, trav\u00e9s de ultrasonidos, destruye la grasa, convirti\u00e9ndolo en \u00e1cidos grasos libres que Elco elimina f\u00e1cilmente.<\/strong><\/span> <strong>\u00a0<\/strong><\/li>\n<\/ul>\n<p><span class=\"notranslate\"><b>2.2.<\/b><\/span> <span class=\"notranslate\"><b>CELULITIS y flacidez:<\/b><\/span><b><u><\/u><\/b><\/p>\n<ul>\n<li><span class=\"notranslate\"><strong>Ozonoterapia:<\/strong> Aplicaci\u00f3n subcut\u00e1nea de ozono, Unga que posee <b>tres \u00e1tomos de ox\u00edgeno<\/b> .Este gas tiene la capacidad de reaccionar frente a los \u00e1cidos grasos quecomponen la c\u00e9lula adiposa, volvi\u00e9ndolos hidr\u00f3filos (que absorben lahumitat)<b>reduciendo el dep\u00f3sito de grasa iactivant la circulaci\u00f3n para que la celulitis no vuelva a formarse nuevamente.<\/b> Lescapacitats oxigenantes, revitalizantes y regeneradoras del ozono, s&#8217;utilitzentamb\u00e9 para tratar otras alteraciones dermoest\u00e8tiques como <b>las<\/b>estr\u00edas y la <b>flacidez.<\/b><\/span> <b>\u00a0<\/b><\/li>\n<li><span class=\"notranslate\"><strong>Carboxiterapia: Aplicaci\u00f3n subcut\u00e1nea de di\u00f3xido de carbono.<\/strong><\/span> <span class=\"notranslate\"><strong>Es una de las millorster\u00e0pies para combatir la celulitis, la flacidez y los c\u00famulos de grasa.<\/strong><\/span><\/li>\n<li><strong>\u00a0<\/strong> <span class=\"notranslate\"><strong>Mesoterapia: Infiltraci\u00f3n d\u00e9rmica de diferentsprincipis activos, alop\u00e1ticos o homeop\u00e1ticos, que mejoran tanto el aspecto externcom las causas de fondo que las originan.<\/strong><\/span><\/li>\n<li><b>\u00a0<\/b> <span class=\"notranslate\"><strong>Velashape II: Sistema de remodelaci\u00f3n corporal aprobado por la FDA para el tratamiento de la cel\u00b7lulitisde forma efectiva y reducci\u00f3n de la circunferencia.<\/strong><\/span><\/li>\n<li><strong>\u00a0<\/strong> <span class=\"notranslate\"><strong>Venusfreeze: Tratamiento no invasivo que combinaRadiofreq\u00fc\u00e8ncia (RF) y Impulsos magn\u00e9ticos en una tecnolog\u00eda llamada (MP) 2.Combinaci\u00f3 \u00fanica que proporciona unos resultados inigualables por la flacciditattant facial como corporal.<\/strong><\/span><\/li>\n<\/ul>\n<p><strong>\u00a0<\/strong><\/p>\n<p><span class=\"notranslate\"><b>2.3.<\/b><\/span> <span class=\"notranslate\"><b>ESTR\u00cdAS:<\/b><\/span><b><u><\/u><\/b><\/p>\n<ul>\n<li><span class=\"notranslate\"><strong>PRP: <i>plasma rico en factores de crecimiento,<\/i> augmentala vascularizaci\u00f3n de la zona y el grosor de la piel favoreciendo la aparici\u00f3n de unapell nueva, disminuyendo los efectos sobre la oxidaci\u00f3n celular, obteniendo unos magn\u00edficsresultats en estr\u00edas, cicatrices, acn\u00e9 , alopecia, etc &#8230;<\/strong><\/span><\/li>\n<li><span class=\"notranslate\"><strong>La<\/strong> <b>ASER CO2 fraccional: el tipo<\/b> de l\u00e1ser m\u00e1s indicado para combatir las estr\u00edas, inclusive las de tonalidad blanca.<\/span><\/li>\n<\/ul>\n<p><span class=\"notranslate\">Prep\u00e1rate para el verano con Nexus<\/span><\/p>\n","protected":false},"excerpt":{"rendered":"<p>Ante la pr\u00f3xima llegada del verano, ciertos tratamientos m\u00e9dico-est\u00e9ticos cobran una especial relevancia y son especialmente solicitados por los pacientes. Os presentamos enaquest art\u00edculo los rasgos m\u00e1s destacables de los TRATAMIENTOS M\u00c1S PEDIDOS y RECOMENDABLES PARA ESTA \u00c9POCA PREVIA EN VERANO 1.TRATAMENTS FACIALES 1.1.INFILTRACIONS FACIALES: Se trata de microinyecciones de diferentssubst\u00e0ncies muy efectivas, mediante t\u00e9cnicas&#8230;<\/p>\n","protected":false},"author":5,"featured_media":1596,"comment_status":"closed","ping_status":"closed","sticky":false,"template":"","format":"standard","meta":[],"categories":[7],"tags":[59,67,243,62,63,68,248,65,66,255],"yoast_head":"<!-- This site is optimized with the Yoast SEO plugin v18.6 - https:\/\/yoast.com\/wordpress\/plugins\/seo\/ -->\n<title>Prep\u00e1rate para el verano con Nexus<\/title>\n<meta name=\"description\" content=\"Prepara&#039;t per l&#039;estiu amb Nexus amb els tractaments m\u00e8dico-est\u00e8tics especialment demanats pels pacients per aquesta temporada\" \/>\n<meta name=\"robots\" content=\"index, follow, max-snippet:-1, max-image-preview:large, max-video-preview:-1\" \/>\n<link rel=\"canonical\" href=\"https:\/\/grupnexus.com\/es\/preparate-para-el-verano-con-nexus\/\" \/>\n<meta property=\"og:locale\" content=\"es_ES\" \/>\n<meta property=\"og:type\" content=\"article\" \/>\n<meta property=\"og:title\" content=\"Prep\u00e1rate para el verano con Nexus\" \/>\n<meta property=\"og:description\" content=\"Prepara&#039;t per l&#039;estiu amb Nexus amb els tractaments m\u00e8dico-est\u00e8tics especialment demanats pels pacients per aquesta temporada\" \/>\n<meta property=\"og:url\" content=\"https:\/\/grupnexus.com\/es\/preparate-para-el-verano-con-nexus\/\" \/>\n<meta property=\"og:site_name\" content=\"Cl\u00ednica Nexus\" \/>\n<meta property=\"article:published_time\" content=\"2015-05-19T09:22:46+00:00\" \/>\n<meta property=\"article:modified_time\" content=\"2022-05-13T11:03:14+00:00\" \/>\n<meta property=\"og:image\" content=\"https:\/\/grupnexus.com\/wp-content\/uploads\/preparat-per-a-lestiu-.jpg\" \/>\n\t<meta property=\"og:image:width\" content=\"1080\" \/>\n\t<meta property=\"og:image:height\" content=\"734\" \/>\n\t<meta property=\"og:image:type\" content=\"image\/jpeg\" \/>\n<meta name=\"twitter:card\" content=\"summary\" \/>\n<meta name=\"twitter:label1\" content=\"Escrito por\" \/>\n\t<meta name=\"twitter:data1\" content=\"Nexus\" \/>\n\t<meta name=\"twitter:label2\" content=\"Tiempo de lectura\" \/>\n\t<meta name=\"twitter:data2\" content=\"5 minutos\" \/>\n<script type=\"application\/ld+json\" class=\"yoast-schema-graph\">{\"@context\":\"https:\/\/schema.org\",\"@graph\":[{\"@type\":\"WebSite\",\"@id\":\"https:\/\/grupnexus.com\/es\/#website\",\"url\":\"https:\/\/grupnexus.com\/es\/\",\"name\":\"Cl\u00ednica Nexus\",\"description\":\"L\u00edders en Medicina Est\u00e8tica Avan\u00e7ada\",\"potentialAction\":[{\"@type\":\"SearchAction\",\"target\":{\"@type\":\"EntryPoint\",\"urlTemplate\":\"https:\/\/grupnexus.com\/es\/?s={search_term_string}\"},\"query-input\":\"required name=search_term_string\"}],\"inLanguage\":\"es\"},{\"@type\":\"ImageObject\",\"@id\":\"https:\/\/grupnexus.com\/es\/preparate-para-el-verano-con-nexus\/#primaryimage\",\"inLanguage\":\"es\",\"url\":\"https:\/\/grupnexus.com\/wp-content\/uploads\/preparat-per-a-lestiu-.jpg\",\"contentUrl\":\"https:\/\/grupnexus.com\/wp-content\/uploads\/preparat-per-a-lestiu-.jpg\",\"width\":1080,\"height\":734,\"caption\":\"Tractaments per l'estiu!\"},{\"@type\":\"WebPage\",\"@id\":\"https:\/\/grupnexus.com\/es\/preparate-para-el-verano-con-nexus\/#webpage\",\"url\":\"https:\/\/grupnexus.com\/es\/preparate-para-el-verano-con-nexus\/\",\"name\":\"Prep\u00e1rate para el verano con Nexus\",\"isPartOf\":{\"@id\":\"https:\/\/grupnexus.com\/es\/#website\"},\"primaryImageOfPage\":{\"@id\":\"https:\/\/grupnexus.com\/es\/preparate-para-el-verano-con-nexus\/#primaryimage\"},\"datePublished\":\"2015-05-19T09:22:46+00:00\",\"dateModified\":\"2022-05-13T11:03:14+00:00\",\"author\":{\"@id\":\"https:\/\/grupnexus.com\/es\/#\/schema\/person\/e766a805d9eadac3ecbb8c0d3dcd3355\"},\"description\":\"Prepara't per l'estiu amb Nexus amb els tractaments m\u00e8dico-est\u00e8tics especialment demanats pels pacients per aquesta temporada\",\"breadcrumb\":{\"@id\":\"https:\/\/grupnexus.com\/es\/preparate-para-el-verano-con-nexus\/#breadcrumb\"},\"inLanguage\":\"es\",\"potentialAction\":[{\"@type\":\"ReadAction\",\"target\":[\"https:\/\/grupnexus.com\/es\/preparate-para-el-verano-con-nexus\/\"]}]},{\"@type\":\"BreadcrumbList\",\"@id\":\"https:\/\/grupnexus.com\/es\/preparate-para-el-verano-con-nexus\/#breadcrumb\",\"itemListElement\":[{\"@type\":\"ListItem\",\"position\":1,\"name\":\"Portada\",\"item\":\"https:\/\/grupnexus.com\/es\/\"},{\"@type\":\"ListItem\",\"position\":2,\"name\":\"Prep\u00e1rate para el verano con Nexus\"}]},{\"@type\":\"Person\",\"@id\":\"https:\/\/grupnexus.com\/es\/#\/schema\/person\/e766a805d9eadac3ecbb8c0d3dcd3355\",\"name\":\"Nexus\",\"image\":{\"@type\":\"ImageObject\",\"@id\":\"https:\/\/grupnexus.com\/es\/#personlogo\",\"inLanguage\":\"es\",\"url\":\"https:\/\/secure.gravatar.com\/avatar\/8d9fa4540dd1ce6a7ed07044eb5f16c9?s=96&d=mm&r=g\",\"contentUrl\":\"https:\/\/secure.gravatar.com\/avatar\/8d9fa4540dd1ce6a7ed07044eb5f16c9?s=96&d=mm&r=g\",\"caption\":\"Nexus\"}}]}<\/script>\n<!-- \/ Yoast SEO plugin. -->","yoast_head_json":{"title":"Prep\u00e1rate para el verano con Nexus","description":"Prepara't per l'estiu amb Nexus amb els tractaments m\u00e8dico-est\u00e8tics especialment demanats pels pacients per aquesta temporada","robots":{"index":"index","follow":"follow","max-snippet":"max-snippet:-1","max-image-preview":"max-image-preview:large","max-video-preview":"max-video-preview:-1"},"canonical":"https:\/\/grupnexus.com\/es\/preparate-para-el-verano-con-nexus\/","og_locale":"es_ES","og_type":"article","og_title":"Prep\u00e1rate para el verano con Nexus","og_description":"Prepara't per l'estiu amb Nexus amb els tractaments m\u00e8dico-est\u00e8tics especialment demanats pels pacients per aquesta temporada","og_url":"https:\/\/grupnexus.com\/es\/preparate-para-el-verano-con-nexus\/","og_site_name":"Cl\u00ednica Nexus","article_published_time":"2015-05-19T09:22:46+00:00","article_modified_time":"2022-05-13T11:03:14+00:00","og_image":[{"width":1080,"height":734,"url":"https:\/\/grupnexus.com\/wp-content\/uploads\/preparat-per-a-lestiu-.jpg","type":"image\/jpeg"}],"twitter_card":"summary","twitter_misc":{"Escrito por":"Nexus","Tiempo de lectura":"5 minutos"},"schema":{"@context":"https:\/\/schema.org","@graph":[{"@type":"WebSite","@id":"https:\/\/grupnexus.com\/es\/#website","url":"https:\/\/grupnexus.com\/es\/","name":"Cl\u00ednica Nexus","description":"L\u00edders en Medicina Est\u00e8tica Avan\u00e7ada","potentialAction":[{"@type":"SearchAction","target":{"@type":"EntryPoint","urlTemplate":"https:\/\/grupnexus.com\/es\/?s={search_term_string}"},"query-input":"required name=search_term_string"}],"inLanguage":"es"},{"@type":"ImageObject","@id":"https:\/\/grupnexus.com\/es\/preparate-para-el-verano-con-nexus\/#primaryimage","inLanguage":"es","url":"https:\/\/grupnexus.com\/wp-content\/uploads\/preparat-per-a-lestiu-.jpg","contentUrl":"https:\/\/grupnexus.com\/wp-content\/uploads\/preparat-per-a-lestiu-.jpg","width":1080,"height":734,"caption":"Tractaments per l'estiu!"},{"@type":"WebPage","@id":"https:\/\/grupnexus.com\/es\/preparate-para-el-verano-con-nexus\/#webpage","url":"https:\/\/grupnexus.com\/es\/preparate-para-el-verano-con-nexus\/","name":"Prep\u00e1rate para el verano con Nexus","isPartOf":{"@id":"https:\/\/grupnexus.com\/es\/#website"},"primaryImageOfPage":{"@id":"https:\/\/grupnexus.com\/es\/preparate-para-el-verano-con-nexus\/#primaryimage"},"datePublished":"2015-05-19T09:22:46+00:00","dateModified":"2022-05-13T11:03:14+00:00","author":{"@id":"https:\/\/grupnexus.com\/es\/#\/schema\/person\/e766a805d9eadac3ecbb8c0d3dcd3355"},"description":"Prepara't per l'estiu amb Nexus amb els tractaments m\u00e8dico-est\u00e8tics especialment demanats pels pacients per aquesta temporada","breadcrumb":{"@id":"https:\/\/grupnexus.com\/es\/preparate-para-el-verano-con-nexus\/#breadcrumb"},"inLanguage":"es","potentialAction":[{"@type":"ReadAction","target":["https:\/\/grupnexus.com\/es\/preparate-para-el-verano-con-nexus\/"]}]},{"@type":"BreadcrumbList","@id":"https:\/\/grupnexus.com\/es\/preparate-para-el-verano-con-nexus\/#breadcrumb","itemListElement":[{"@type":"ListItem","position":1,"name":"Portada","item":"https:\/\/grupnexus.com\/es\/"},{"@type":"ListItem","position":2,"name":"Prep\u00e1rate para el verano con Nexus"}]},{"@type":"Person","@id":"https:\/\/grupnexus.com\/es\/#\/schema\/person\/e766a805d9eadac3ecbb8c0d3dcd3355","name":"Nexus","image":{"@type":"ImageObject","@id":"https:\/\/grupnexus.com\/es\/#personlogo","inLanguage":"es","url":"https:\/\/secure.gravatar.com\/avatar\/8d9fa4540dd1ce6a7ed07044eb5f16c9?s=96&d=mm&r=g","contentUrl":"https:\/\/secure.gravatar.com\/avatar\/8d9fa4540dd1ce6a7ed07044eb5f16c9?s=96&d=mm&r=g","caption":"Nexus"}}]}},"_links":{"self":[{"href":"https:\/\/grupnexus.com\/es\/wp-json\/wp\/v2\/posts\/8399"}],"collection":[{"href":"https:\/\/grupnexus.com\/es\/wp-json\/wp\/v2\/posts"}],"about":[{"href":"https:\/\/grupnexus.com\/es\/wp-json\/wp\/v2\/types\/post"}],"author":[{"embeddable":true,"href":"https:\/\/grupnexus.com\/es\/wp-json\/wp\/v2\/users\/5"}],"replies":[{"embeddable":true,"href":"https:\/\/grupnexus.com\/es\/wp-json\/wp\/v2\/comments?post=8399"}],"version-history":[{"count":1,"href":"https:\/\/grupnexus.com\/es\/wp-json\/wp\/v2\/posts\/8399\/revisions"}],"predecessor-version":[{"id":50447,"href":"https:\/\/grupnexus.com\/es\/wp-json\/wp\/v2\/posts\/8399\/revisions\/50447"}],"wp:featuredmedia":[{"embeddable":true,"href":"https:\/\/grupnexus.com\/es\/wp-json\/wp\/v2\/media\/1596"}],"wp:attachment":[{"href":"https:\/\/grupnexus.com\/es\/wp-json\/wp\/v2\/media?parent=8399"}],"wp:term":[{"taxonomy":"category","embeddable":true,"href":"https:\/\/grupnexus.com\/es\/wp-json\/wp\/v2\/categories?post=8399"},{"taxonomy":"post_tag","embeddable":true,"href":"https:\/\/grupnexus.com\/es\/wp-json\/wp\/v2\/tags?post=8399"}],"curies":[{"name":"wp","href":"https:\/\/api.w.org\/{rel}","templated":true}]}}