{"id":9932,"date":"2016-01-26T10:58:18","date_gmt":"2016-01-26T08:58:18","guid":{"rendered":"http:\/\/www.grupnexus.com\/es\/?p=9932"},"modified":"2016-01-26T11:14:22","modified_gmt":"2016-01-26T09:14:22","slug":"decalogo-de-la-depilacion-medica-laser","status":"publish","type":"post","link":"https:\/\/grupnexus.com\/es\/decalogo-de-la-depilacion-medica-laser\/","title":{"rendered":"Dec\u00e1logo de la depilaci\u00f3n m\u00e9dica l\u00e1ser"},"content":{"rendered":"<p>1.- <b>Busque un centro con un m\u00e9dico responsable<\/b>. Un m\u00e9dico con nombres y apellidos, especialista en este \u00e1mbito, al que pueda dirigirse a \u00e9l cuando lo necesite y del que tenga la certeza de que supervisa su tratamiento. Adem\u00e1s, en algunos casos el exceso de pelo puede obedecer a trastornos hormonales o ginecol\u00f3gicos, y solamente un m\u00e9dico est\u00e1 capacitado para poderlo diagnosticar.<\/p>\n<p>2.- <b>Busque un centro que disponga de un amplio abanico de diferentes tipos de l\u00e1ser<\/b>. No hay ning\u00fan sistema l\u00e1ser que por s\u00ed solo sea efectivo en ambos sexos, en todo tipo de pelo, de piel y en diferentes situaciones fisiol\u00f3gicas o patol\u00f3gicas. El \u00e9xito final depender\u00e1 de la sabia combinaci\u00f3n de los diferentes sistemas l\u00e1seres existentes y, por ello, debe ir ineludiblemente a un centro dotado con toda esta tecnolog\u00eda.<\/p>\n<p>3.- <b>Busque un centro con personal experimentado en este tratamiento<\/b>, tanto por razones de eficacia como para evitar efectos indeseables. Recuerde que el l\u00e1ser puede producir complicaciones, incluso secuelas permanentes, y el personal poco conocedor de la t\u00e9cnica o con poca experiencia es una fuente importante de producci\u00f3n de \u00e9stas, siendo usted el primer perjudicado.<\/p>\n<p>4.- <b>Busque un centro que pueda ofrecerle un tratamiento personalizado<\/b><b>. <\/b>Disponer de una \u00e1mplia tecnolog\u00eda y experiencia en Depilaci\u00f3n L\u00e1ser permite individualizar el tratamiento, utilizando el l\u00e1ser m\u00e1s eficaz y los par\u00e1metros m\u00e1s adecuados en cada caso. As\u00ed, se consigue alcanzar el resultado deseado realizando el menor n\u00famero de sesiones, con el correspondiente ahorro para usted. En consecuencia, el precio de la Depilaci\u00f3n l\u00e1ser hay que mirarlo tambi\u00e9n desde otras vertientes y no s\u00f3lo por el precio por sesi\u00f3n.<\/p>\n<p>5.- <b>Deseche frontalmente a los \u201ctitiriteros\u201d del l\u00e1ser<\/b>:\u00a0 Son estos individuos o \u201cempresas\u201d sin acreditaci\u00f3n, control ni formaci\u00f3n, que se dedican a recorrer con total impunidad ( aprovechando el vac\u00edo legal que en esta materia hay en Espa\u00f1a ) las peluquer\u00edas y centros de est\u00e9tica del pa\u00eds, ofreciendo sus \u201ctratamientos\u201d, generalmente con l\u00e1seres ineficaces, inseguros y\/o en estado m\u00e1s que dudoso, a precios m\u00e1s baratos. Son un ejemplo m\u00e1s de la \u2018picaresca nacional\u2019 y un aut\u00e9ntico problema de salud p\u00fablica que, m\u00e1s pronto que tarde, la Administraci\u00f3n Sanitaria ( y Tributaria\u2026 ) deber\u00e1 erradicar.<\/p>\n<p>6.- <b>Intereses por la tecnolog\u00eda que le ofrecen<\/b>\u00a0y sobre todo por la marca y modelo del aparato. Compruebe por Internet u otros medios que la eficacia del aparato est\u00e1 contrastada y sobre todo que \u00e9ste est\u00e1 certificado por la FDA. Si la marca est\u00e1 camuflada bajo una carcasa o el aparato lleva el nombre del centro (aduciendo que \u2018les fabrican especialmente para ellos\u2019), desconf\u00ede de inmediato.<\/p>\n<p>7.- <b>Pida el Certificado de Seguridad <\/b>mediante el cual el Servicio T\u00e9cnico Oficial del l\u00e1ser en cuesti\u00f3n acredita que el equipo ha sido revisado en todos sus par\u00e1metros de funcionamiento y que garantiza as\u00ed la correcta prestaci\u00f3n de las aplicaciones para las que ha sido indicado. El mejor l\u00e1ser, sin las pertinentes revisiones de calibraci\u00f3n y mantenimiento, deviene totalmente inefectivo o potencialmente peligroso. A \u2018Nexus\u2019 tenemos estos Certificados expuestos en cada sala l\u00e1ser. Si no lo encuentra visualmente en la sala donde le practican, exija que le ense\u00f1en.<\/p>\n<p>8.- <b>Siga las instrucciones pre y post tratamiento:<\/b>\u00a0Son b\u00e1sicas tambi\u00e9n para alcanzar los resultados deseados y evitar complicaciones.<i><\/i><\/p>\n<p>9.- <b>Demande las garant\u00edas higi\u00e9nico-sanitarias que todo tratamiento debe comportar<\/b><b>. <\/b>La guerra de precios en este sector conlleva, a veces, un recorte inadmisible en estas.<\/p>\n<p>10.- <b>Sea consciente de que el precio que paga, \u00e9s lo que vale en realidad el servicio que le dan<\/b><b>. <\/b>Nadie d\u00e1 \u2018duros a 4 pesetas\u2019 y con la depilaci\u00f3n l\u00e1ser, tampoco. El abaratamiento hasta el absurdo del precio de las sesiones por parte de algunas empresas del sector, se sustenta irremediablemente en un detrimento de la relaci\u00f3n coste\/efectividad y en recortes en otras vertientes del tratamiento. No anteponga nunca el precio a su seguridad.<\/p>\n","protected":false},"excerpt":{"rendered":"<p>1.- Busque un centro con un m\u00e9dico responsable. Un m\u00e9dico con nombres y apellidos, especialista en este \u00e1mbito, al que pueda dirigirse a \u00e9l cuando lo necesite y del que tenga la certeza de que supervisa su tratamiento. Adem\u00e1s, en algunos casos el exceso de pelo puede obedecer a trastornos hormonales o ginecol\u00f3gicos, y solamente&#8230;<\/p>\n","protected":false},"author":5,"featured_media":9929,"comment_status":"closed","ping_status":"closed","sticky":false,"template":"","format":"standard","meta":[],"categories":[2],"tags":[],"yoast_head":"<!-- This site is optimized with the Yoast SEO plugin v18.6 - https:\/\/yoast.com\/wordpress\/plugins\/seo\/ -->\n<title>Dec\u00e1logo de la depilaci\u00f3n m\u00e9dica l\u00e1ser<\/title>\n<meta name=\"robots\" content=\"index, follow, max-snippet:-1, max-image-preview:large, max-video-preview:-1\" \/>\n<link rel=\"canonical\" href=\"https:\/\/grupnexus.com\/es\/decalogo-de-la-depilacion-medica-laser\/\" \/>\n<meta property=\"og:locale\" content=\"es_ES\" \/>\n<meta property=\"og:type\" content=\"article\" \/>\n<meta property=\"og:title\" content=\"Dec\u00e1logo de la depilaci\u00f3n m\u00e9dica l\u00e1ser\" \/>\n<meta property=\"og:description\" content=\"1.- Busque un centro con un m\u00e9dico responsable. Un m\u00e9dico con nombres y apellidos, especialista en este \u00e1mbito, al que pueda dirigirse a \u00e9l cuando lo necesite y del que tenga la certeza de que supervisa su tratamiento. Adem\u00e1s, en algunos casos el exceso de pelo puede obedecer a trastornos hormonales o ginecol\u00f3gicos, y solamente...\" \/>\n<meta property=\"og:url\" content=\"https:\/\/grupnexus.com\/es\/decalogo-de-la-depilacion-medica-laser\/\" \/>\n<meta property=\"og:site_name\" content=\"Cl\u00ednica Nexus\" \/>\n<meta property=\"article:published_time\" content=\"2016-01-26T08:58:18+00:00\" \/>\n<meta property=\"article:modified_time\" content=\"2016-01-26T09:14:22+00:00\" \/>\n<meta property=\"og:image\" content=\"https:\/\/i0.wp.com\/grupnexus.com\/wp-content\/uploads\/0.Dec\u00e0leg-Dep-L\u00e0ser-M\u00e8dica.jpg?fit=1536%2C1044&#038;ssl=1\" \/>\n\t<meta property=\"og:image:width\" content=\"1536\" \/>\n\t<meta property=\"og:image:height\" content=\"1044\" \/>\n\t<meta property=\"og:image:type\" content=\"image\/jpeg\" \/>\n<meta name=\"twitter:card\" content=\"summary\" \/>\n<meta name=\"twitter:label1\" content=\"Escrito por\" \/>\n\t<meta name=\"twitter:data1\" content=\"Nexus\" \/>\n\t<meta name=\"twitter:label2\" content=\"Tiempo de lectura\" \/>\n\t<meta name=\"twitter:data2\" content=\"3 minutos\" \/>\n<script type=\"application\/ld+json\" class=\"yoast-schema-graph\">{\"@context\":\"https:\/\/schema.org\",\"@graph\":[{\"@type\":\"WebSite\",\"@id\":\"https:\/\/grupnexus.com\/es\/#website\",\"url\":\"https:\/\/grupnexus.com\/es\/\",\"name\":\"Cl\u00ednica Nexus\",\"description\":\"L\u00edders en Medicina Est\u00e8tica Avan\u00e7ada\",\"potentialAction\":[{\"@type\":\"SearchAction\",\"target\":{\"@type\":\"EntryPoint\",\"urlTemplate\":\"https:\/\/grupnexus.com\/es\/?s={search_term_string}\"},\"query-input\":\"required name=search_term_string\"}],\"inLanguage\":\"es\"},{\"@type\":\"ImageObject\",\"@id\":\"https:\/\/grupnexus.com\/es\/decalogo-de-la-depilacion-medica-laser\/#primaryimage\",\"inLanguage\":\"es\",\"url\":\"https:\/\/grupnexus.com\/wp-content\/uploads\/0.Dec\u00e0leg-Dep-L\u00e0ser-M\u00e8dica.jpg\",\"contentUrl\":\"https:\/\/grupnexus.com\/wp-content\/uploads\/0.Dec\u00e0leg-Dep-L\u00e0ser-M\u00e8dica.jpg\",\"width\":1536,\"height\":1044},{\"@type\":\"WebPage\",\"@id\":\"https:\/\/grupnexus.com\/es\/decalogo-de-la-depilacion-medica-laser\/#webpage\",\"url\":\"https:\/\/grupnexus.com\/es\/decalogo-de-la-depilacion-medica-laser\/\",\"name\":\"Dec\u00e1logo de la depilaci\u00f3n m\u00e9dica l\u00e1ser\",\"isPartOf\":{\"@id\":\"https:\/\/grupnexus.com\/es\/#website\"},\"primaryImageOfPage\":{\"@id\":\"https:\/\/grupnexus.com\/es\/decalogo-de-la-depilacion-medica-laser\/#primaryimage\"},\"datePublished\":\"2016-01-26T08:58:18+00:00\",\"dateModified\":\"2016-01-26T09:14:22+00:00\",\"author\":{\"@id\":\"https:\/\/grupnexus.com\/es\/#\/schema\/person\/e766a805d9eadac3ecbb8c0d3dcd3355\"},\"breadcrumb\":{\"@id\":\"https:\/\/grupnexus.com\/es\/decalogo-de-la-depilacion-medica-laser\/#breadcrumb\"},\"inLanguage\":\"es\",\"potentialAction\":[{\"@type\":\"ReadAction\",\"target\":[\"https:\/\/grupnexus.com\/es\/decalogo-de-la-depilacion-medica-laser\/\"]}]},{\"@type\":\"BreadcrumbList\",\"@id\":\"https:\/\/grupnexus.com\/es\/decalogo-de-la-depilacion-medica-laser\/#breadcrumb\",\"itemListElement\":[{\"@type\":\"ListItem\",\"position\":1,\"name\":\"Portada\",\"item\":\"https:\/\/grupnexus.com\/es\/\"},{\"@type\":\"ListItem\",\"position\":2,\"name\":\"Dec\u00e1logo de la depilaci\u00f3n m\u00e9dica l\u00e1ser\"}]},{\"@type\":\"Person\",\"@id\":\"https:\/\/grupnexus.com\/es\/#\/schema\/person\/e766a805d9eadac3ecbb8c0d3dcd3355\",\"name\":\"Nexus\",\"image\":{\"@type\":\"ImageObject\",\"@id\":\"https:\/\/grupnexus.com\/es\/#personlogo\",\"inLanguage\":\"es\",\"url\":\"https:\/\/secure.gravatar.com\/avatar\/8d9fa4540dd1ce6a7ed07044eb5f16c9?s=96&d=mm&r=g\",\"contentUrl\":\"https:\/\/secure.gravatar.com\/avatar\/8d9fa4540dd1ce6a7ed07044eb5f16c9?s=96&d=mm&r=g\",\"caption\":\"Nexus\"}}]}<\/script>\n<!-- \/ Yoast SEO plugin. -->","yoast_head_json":{"title":"Dec\u00e1logo de la depilaci\u00f3n m\u00e9dica l\u00e1ser","robots":{"index":"index","follow":"follow","max-snippet":"max-snippet:-1","max-image-preview":"max-image-preview:large","max-video-preview":"max-video-preview:-1"},"canonical":"https:\/\/grupnexus.com\/es\/decalogo-de-la-depilacion-medica-laser\/","og_locale":"es_ES","og_type":"article","og_title":"Dec\u00e1logo de la depilaci\u00f3n m\u00e9dica l\u00e1ser","og_description":"1.- Busque un centro con un m\u00e9dico responsable. Un m\u00e9dico con nombres y apellidos, especialista en este \u00e1mbito, al que pueda dirigirse a \u00e9l cuando lo necesite y del que tenga la certeza de que supervisa su tratamiento. Adem\u00e1s, en algunos casos el exceso de pelo puede obedecer a trastornos hormonales o ginecol\u00f3gicos, y solamente...","og_url":"https:\/\/grupnexus.com\/es\/decalogo-de-la-depilacion-medica-laser\/","og_site_name":"Cl\u00ednica Nexus","article_published_time":"2016-01-26T08:58:18+00:00","article_modified_time":"2016-01-26T09:14:22+00:00","og_image":[{"width":1536,"height":1044,"url":"https:\/\/i0.wp.com\/grupnexus.com\/wp-content\/uploads\/0.Dec\u00e0leg-Dep-L\u00e0ser-M\u00e8dica.jpg?fit=1536%2C1044&ssl=1","type":"image\/jpeg"}],"twitter_card":"summary","twitter_misc":{"Escrito por":"Nexus","Tiempo de lectura":"3 minutos"},"schema":{"@context":"https:\/\/schema.org","@graph":[{"@type":"WebSite","@id":"https:\/\/grupnexus.com\/es\/#website","url":"https:\/\/grupnexus.com\/es\/","name":"Cl\u00ednica Nexus","description":"L\u00edders en Medicina Est\u00e8tica Avan\u00e7ada","potentialAction":[{"@type":"SearchAction","target":{"@type":"EntryPoint","urlTemplate":"https:\/\/grupnexus.com\/es\/?s={search_term_string}"},"query-input":"required name=search_term_string"}],"inLanguage":"es"},{"@type":"ImageObject","@id":"https:\/\/grupnexus.com\/es\/decalogo-de-la-depilacion-medica-laser\/#primaryimage","inLanguage":"es","url":"https:\/\/grupnexus.com\/wp-content\/uploads\/0.Dec\u00e0leg-Dep-L\u00e0ser-M\u00e8dica.jpg","contentUrl":"https:\/\/grupnexus.com\/wp-content\/uploads\/0.Dec\u00e0leg-Dep-L\u00e0ser-M\u00e8dica.jpg","width":1536,"height":1044},{"@type":"WebPage","@id":"https:\/\/grupnexus.com\/es\/decalogo-de-la-depilacion-medica-laser\/#webpage","url":"https:\/\/grupnexus.com\/es\/decalogo-de-la-depilacion-medica-laser\/","name":"Dec\u00e1logo de la depilaci\u00f3n m\u00e9dica l\u00e1ser","isPartOf":{"@id":"https:\/\/grupnexus.com\/es\/#website"},"primaryImageOfPage":{"@id":"https:\/\/grupnexus.com\/es\/decalogo-de-la-depilacion-medica-laser\/#primaryimage"},"datePublished":"2016-01-26T08:58:18+00:00","dateModified":"2016-01-26T09:14:22+00:00","author":{"@id":"https:\/\/grupnexus.com\/es\/#\/schema\/person\/e766a805d9eadac3ecbb8c0d3dcd3355"},"breadcrumb":{"@id":"https:\/\/grupnexus.com\/es\/decalogo-de-la-depilacion-medica-laser\/#breadcrumb"},"inLanguage":"es","potentialAction":[{"@type":"ReadAction","target":["https:\/\/grupnexus.com\/es\/decalogo-de-la-depilacion-medica-laser\/"]}]},{"@type":"BreadcrumbList","@id":"https:\/\/grupnexus.com\/es\/decalogo-de-la-depilacion-medica-laser\/#breadcrumb","itemListElement":[{"@type":"ListItem","position":1,"name":"Portada","item":"https:\/\/grupnexus.com\/es\/"},{"@type":"ListItem","position":2,"name":"Dec\u00e1logo de la depilaci\u00f3n m\u00e9dica l\u00e1ser"}]},{"@type":"Person","@id":"https:\/\/grupnexus.com\/es\/#\/schema\/person\/e766a805d9eadac3ecbb8c0d3dcd3355","name":"Nexus","image":{"@type":"ImageObject","@id":"https:\/\/grupnexus.com\/es\/#personlogo","inLanguage":"es","url":"https:\/\/secure.gravatar.com\/avatar\/8d9fa4540dd1ce6a7ed07044eb5f16c9?s=96&d=mm&r=g","contentUrl":"https:\/\/secure.gravatar.com\/avatar\/8d9fa4540dd1ce6a7ed07044eb5f16c9?s=96&d=mm&r=g","caption":"Nexus"}}]}},"_links":{"self":[{"href":"https:\/\/grupnexus.com\/es\/wp-json\/wp\/v2\/posts\/9932"}],"collection":[{"href":"https:\/\/grupnexus.com\/es\/wp-json\/wp\/v2\/posts"}],"about":[{"href":"https:\/\/grupnexus.com\/es\/wp-json\/wp\/v2\/types\/post"}],"author":[{"embeddable":true,"href":"https:\/\/grupnexus.com\/es\/wp-json\/wp\/v2\/users\/5"}],"replies":[{"embeddable":true,"href":"https:\/\/grupnexus.com\/es\/wp-json\/wp\/v2\/comments?post=9932"}],"version-history":[{"count":0,"href":"https:\/\/grupnexus.com\/es\/wp-json\/wp\/v2\/posts\/9932\/revisions"}],"wp:featuredmedia":[{"embeddable":true,"href":"https:\/\/grupnexus.com\/es\/wp-json\/wp\/v2\/media\/9929"}],"wp:attachment":[{"href":"https:\/\/grupnexus.com\/es\/wp-json\/wp\/v2\/media?parent=9932"}],"wp:term":[{"taxonomy":"category","embeddable":true,"href":"https:\/\/grupnexus.com\/es\/wp-json\/wp\/v2\/categories?post=9932"},{"taxonomy":"post_tag","embeddable":true,"href":"https:\/\/grupnexus.com\/es\/wp-json\/wp\/v2\/tags?post=9932"}],"curies":[{"name":"wp","href":"https:\/\/api.w.org\/{rel}","templated":true}]}}