{"id":9997,"date":"2016-01-02T10:28:20","date_gmt":"2016-01-02T08:28:20","guid":{"rendered":"http:\/\/www.grupnexus.com\/es\/?p=9997"},"modified":"2016-07-13T20:49:41","modified_gmt":"2016-07-13T18:49:41","slug":"tratamientos-medico-esteticos-para-este-ano-nuevo","status":"publish","type":"post","link":"https:\/\/grupnexus.com\/es\/tratamientos-medico-esteticos-para-este-ano-nuevo\/","title":{"rendered":"Tratamientos medico-est\u00e9ticos para este a\u00f1o nuevo"},"content":{"rendered":"<p>No busques m\u00e1s excusas, ahora es el momento ideal para iniciar tu puesta a punto y emprender aquellos tratamientos m\u00e9dico-est\u00e9ticos que hace tiempo que te has propuesto hacer y no encuentras nunca el momento de emprender. Este 2016, haz realidad tus nuevos prop\u00f3sitos de belleza con Cl\u00ednica Nexus, juntos lograremos cumplir tus objetivos con nuestros m\u00e9todos de vanguardia.<\/p>\n<p>&nbsp;<\/p>\n<p><img loading=\"lazy\" class=\"alignnone wp-image-10001 size-full\" src=\"https:\/\/grupnexus.com\/wp-content\/uploads\/pronokal.jpg\" alt=\"pronokal\" width=\"600\" height=\"367\" srcset=\"https:\/\/grupnexus.com\/wp-content\/uploads\/pronokal.jpg 600w, https:\/\/grupnexus.com\/wp-content\/uploads\/pronokal-510x312.jpg 510w, https:\/\/grupnexus.com\/wp-content\/uploads\/pronokal-300x184.jpg 300w, https:\/\/grupnexus.com\/wp-content\/uploads\/pronokal-555x339.jpg 555w, https:\/\/grupnexus.com\/wp-content\/uploads\/pronokal-360x220.jpg 360w, https:\/\/grupnexus.com\/wp-content\/uploads\/pronokal-262x160.jpg 262w\" sizes=\"(max-width: 600px) 100vw, 600px\" \/><\/p>\n<p><strong>Dieta proteinada PRONOKAL<\/strong><\/p>\n<p><strong>Quieres perder peso en Lleida con la dieta Pronokal?<\/strong><\/p>\n<p>El m\u00e9todo Pronokal es un programa m\u00e9dico personalizado para lograr el adelgazamiento y el mantenimiento del peso a largo plazo, que se ha convertido en el referente dentro de su g\u00e9nero. El m\u00e9todo se basa en la dieta proteinada, es decir, en la aportaci\u00f3n de prote\u00ednas con alto valor biol\u00f3gico ajustadas a las necesidades del organismo junto con la ingesta baja en calor\u00edas, hidratos de carbono y casi sin grasas. De esta manera se conduce al paciente a una r\u00e1pida p\u00e9rdida de peso.<\/p>\n<p>&nbsp;<\/p>\n<p><img loading=\"lazy\" class=\"alignnone wp-image-10000 size-full\" src=\"https:\/\/grupnexus.com\/wp-content\/uploads\/greix.jpg\" alt=\"greix\" width=\"600\" height=\"367\" srcset=\"https:\/\/grupnexus.com\/wp-content\/uploads\/greix.jpg 600w, https:\/\/grupnexus.com\/wp-content\/uploads\/greix-510x312.jpg 510w, https:\/\/grupnexus.com\/wp-content\/uploads\/greix-300x184.jpg 300w, https:\/\/grupnexus.com\/wp-content\/uploads\/greix-555x339.jpg 555w, https:\/\/grupnexus.com\/wp-content\/uploads\/greix-360x220.jpg 360w, https:\/\/grupnexus.com\/wp-content\/uploads\/greix-262x160.jpg 262w\" sizes=\"(max-width: 600px) 100vw, 600px\" \/><\/p>\n<p><strong>ELIMINA LA GRASA LOCALIZADA<\/strong><\/p>\n<ul>\n<li><strong>Adipocit\u00f2lisi por intralipoterapia<\/strong><\/li>\n<\/ul>\n<p>Mediante la t\u00e9cnica de la intralipoterapia, se inyecta directamente en el tejido adiposo una soluci\u00f3n detergente que rompe el adipocito, la c\u00e9lula que almacena la grasa. Adem\u00e1s, la tumescencia que esta sustancia produce en el tejido adiposo, permite que la aplicaci\u00f3n posterior de ultrasonidos externos aumente su eficacia para producir una microcavitaci\u00f3n efectiva en este tejido, y por tanto, que ambos juntos consigan un efecto sin\u00e9rgico que no tiene parang\u00f3n con el resto de t\u00e9cnicas no quir\u00fargicas actuales para este fin, y que cuenta con la ventaja adicional de evitar la flacidez posterior y mejorar el aspecto y la textura de la piel.<\/p>\n<ul>\n<li><strong> Lipol\u00e1ser (Lipolite)<\/strong><\/li>\n<\/ul>\n<p>Lipolite representa la \u00faltima evoluci\u00f3n tecnol\u00f3gica de los equipos para tratamientos de lip\u00f3lisis mediante l\u00e1ser. Este sistema est\u00e1 dise\u00f1ado para destruir selectivamente las c\u00e9lulas de grasa de manera m\u00e1s efectiva.<\/p>\n<ul>\n<li><strong>Criolip\u00f3lisis m\u00e9dica<\/strong><\/li>\n<\/ul>\n<p>Procedimiento indoloro que se lleva a cabo con una temperatura a punto de congelaci\u00f3n, que se aplica a la superficie de la piel y sobre los tejidos afectados, y gracias a un proceso denominado apoptosis, las c\u00e9lulas de grasa disminuyen de forma natural.<\/p>\n<ul>\n<li><strong> Velashape III<\/strong><\/li>\n<\/ul>\n<p>Disponemos, en exclusiva en Lleida, del aparatolog\u00eda Velashape III consiste en la combinaci\u00f3n de luz infrarroja, radiofrecuencia y vacumterapia. Un innovador tratamiento de acci\u00f3n inmediata, c\u00f3modo, terap\u00e9utico y eficaz para el modelado corporal, eliminaci\u00f3n de celulitis y reafirmaci\u00f3n de la piel. El tratamiento m\u00e1s efectivo para combatir la celulitis en Lleida.<\/p>\n<p>&nbsp;<\/p>\n<p><img loading=\"lazy\" class=\"alignnone size-full wp-image-9999\" src=\"https:\/\/grupnexus.com\/wp-content\/uploads\/estries.jpg\" alt=\"estries\" width=\"600\" height=\"367\" srcset=\"https:\/\/grupnexus.com\/wp-content\/uploads\/estries.jpg 600w, https:\/\/grupnexus.com\/wp-content\/uploads\/estries-510x312.jpg 510w, https:\/\/grupnexus.com\/wp-content\/uploads\/estries-300x184.jpg 300w, https:\/\/grupnexus.com\/wp-content\/uploads\/estries-555x339.jpg 555w, https:\/\/grupnexus.com\/wp-content\/uploads\/estries-360x220.jpg 360w, https:\/\/grupnexus.com\/wp-content\/uploads\/estries-262x160.jpg 262w\" sizes=\"(max-width: 600px) 100vw, 600px\" \/><\/p>\n<p>&nbsp;<\/p>\n<p><strong>ESTR\u00cdAS Y CICATRICES<\/strong><\/p>\n<ul>\n<li><strong> PRP<\/strong><\/li>\n<\/ul>\n<p>Plasma rico en factores de crecimiento que aumenta la vascularizaci\u00f3n de la zona y el grosor de la piel, favorece la aparici\u00f3n de una piel nueva y disminuye los efectos sobre la oxidaci\u00f3n \u00a0celular, obteniendo unos magn\u00edficos resultados en estr\u00edas, cicatrices , acn\u00e9, alopecia, etc.<\/p>\n<ul>\n<li><strong>L\u00e1ser fraxelado y l\u00e1ser CO2 fraccional<\/strong><\/li>\n<\/ul>\n<p>Son, seg\u00fan los estudios, los tipos de l\u00e1ser m\u00e1s indicados para combatir las estr\u00edas, incluso las de tonalidad blanca. Tratamientos l\u00e1ser para estr\u00edas en Lleida.<\/p>\n<ul>\n<li><strong> Venus Viva<\/strong><\/li>\n<\/ul>\n<p>Disponemos, en exclusiva en Lleida, de la revolucionar\u00eda tecnolog\u00eda Venus Viva la que ofrece la soluci\u00f3n definitiva para eliminar las arrugas profundas, las cicatrices por acn\u00e9, los poros grandes, la textura desigual, las irregularidades de pigmentaci\u00f3n y estr\u00edas. Ofrece resultados superiores a trav\u00e9s de un proceso de calentamiento de la piel para una experiencia mejorada del paciente. Es seguro para todo tipo de piel, no invasivo y con resultados inmediatos.<\/p>\n<p>&nbsp;<\/p>\n<p><img loading=\"lazy\" class=\"alignnone size-full wp-image-10004\" src=\"https:\/\/grupnexus.com\/wp-content\/uploads\/tatus.jpg\" alt=\"tatus\" width=\"600\" height=\"367\" srcset=\"https:\/\/grupnexus.com\/wp-content\/uploads\/tatus.jpg 600w, https:\/\/grupnexus.com\/wp-content\/uploads\/tatus-510x312.jpg 510w, https:\/\/grupnexus.com\/wp-content\/uploads\/tatus-300x184.jpg 300w, https:\/\/grupnexus.com\/wp-content\/uploads\/tatus-555x339.jpg 555w, https:\/\/grupnexus.com\/wp-content\/uploads\/tatus-360x220.jpg 360w, https:\/\/grupnexus.com\/wp-content\/uploads\/tatus-262x160.jpg 262w\" sizes=\"(max-width: 600px) 100vw, 600px\" \/><\/p>\n<p><strong>ELIMINAR MANCHAS Y TATUAJES<\/strong><\/p>\n<p><strong>Tratamientos l\u00e1ser en Lleida para eliminar manchas y tatuajes.<\/strong><\/p>\n<p>Elimina los tatuajes de cualquier color mediante la tecnolog\u00eda IPL y m\u00faltiples sistemas l\u00e1ser, solos o combinados, eliminamos pr\u00e1cticamente todas las lesiones pigmentadas benignas. La estrella es el l\u00e1ser TriVantage, l\u00e1ser de referencia a nivel mundial por su incomparable eficacia para el tratamiento de estas lesiones y la eliminaci\u00f3n de tatuajes de cualquier color. Esta t\u00e9cnica permite el tratamiento de lesiones pigmentadas benignas como: lentigos solares y seniles, manchas \u00abcaf\u00e9 con leche\u00bb, pecas, nevus, queratosis seborreicas y eliminaci\u00f3n de tatuajes.<\/p>\n<p>&nbsp;<\/p>\n<p><img loading=\"lazy\" class=\"alignnone size-full wp-image-10002\" src=\"https:\/\/grupnexus.com\/wp-content\/uploads\/varius.jpg\" alt=\"varius\" width=\"600\" height=\"367\" srcset=\"https:\/\/grupnexus.com\/wp-content\/uploads\/varius.jpg 600w, https:\/\/grupnexus.com\/wp-content\/uploads\/varius-510x312.jpg 510w, https:\/\/grupnexus.com\/wp-content\/uploads\/varius-300x184.jpg 300w, https:\/\/grupnexus.com\/wp-content\/uploads\/varius-555x339.jpg 555w, https:\/\/grupnexus.com\/wp-content\/uploads\/varius-360x220.jpg 360w, https:\/\/grupnexus.com\/wp-content\/uploads\/varius-262x160.jpg 262w\" sizes=\"(max-width: 600px) 100vw, 600px\" \/><\/p>\n<p><strong>TERAPIA FOTODIN\u00c1MICA DE VARICES<\/strong><\/p>\n<p>Con este nombre se describe un nuevo procedimiento para el tratamiento de las varicosidades de las extremidades inferiores que combina la escleroterapia qu\u00edmica tradicional y el l\u00e1ser Neodimio-Yag de 1064nm de longitud de onda. El procedimiento es totalmente ambulatorio y no incapacita al paciente de su actividad normal. No requiere ning\u00fan tipo de anestesia (o como m\u00e1ximo t\u00f3pica) y su tolerancia es excelente. El tratamiento se estructura en varias sesiones (cuatro horas de media) y el intervalo de estas es de aproximadamente dos meses.<\/p>\n<p>&nbsp;<\/p>\n<p><img loading=\"lazy\" class=\"alignnone size-full wp-image-10003\" src=\"https:\/\/grupnexus.com\/wp-content\/uploads\/laser.jpg\" alt=\"Depilaci\u00f3 m\u00e8dica l\u00e0ser\" width=\"600\" height=\"367\" srcset=\"https:\/\/grupnexus.com\/wp-content\/uploads\/laser.jpg 600w, https:\/\/grupnexus.com\/wp-content\/uploads\/laser-510x312.jpg 510w, https:\/\/grupnexus.com\/wp-content\/uploads\/laser-300x184.jpg 300w, https:\/\/grupnexus.com\/wp-content\/uploads\/laser-555x339.jpg 555w, https:\/\/grupnexus.com\/wp-content\/uploads\/laser-360x220.jpg 360w, https:\/\/grupnexus.com\/wp-content\/uploads\/laser-262x160.jpg 262w\" sizes=\"(max-width: 600px) 100vw, 600px\" \/><\/p>\n<p><strong>DEPILACI\u00d3N M\u00c9DICA L\u00c1SER<\/strong><\/p>\n<p>Cl\u00ednica Nexus dispone de todos los sistemas de efectividad contrastada y aprobados por la FDA para la depilaci\u00f3n l\u00e1ser permanente.<\/p>\n<p><strong>10 sistemas de depilaci\u00f3n l\u00e1ser m\u00e9dicos de vanguardia para un resultado 10!<\/strong><\/p>\n<p>&nbsp;<\/p>\n<ul>\n<li><strong> L\u00e1ser de Alejandrita de pulso largo (755nm)<\/strong><\/li>\n<\/ul>\n<p>Especialmente indicado en depilaci\u00f3n corporal de pieles claras, fototipo medio y facial, en general, sobre todo en el \u00e1rea peribucal. El l\u00e1ser m\u00e1s efectivo para el pelo fino.<\/p>\n<ul>\n<li><strong> L\u00e1ser de diodo (800-810nm)<\/strong><\/li>\n<\/ul>\n<p>Permite poder tratar fototipos altos (IV-V). Para el pelo medio o grueso exclusivamente.<\/p>\n<ul>\n<li><strong>L\u00e1ser de Neodimio-Yag de pulso largo (1.064nm)<\/strong><\/li>\n<\/ul>\n<p>Permite tratar fototipos altos sin riesgo de complicaciones. Especialmente indicado para la depilaci\u00f3n masculina y para algunos problemas como la pseudofoliculitis de la barba.<\/p>\n<p>M\u00e1s informaci\u00f3n en el art\u00edculo\u00a0<a href=\"https:\/\/grupnexus.com\/es\/10-sistemes-de-depilacio-laser-medic-davantguarda-per-a-un-resultat-10\/\">10 Sistemas de Depilaci\u00f3n L\u00e1ser M\u00e9dico de vanguardia para un resultado 10<\/a><\/p>\n<p>&nbsp;<\/p>\n<p>Quiz\u00e1s estabas buscando:<\/p>\n<p>Tratamientos m\u00e9dico-est\u00e9ticos Lleida, tratamientos est\u00e9ticos con l\u00e1ser Lleida, depilaci\u00f3n l\u00e1ser Lleida, tratamientos varices Lleida, eliminaci\u00f3n estr\u00edas Lleida, eliminar grasa localizada Lleida, tratamientos est\u00e9ticos Lleida<\/p>\n<p>&nbsp;<\/p>\n","protected":false},"excerpt":{"rendered":"<p>No busques m\u00e1s excusas, ahora es el momento ideal para iniciar tu puesta a punto y emprender aquellos tratamientos m\u00e9dico-est\u00e9ticos que hace tiempo que te has propuesto hacer y no encuentras nunca el momento de emprender. Este 2016, haz realidad tus nuevos prop\u00f3sitos de belleza con Cl\u00ednica Nexus, juntos lograremos cumplir tus objetivos con nuestros&#8230;<\/p>\n","protected":false},"author":5,"featured_media":10003,"comment_status":"closed","ping_status":"closed","sticky":false,"template":"","format":"standard","meta":[],"categories":[330],"tags":[343],"yoast_head":"<!-- This site is optimized with the Yoast SEO plugin v18.6 - https:\/\/yoast.com\/wordpress\/plugins\/seo\/ -->\n<title>Tratamientos m\u00e9dico-est\u00e9ticos Lleida Nexus\u00a0<\/title>\n<meta name=\"robots\" content=\"index, follow, max-snippet:-1, max-image-preview:large, max-video-preview:-1\" \/>\n<link rel=\"canonical\" href=\"https:\/\/grupnexus.com\/es\/tratamientos-medico-esteticos-para-este-ano-nuevo\/\" \/>\n<meta property=\"og:locale\" content=\"es_ES\" \/>\n<meta property=\"og:type\" content=\"article\" \/>\n<meta property=\"og:title\" content=\"Tratamientos m\u00e9dico-est\u00e9ticos Lleida Nexus\u00a0\" \/>\n<meta property=\"og:description\" content=\"No busques m\u00e1s excusas, ahora es el momento ideal para iniciar tu puesta a punto y emprender aquellos tratamientos m\u00e9dico-est\u00e9ticos que hace tiempo que te has propuesto hacer y no encuentras nunca el momento de emprender. Este 2016, haz realidad tus nuevos prop\u00f3sitos de belleza con Cl\u00ednica Nexus, juntos lograremos cumplir tus objetivos con nuestros...\" \/>\n<meta property=\"og:url\" content=\"https:\/\/grupnexus.com\/es\/tratamientos-medico-esteticos-para-este-ano-nuevo\/\" \/>\n<meta property=\"og:site_name\" content=\"Cl\u00ednica Nexus\" \/>\n<meta property=\"article:published_time\" content=\"2016-01-02T08:28:20+00:00\" \/>\n<meta property=\"article:modified_time\" content=\"2016-07-13T18:49:41+00:00\" \/>\n<meta property=\"og:image\" content=\"https:\/\/i0.wp.com\/grupnexus.com\/wp-content\/uploads\/laser.jpg?fit=600%2C367&#038;ssl=1\" \/>\n\t<meta property=\"og:image:width\" content=\"600\" \/>\n\t<meta property=\"og:image:height\" content=\"367\" \/>\n\t<meta property=\"og:image:type\" content=\"image\/jpeg\" \/>\n<meta name=\"twitter:card\" content=\"summary\" \/>\n<meta name=\"twitter:label1\" content=\"Escrito por\" \/>\n\t<meta name=\"twitter:data1\" content=\"Nexus\" \/>\n\t<meta name=\"twitter:label2\" content=\"Tiempo de lectura\" \/>\n\t<meta name=\"twitter:data2\" content=\"5 minutos\" \/>\n<script type=\"application\/ld+json\" class=\"yoast-schema-graph\">{\"@context\":\"https:\/\/schema.org\",\"@graph\":[{\"@type\":\"WebSite\",\"@id\":\"https:\/\/grupnexus.com\/es\/#website\",\"url\":\"https:\/\/grupnexus.com\/es\/\",\"name\":\"Cl\u00ednica Nexus\",\"description\":\"L\u00edders en Medicina Est\u00e8tica Avan\u00e7ada\",\"potentialAction\":[{\"@type\":\"SearchAction\",\"target\":{\"@type\":\"EntryPoint\",\"urlTemplate\":\"https:\/\/grupnexus.com\/es\/?s={search_term_string}\"},\"query-input\":\"required name=search_term_string\"}],\"inLanguage\":\"es\"},{\"@type\":\"ImageObject\",\"@id\":\"https:\/\/grupnexus.com\/es\/tratamientos-medico-esteticos-para-este-ano-nuevo\/#primaryimage\",\"inLanguage\":\"es\",\"url\":\"https:\/\/grupnexus.com\/wp-content\/uploads\/laser.jpg\",\"contentUrl\":\"https:\/\/grupnexus.com\/wp-content\/uploads\/laser.jpg\",\"width\":600,\"height\":367,\"caption\":\"Depilaci\u00f3 m\u00e8dica l\u00e0ser\"},{\"@type\":\"WebPage\",\"@id\":\"https:\/\/grupnexus.com\/es\/tratamientos-medico-esteticos-para-este-ano-nuevo\/#webpage\",\"url\":\"https:\/\/grupnexus.com\/es\/tratamientos-medico-esteticos-para-este-ano-nuevo\/\",\"name\":\"Tratamientos m\u00e9dico-est\u00e9ticos Lleida Nexus\u00a0\",\"isPartOf\":{\"@id\":\"https:\/\/grupnexus.com\/es\/#website\"},\"primaryImageOfPage\":{\"@id\":\"https:\/\/grupnexus.com\/es\/tratamientos-medico-esteticos-para-este-ano-nuevo\/#primaryimage\"},\"datePublished\":\"2016-01-02T08:28:20+00:00\",\"dateModified\":\"2016-07-13T18:49:41+00:00\",\"author\":{\"@id\":\"https:\/\/grupnexus.com\/es\/#\/schema\/person\/e766a805d9eadac3ecbb8c0d3dcd3355\"},\"breadcrumb\":{\"@id\":\"https:\/\/grupnexus.com\/es\/tratamientos-medico-esteticos-para-este-ano-nuevo\/#breadcrumb\"},\"inLanguage\":\"es\",\"potentialAction\":[{\"@type\":\"ReadAction\",\"target\":[\"https:\/\/grupnexus.com\/es\/tratamientos-medico-esteticos-para-este-ano-nuevo\/\"]}]},{\"@type\":\"BreadcrumbList\",\"@id\":\"https:\/\/grupnexus.com\/es\/tratamientos-medico-esteticos-para-este-ano-nuevo\/#breadcrumb\",\"itemListElement\":[{\"@type\":\"ListItem\",\"position\":1,\"name\":\"Portada\",\"item\":\"https:\/\/grupnexus.com\/es\/\"},{\"@type\":\"ListItem\",\"position\":2,\"name\":\"Tratamientos medico-est\u00e9ticos para este a\u00f1o nuevo\"}]},{\"@type\":\"Person\",\"@id\":\"https:\/\/grupnexus.com\/es\/#\/schema\/person\/e766a805d9eadac3ecbb8c0d3dcd3355\",\"name\":\"Nexus\",\"image\":{\"@type\":\"ImageObject\",\"@id\":\"https:\/\/grupnexus.com\/es\/#personlogo\",\"inLanguage\":\"es\",\"url\":\"https:\/\/secure.gravatar.com\/avatar\/8d9fa4540dd1ce6a7ed07044eb5f16c9?s=96&d=mm&r=g\",\"contentUrl\":\"https:\/\/secure.gravatar.com\/avatar\/8d9fa4540dd1ce6a7ed07044eb5f16c9?s=96&d=mm&r=g\",\"caption\":\"Nexus\"}}]}<\/script>\n<!-- \/ Yoast SEO plugin. -->","yoast_head_json":{"title":"Tratamientos m\u00e9dico-est\u00e9ticos Lleida Nexus\u00a0","robots":{"index":"index","follow":"follow","max-snippet":"max-snippet:-1","max-image-preview":"max-image-preview:large","max-video-preview":"max-video-preview:-1"},"canonical":"https:\/\/grupnexus.com\/es\/tratamientos-medico-esteticos-para-este-ano-nuevo\/","og_locale":"es_ES","og_type":"article","og_title":"Tratamientos m\u00e9dico-est\u00e9ticos Lleida Nexus\u00a0","og_description":"No busques m\u00e1s excusas, ahora es el momento ideal para iniciar tu puesta a punto y emprender aquellos tratamientos m\u00e9dico-est\u00e9ticos que hace tiempo que te has propuesto hacer y no encuentras nunca el momento de emprender. Este 2016, haz realidad tus nuevos prop\u00f3sitos de belleza con Cl\u00ednica Nexus, juntos lograremos cumplir tus objetivos con nuestros...","og_url":"https:\/\/grupnexus.com\/es\/tratamientos-medico-esteticos-para-este-ano-nuevo\/","og_site_name":"Cl\u00ednica Nexus","article_published_time":"2016-01-02T08:28:20+00:00","article_modified_time":"2016-07-13T18:49:41+00:00","og_image":[{"width":600,"height":367,"url":"https:\/\/i0.wp.com\/grupnexus.com\/wp-content\/uploads\/laser.jpg?fit=600%2C367&ssl=1","type":"image\/jpeg"}],"twitter_card":"summary","twitter_misc":{"Escrito por":"Nexus","Tiempo de lectura":"5 minutos"},"schema":{"@context":"https:\/\/schema.org","@graph":[{"@type":"WebSite","@id":"https:\/\/grupnexus.com\/es\/#website","url":"https:\/\/grupnexus.com\/es\/","name":"Cl\u00ednica Nexus","description":"L\u00edders en Medicina Est\u00e8tica Avan\u00e7ada","potentialAction":[{"@type":"SearchAction","target":{"@type":"EntryPoint","urlTemplate":"https:\/\/grupnexus.com\/es\/?s={search_term_string}"},"query-input":"required name=search_term_string"}],"inLanguage":"es"},{"@type":"ImageObject","@id":"https:\/\/grupnexus.com\/es\/tratamientos-medico-esteticos-para-este-ano-nuevo\/#primaryimage","inLanguage":"es","url":"https:\/\/grupnexus.com\/wp-content\/uploads\/laser.jpg","contentUrl":"https:\/\/grupnexus.com\/wp-content\/uploads\/laser.jpg","width":600,"height":367,"caption":"Depilaci\u00f3 m\u00e8dica l\u00e0ser"},{"@type":"WebPage","@id":"https:\/\/grupnexus.com\/es\/tratamientos-medico-esteticos-para-este-ano-nuevo\/#webpage","url":"https:\/\/grupnexus.com\/es\/tratamientos-medico-esteticos-para-este-ano-nuevo\/","name":"Tratamientos m\u00e9dico-est\u00e9ticos Lleida Nexus\u00a0","isPartOf":{"@id":"https:\/\/grupnexus.com\/es\/#website"},"primaryImageOfPage":{"@id":"https:\/\/grupnexus.com\/es\/tratamientos-medico-esteticos-para-este-ano-nuevo\/#primaryimage"},"datePublished":"2016-01-02T08:28:20+00:00","dateModified":"2016-07-13T18:49:41+00:00","author":{"@id":"https:\/\/grupnexus.com\/es\/#\/schema\/person\/e766a805d9eadac3ecbb8c0d3dcd3355"},"breadcrumb":{"@id":"https:\/\/grupnexus.com\/es\/tratamientos-medico-esteticos-para-este-ano-nuevo\/#breadcrumb"},"inLanguage":"es","potentialAction":[{"@type":"ReadAction","target":["https:\/\/grupnexus.com\/es\/tratamientos-medico-esteticos-para-este-ano-nuevo\/"]}]},{"@type":"BreadcrumbList","@id":"https:\/\/grupnexus.com\/es\/tratamientos-medico-esteticos-para-este-ano-nuevo\/#breadcrumb","itemListElement":[{"@type":"ListItem","position":1,"name":"Portada","item":"https:\/\/grupnexus.com\/es\/"},{"@type":"ListItem","position":2,"name":"Tratamientos medico-est\u00e9ticos para este a\u00f1o nuevo"}]},{"@type":"Person","@id":"https:\/\/grupnexus.com\/es\/#\/schema\/person\/e766a805d9eadac3ecbb8c0d3dcd3355","name":"Nexus","image":{"@type":"ImageObject","@id":"https:\/\/grupnexus.com\/es\/#personlogo","inLanguage":"es","url":"https:\/\/secure.gravatar.com\/avatar\/8d9fa4540dd1ce6a7ed07044eb5f16c9?s=96&d=mm&r=g","contentUrl":"https:\/\/secure.gravatar.com\/avatar\/8d9fa4540dd1ce6a7ed07044eb5f16c9?s=96&d=mm&r=g","caption":"Nexus"}}]}},"_links":{"self":[{"href":"https:\/\/grupnexus.com\/es\/wp-json\/wp\/v2\/posts\/9997"}],"collection":[{"href":"https:\/\/grupnexus.com\/es\/wp-json\/wp\/v2\/posts"}],"about":[{"href":"https:\/\/grupnexus.com\/es\/wp-json\/wp\/v2\/types\/post"}],"author":[{"embeddable":true,"href":"https:\/\/grupnexus.com\/es\/wp-json\/wp\/v2\/users\/5"}],"replies":[{"embeddable":true,"href":"https:\/\/grupnexus.com\/es\/wp-json\/wp\/v2\/comments?post=9997"}],"version-history":[{"count":0,"href":"https:\/\/grupnexus.com\/es\/wp-json\/wp\/v2\/posts\/9997\/revisions"}],"wp:featuredmedia":[{"embeddable":true,"href":"https:\/\/grupnexus.com\/es\/wp-json\/wp\/v2\/media\/10003"}],"wp:attachment":[{"href":"https:\/\/grupnexus.com\/es\/wp-json\/wp\/v2\/media?parent=9997"}],"wp:term":[{"taxonomy":"category","embeddable":true,"href":"https:\/\/grupnexus.com\/es\/wp-json\/wp\/v2\/categories?post=9997"},{"taxonomy":"post_tag","embeddable":true,"href":"https:\/\/grupnexus.com\/es\/wp-json\/wp\/v2\/tags?post=9997"}],"curies":[{"name":"wp","href":"https:\/\/api.w.org\/{rel}","templated":true}]}}